{"id":238108,"date":"2025-07-09T17:24:11","date_gmt":"2025-07-09T17:24:11","guid":{"rendered":"https:\/\/www.europesays.com\/fr\/238108\/"},"modified":"2025-07-09T17:24:11","modified_gmt":"2025-07-09T17:24:11","slug":"trois-solutions-pour-sen-debarrasser-sans-ceder-a-la-panique","status":"publish","type":"post","link":"https:\/\/www.europesays.com\/fr\/238108\/","title":{"rendered":"trois solutions pour s\u2019en d\u00e9barrasser sans c\u00e9der \u00e0 la panique"},"content":{"rendered":"<p>Les punaises de lit sont de redoutables ennemis. Il n\u2019est pas facile de s\u2019en d\u00e9faire. Mais des solutions existent. Le sp\u00e9cialiste Jean-Mathieu Piquionne travaille depuis un an dans la soci\u00e9t\u00e9 Anticimex France, qui lutte contre les nuisibles comme les punaises de lit. Lui intervient sur sept d\u00e9partements, dont le Rh\u00f4ne. Pour le Progr\u00e8s , l\u2019expert pr\u00e9conise les bons r\u00e9flexes \u00e0 adopter en cas d\u2019invasion, mais d\u00e9construit \u00e9galement les id\u00e9es re\u00e7ues sur ces insectes.<\/p>\n<p>Reconna\u00eetre les premiers signes<\/p>\n<p><a href=\"https:\/\/www.leprogres.fr\/societe\/2025\/01\/18\/je-dors-sous-antidepresseur-lui-et-sa-famille-sont-envahis-de-punaises-de-lit\" target=\"_blank\" rel=\"nofollow noopener\">Les punaises de lit<\/a> ont un besoin vital\u00a0: le sang. Plus elles se nourrissent, plus elles pondent, jusqu\u2019\u00e0 350 \u0153ufs. La chaleur acc\u00e9l\u00e8re tout\u00a0: elles&#8230;<\/p>\n","protected":false},"excerpt":{"rendered":"Les punaises de lit sont de redoutables ennemis. Il n\u2019est pas facile de s\u2019en d\u00e9faire. Mais des solutions&hellip;\n","protected":false},"author":2,"featured_media":238109,"comment_status":"","ping_status":"","sticky":false,"template":"","format":"standard","meta":{"footnotes":""},"categories":[1889],"tags":[1111,11,2430,2757,1777,674,107,1011,27,1908,2428,2756,12,25,2429,273,104],"class_list":{"0":"post-238108","1":"post","2":"type-post","3":"status-publish","4":"format-standard","5":"has-post-thumbnail","7":"category-lyon","8":"tag-actu","9":"tag-actualites","10":"tag-auvergne-rhone-alpes","11":"tag-edition-lyon-villeurbanne","12":"tag-eu","13":"tag-europe","14":"tag-fil-info","15":"tag-fr","16":"tag-france","17":"tag-logement","18":"tag-lyon","19":"tag-lyon-bassin","20":"tag-news","21":"tag-republique-francaise","22":"tag-rhone","23":"tag-selection-de-la-redaction","24":"tag-societe"},"share_on_mastodon":{"url":"https:\/\/pubeurope.com\/@fr\/114824443826055307","error":""},"_links":{"self":[{"href":"https:\/\/www.europesays.com\/fr\/wp-json\/wp\/v2\/posts\/238108","targetHints":{"allow":["GET"]}}],"collection":[{"href":"https:\/\/www.europesays.com\/fr\/wp-json\/wp\/v2\/posts"}],"about":[{"href":"https:\/\/www.europesays.com\/fr\/wp-json\/wp\/v2\/types\/post"}],"author":[{"embeddable":true,"href":"https:\/\/www.europesays.com\/fr\/wp-json\/wp\/v2\/users\/2"}],"replies":[{"embeddable":true,"href":"https:\/\/www.europesays.com\/fr\/wp-json\/wp\/v2\/comments?post=238108"}],"version-history":[{"count":0,"href":"https:\/\/www.europesays.com\/fr\/wp-json\/wp\/v2\/posts\/238108\/revisions"}],"wp:featuredmedia":[{"embeddable":true,"href":"https:\/\/www.europesays.com\/fr\/wp-json\/wp\/v2\/media\/238109"}],"wp:attachment":[{"href":"https:\/\/www.europesays.com\/fr\/wp-json\/wp\/v2\/media?parent=238108"}],"wp:term":[{"taxonomy":"category","embeddable":true,"href":"https:\/\/www.europesays.com\/fr\/wp-json\/wp\/v2\/categories?post=238108"},{"taxonomy":"post_tag","embeddable":true,"href":"https:\/\/www.europesays.com\/fr\/wp-json\/wp\/v2\/tags?post=238108"}],"curies":[{"name":"wp","href":"https:\/\/api.w.org\/{rel}","templated":true}]}}