{"id":23811,"date":"2025-04-14T07:01:13","date_gmt":"2025-04-14T07:01:13","guid":{"rendered":"https:\/\/www.europesays.com\/fr\/23811\/"},"modified":"2025-04-14T07:01:13","modified_gmt":"2025-04-14T07:01:13","slug":"marathon-de-paris-courir-le-peripherique-en-2026-pour-inventer-de-nouveaux-imaginaires-2","status":"publish","type":"post","link":"https:\/\/www.europesays.com\/fr\/23811\/","title":{"rendered":"Marathon de Paris\u00a0: \u00ab\u00a0Courir le p\u00e9riph\u00e9rique en 2026 pour inventer de nouveaux imaginaires\u00a0\u00bb"},"content":{"rendered":"<p>        <img decoding=\"async\" loading=\"lazy\" src=\"https:\/\/www.europesays.com\/fr\/wp-content\/uploads\/2025\/04\/13cb2bf_sirius-fs-upload-1-kfwi4i22lw28-1744371736348-000-327j4et.jpg\"  width=\"728\" height=\"465\" alt=\"Runners compete in front of the Eiffel Tower during the 46th edition of the Paris Marathon, 42,195 km, on April 3, 2022. (Photo by Sameer Al-DOUMY \/ AFP)\"\/>  <\/p>\n<p>SAMEER AL-DOUMY \/ AFP<\/p>\n<p>Runners compete in front of the Eiffel Tower during the 46th edition of the Paris Marathon, 42,195 km, on April 3, 2022. (Photo by Sameer Al-DOUMY \/ AFP)<\/p>\n<p class=\"asset asset-text\">TRIBUNE &#8211; En 2026, <a href=\"https:\/\/www.huffingtonpost.fr\/france\/article\/meteo-a-paris-il-n-avait-jamais-fait-aussi-chaud-aussi-tot-dans-l-annee_248430.html\" target=\"_blank\" rel=\"noopener\">Paris<\/a> accueillera la 50e \u00e9dition de son <a href=\"https:\/\/www.huffingtonpost.fr\/jo-paris-2024\/video\/au-marathon-pour-tous-des-jo-de-paris-les-celebrites-etaient-aussi-au-rendez-vous_238256.html\" target=\"_blank\" rel=\"noopener\">marathon.<\/a> Un \u00e9v\u00e9nement populaire, sportif et festif qui rassemble depuis 1976 des dizaines de milliers de coureuses et coureurs venus du monde entier pour arpenter les rues et les bois de la capitale.<\/p>\n<p class=\"asset asset-text\">\u00c0 cette occasion, je souhaite proposer un geste fort\u00a0: organiser le marathon de Paris sur <a href=\"https:\/\/www.huffingtonpost.fr\/france\/article\/sur-le-peripherique-a-paris-l-ex-voie-olympique-trouve-une-nouvelle-utilite-a-partir-de-ce-lundi-3-mars_246904.html\" target=\"_blank\" rel=\"noopener\">le boulevard p\u00e9riph\u00e9rique parisien<\/a>. Ceinture grise, anneau de vitesse, cicatrice m\u00e9tropolitaine\u00a0: les mots manquent rarement pour d\u00e9signer cette infrastructure qui, chaque jour, transporte plus d\u2019un million de v\u00e9hicules mais enferme aussi la capitale dans ses limites d\u2019hier.<\/p>\n<p class=\"asset asset-text\"><a href=\"https:\/\/www.huffingtonpost.fr\/jo-paris-2024\/article\/marathon-pour-tous-a-paris-les-conseils-de-preparation-et-signes-avant-coureurs-pour-eviter-l-accident_238188.html\" target=\"_blank\" rel=\"noopener\">Faire courir les 42,195 kilom\u00e8tres mythiques du marathon<\/a> sur cette ceinture routi\u00e8re construite il y a plus de 50\u00a0ans, c\u2019est bien plus qu\u2019un d\u00e9fi logistique ou sportif. C\u2019est un geste politique et urbain. \u00c0 l\u2019heure o\u00f9 Paris et sa m\u00e9tropole doivent affronter ensemble les d\u00e9fis du si\u00e8cle &#8211; la crise climatique, les in\u00e9galit\u00e9s territoriales, la pollution, la qu\u00eate de nature et de respiration &#8211; il nous faut renverser les imaginaires et oser de nouveaux r\u00e9cits urbains. Le <a href=\"https:\/\/www.huffingtonpost.fr\/sport\/article\/confines-ils-ont-couru-le-marathon-de-paris-en-interieur_162249.html\" target=\"_blank\" rel=\"noopener\">marathon<\/a> est un merveilleux levier pour cela. Il s\u2019inscrirait dans une ambition concr\u00e8te et n\u00e9cessaire\u00a0: transformer le p\u00e9riph\u00e9rique en un espace partag\u00e9, apais\u00e9, v\u00e9g\u00e9talis\u00e9 \u2014 un lieu de respiration et non plus d\u2019asphyxie.<\/p>\n<p class=\"asset asset-text\">D\u00e9j\u00e0, des premi\u00e8res transformations ont \u00e9t\u00e9 engag\u00e9es\u00a0: baisse de la vitesse \u00e0 50\u00a0km\/h, d\u00e9veloppement d\u2019une voie r\u00e9serv\u00e9e au covoiturage, v\u00e9g\u00e9talisation de ses abords. Mais il faut aller plus loin. Je propose qu\u2019\u00e0 l\u2019horizon 2035, le p\u00e9riph\u00e9rique devienne un v\u00e9ritable boulevard m\u00e9tropolitain.<\/p>\n<p class=\"asset asset-text\">R\u00e9\u00e9quilibrage de la place des diff\u00e9rents modes de transport, r\u00e9duction du bruit, cr\u00e9ation de nouvelles passerelles et travers\u00e9es pi\u00e9tonnes et cyclables entre Paris et les communes voisines sont autant de projets \u00e0 mener pour y parvenir.<\/p>\n<p>    Que le marathon devienne celui du Grand Paris    <\/p>\n<p class=\"asset asset-text\">Pour pr\u00e9figurer cette \u00e9volution, le marathon de Paris pourrait ainsi devenir v\u00e9ritablement le marathon du Grand Paris\u00a0! Il nous permettra de construire un nouvel imaginaire, un nouveau r\u00f4le pour le P\u00e9riph\u00e9rique\u00a0: non plus une fronti\u00e8re, mais un trait d\u2019union, entre Paris et ce qui l\u2019entoure.<\/p>\n<p class=\"asset asset-text\">Au fond, cette id\u00e9e n\u2019est pas seulement celle d\u2019un \u00e9v\u00e9nement sportif. C\u2019est une vision de l\u2019avenir de Paris et de la m\u00e9tropole. Une ville qui ne se replie pas sur elle-m\u00eame, mais qui ouvre ses espaces, qui m\u00e9lange les usages, qui fait dialoguer les territoires. Le sport joue un r\u00f4le tout \u00e0 fait singulier dans cette perspective. C\u2019est un langage universel qui efface les fronti\u00e8res, rassemble les corps et les esprits, et r\u00e9invente l\u2019espace commun comme un lieu de rencontre, d\u2019\u00e9galit\u00e9 et d\u2019appartenance collective. Nous avons pu pleinement le constater <a href=\"https:\/\/www.huffingtonpost.fr\/jo-paris-2024\/article\/les-createurs-de-la-vasque-olympique-des-jo-2024-recompenses-par-ce-concours-prestigieux_248037.html\" target=\"_blank\" rel=\"noopener\">lors des Jeux Olympiques et Paralympiques \u00e0 l\u2019\u00e9t\u00e9 2024<\/a>.<\/p>\n<blockquote><p>\u00ab\u00a0Comme la Seine est redevenue un fleuve o\u00f9 l\u2019on se baigne, le P\u00e9riph\u00e9rique doit devenir un lieu que l\u2019on traverse \u00e0 pied, \u00e0 v\u00e9lo, en courant.\u00a0\u00bb Emmanuel Gr\u00e9goire, d\u00e9put\u00e9 PS et candidat \u00e0 la mairie de Paris<\/p><\/blockquote>\n<p class=\"asset asset-text\">Paris est devenue une v\u00e9ritable ville de sport. Une ville de coureuses et de coureurs, qui chaque matin et chaque soir se r\u00e9approprient ses quais, ses bois, <a href=\"https:\/\/www.huffingtonpost.fr\/environnement\/article\/la-creation-de-500-nouvelles-rues-jardin-a-paris-approuvee-par-la-votation-citoyenne_247844.html\" target=\"_blank\" rel=\"noopener\">ses rues lib\u00e9r\u00e9es des voitures<\/a>. Courir \u00e0 Paris, c\u2019est d\u00e9j\u00e0 un acte urbain. C\u2019est dire que l\u2019espace public appartient \u00e0 toutes et \u00e0 tous. C\u2019est r\u00e9affirmer que la ville n\u2019est pas un d\u00e9cor fig\u00e9 mais un terrain de jeu, un lieu d\u2019expression libre et populaire.<\/p>\n<p class=\"asset asset-text\">Demain, nous n\u2019habiterons plus nos villes comme hier. Nous les habiterons en mouvement, en partage, en respect de l\u2019air que nous respirons et du sol que nous foulons. Comme la Seine est redevenue un fleuve o\u00f9 l\u2019on se baigne, le P\u00e9riph\u00e9rique doit devenir un lieu que l\u2019on traverse \u00e0 pied, \u00e0 v\u00e9lo, en courant. Un espace que l\u2019on s\u2019approprie, au service d\u2019une ville plus ouverte, plus respirable, plus humaine.<\/p>\n<p class=\"asset asset-text\">Faisons-en un lieu de m\u00e9moire et d\u2019avenir, un espace d\u2019exp\u00e9rimentation et de r\u00e9conciliation. Faisons en sorte que les enfants qui grandiront \u00e0 Paris ou en banlieue ne connaissent plus le p\u00e9riph\u00e9rique comme un mur, mais comme un horizon ouvert, respirable, traversable. En 2026, pour le 50e marathon de Paris, faisons courir la ville vers son futur. Un futur qui ne s\u00e9pare plus, mais qui relie. Un futur qui ne pollue plus, mais qui respire.<\/p>\n<p class=\"asset asset-text\"><strong>\u00c0 voir \u00e9galement sur Le HuffPost\u00a0:<\/strong><\/p>\n<p> La lecture de ce contenu est susceptible d\u2019entra\u00eener un d\u00e9p\u00f4t de cookies de la part de l\u2019op\u00e9rateur tiers qui l\u2019h\u00e9berge. Compte-tenu des choix que vous avez exprim\u00e9s en mati\u00e8re de d\u00e9p\u00f4t de cookies, nous avons bloqu\u00e9 l\u2019affichage de ce contenu. Si vous souhaitez y acc\u00e9der, vous devez accepter la cat\u00e9gorie de cookies \u201cContenus tiers\u201d en cliquant sur le bouton ci-dessous. <\/p>\n<p> Lire la Vid\u00e9o                        <\/p>\n","protected":false},"excerpt":{"rendered":"SAMEER AL-DOUMY \/ AFP Runners compete in front of the Eiffel Tower during the 46th edition of the&hellip;\n","protected":false},"author":2,"featured_media":23812,"comment_status":"","ping_status":"","sticky":false,"template":"","format":"standard","meta":{"footnotes":""},"categories":[1888],"tags":[1111,1928,11,1927,8186,1777,674,1011,27,7178,6463,3434,12,1926,626,1925,4013,25,517],"class_list":{"0":"post-23811","1":"post","2":"type-post","3":"status-publish","4":"format-standard","5":"has-post-thumbnail","7":"category-paris","8":"tag-actu","9":"tag-actu-paris","10":"tag-actualites","11":"tag-actualites-paris","12":"tag-emmanuel-gregoire","13":"tag-eu","14":"tag-europe","15":"tag-fr","16":"tag-france","17":"tag-marathon","18":"tag-marathon-de-paris","19":"tag-municipales-2026","20":"tag-news","21":"tag-news-paris","22":"tag-paris","23":"tag-paris-news","24":"tag-peripherique","25":"tag-republique-francaise","26":"tag-sport"},"share_on_mastodon":{"url":"https:\/\/pubeurope.com\/@fr\/114335035203644773","error":""},"_links":{"self":[{"href":"https:\/\/www.europesays.com\/fr\/wp-json\/wp\/v2\/posts\/23811","targetHints":{"allow":["GET"]}}],"collection":[{"href":"https:\/\/www.europesays.com\/fr\/wp-json\/wp\/v2\/posts"}],"about":[{"href":"https:\/\/www.europesays.com\/fr\/wp-json\/wp\/v2\/types\/post"}],"author":[{"embeddable":true,"href":"https:\/\/www.europesays.com\/fr\/wp-json\/wp\/v2\/users\/2"}],"replies":[{"embeddable":true,"href":"https:\/\/www.europesays.com\/fr\/wp-json\/wp\/v2\/comments?post=23811"}],"version-history":[{"count":0,"href":"https:\/\/www.europesays.com\/fr\/wp-json\/wp\/v2\/posts\/23811\/revisions"}],"wp:featuredmedia":[{"embeddable":true,"href":"https:\/\/www.europesays.com\/fr\/wp-json\/wp\/v2\/media\/23812"}],"wp:attachment":[{"href":"https:\/\/www.europesays.com\/fr\/wp-json\/wp\/v2\/media?parent=23811"}],"wp:term":[{"taxonomy":"category","embeddable":true,"href":"https:\/\/www.europesays.com\/fr\/wp-json\/wp\/v2\/categories?post=23811"},{"taxonomy":"post_tag","embeddable":true,"href":"https:\/\/www.europesays.com\/fr\/wp-json\/wp\/v2\/tags?post=23811"}],"curies":[{"name":"wp","href":"https:\/\/api.w.org\/{rel}","templated":true}]}}