{"id":238112,"date":"2025-07-09T17:27:13","date_gmt":"2025-07-09T17:27:13","guid":{"rendered":"https:\/\/www.europesays.com\/fr\/238112\/"},"modified":"2025-07-09T17:27:13","modified_gmt":"2025-07-09T17:27:13","slug":"jai-besoin-de-cet-exutoire","status":"publish","type":"post","link":"https:\/\/www.europesays.com\/fr\/238112\/","title":{"rendered":"J&rsquo;ai besoin de cet exutoire"},"content":{"rendered":"<p>            Par<br \/>\n        <strong><br \/>\n            <a href=\"https:\/\/actu.fr\/auteur\/augustin-delaporte\" title=\"Consulter tous les articles de Augustin Delaporte\" target=\"_blank\" rel=\"noopener\">Augustin Delaporte<\/a><br \/>\n        <\/strong><\/p>\n<p>        Publi\u00e9 le<\/p>\n<p>            9 juil. 2025 \u00e0 18h16        <\/p>\n<p>\u00ab\u00a0Je n\u2019en avais jamais parl\u00e9 avant.\u00a0\u00bb Au Fitness Park rue Marcadet, \u00e0 Paris (18e), o\u00f9 les enceintes crachent un son qui sent bon les ann\u00e9es 2000 ce dr\u00f4le de lundi de juillet gris\u00e2tre et pluvieux, le <strong>s\u00e9nateur de 45 ans<\/strong> et ancien adjoint \u00e0 la maire de Paris en charge du logement, de l\u2019h\u00e9bergement d\u2019urgence et de la protection des r\u00e9fugi\u00e9s (entre 2014 \u00e0 2023), Ian Brossat, se confie aupr\u00e8s d\u2019actu Paris sur sa passion insoup\u00e7onn\u00e9e pour la musculation. De prime abord relativement terre \u00e0 terre, la pratique intensive du <a href=\"https:\/\/actu.fr\/ile-de-france\/paris_75056\/municipales-2026-a-paris-requisition-de-logements-vides-plus-de-policiers-les-priorites-de-ian-brossat_62098040.html\" target=\"_blank\" rel=\"noopener\">candidat communiste \u00e0 la mairie des Paris pour 2026<\/a> tisse en r\u00e9alit\u00e9 un fil entre ses ann\u00e9es au lyc\u00e9e, les projections de son p\u00e8re sur lui, un d\u00e9jeuner avec <strong>Bertrand Delano\u00eb<\/strong> et la n\u00e9cessit\u00e9 d\u2019avoir un exutoire lorsque l\u2019on a une vie professionnelle aussi remplie que la sienne.\u00a0<\/p>\n<p class=\" wall-content\"><strong>actu Paris : Sur WhatsApp, votre photo de profil r\u00e9v\u00e8le une facette de vous assez m\u00e9connue. On vous d\u00e9couvre musculeux, soulevant des halt\u00e8res \u00e0 la salle de sport. Qui a pris cette photo ?<\/strong><\/p>\n<p class=\" wall-content\"><strong>Ian Brossat :<\/strong> C\u2019est un pote qui travaille au Fitness Park Vincennes. Je l\u2019ai rejoint, il a pris la photo et me l\u2019a envoy\u00e9e (sourire).<\/p>\n<p class=\" wall-content\"><strong>actu Paris : Vous avez ensuite d\u00e9cid\u00e9 de la choisir comme photo de profil.\u00a0<\/strong><\/p>\n<p class=\" wall-content\"><strong>I.B :<\/strong> Sur WhatsApp, on peut mettre des choses un peu d\u00e9cal\u00e9es. \u00c7a m\u2019amusait, c\u2019\u00e9tait diff\u00e9rent des photos officielles\u2026 Je suis oblig\u00e9 de porter la cravate trois fois par semaine au <a href=\"https:\/\/actu.fr\/tag\/senat\" target=\"_blank\" rel=\"noopener\">S\u00e9nat<\/a>, \u00e7a change un peu.\u00a0<\/p>\n<blockquote class=\"ac-article-quote wall-content\">\n<p>J&rsquo;ai failli passer \u00e0 c\u00f4t\u00e9 de la mention tr\u00e8s bien au bac \u00e0 cause du sport<\/p>\n<p>    <strong>Ian Brossat<\/strong>\n            <\/p><\/blockquote>\n<p class=\" wall-content\"><strong>actu Paris : C\u2019est s\u00fbr\u2026 D\u2019autant qu\u2019on ne vous imagine pas aussi sculpt\u00e9 sous votre costume. C\u2019est une remarque qu\u2019on vous a d\u00e9j\u00e0 faite ?<\/strong><\/p>\n<p class=\" wall-content\"><strong>I.B :<\/strong> On me le dit, oui. Apr\u00e8s, je ne mets pas des costumes hyper serr\u00e9s parce que je n\u2019aime pas crever de chaud\u2026 Donc \u00e7a ne se voit pas.\u00a0<\/p>\n<p>    <img   decoding=\"async\" loading=\"lazy\" src=\"https:\/\/www.europesays.com\/fr\/wp-content\/uploads\/2025\/07\/img-5857-960x640.jpg\" alt=\"Ian-Brossat\" width=\"960\" height=\"640\"\/><br \/>\n    Le s\u00e9nateur encha\u00eene les r\u00e9p\u00e9titions au Fitness Park, rue Marcadet, lundi 7 juillet 2025. (\u00a9AD \/ actu Paris)<\/p>\n<p class=\" wall-content\"><strong>actu Paris : Pourquoi pratiquez-vous la musculation plut\u00f4t qu\u2019un autre sport ?<\/strong><\/p>\n<p class=\" wall-content\"><strong>I.B :<\/strong> C\u2019est un peu un concours de circonstances. J\u2019\u00e9tais nul en sport dans ma scolarit\u00e9. J\u2019\u00e9tais un litt\u00e9raire, plut\u00f4t branch\u00e9 sur les livres. D\u2019ailleurs, ma pire note au bac \u00e7a a \u00e9t\u00e9 le sport et c\u2019est \u00e0 cause de \u00e7a que j\u2019ai failli rater ma mention tr\u00e8s bien. \u00c0 cette \u00e9poque, c\u2019\u00e9tait pas mon truc, je l\u2019avais mis de c\u00f4t\u00e9. Mais c\u2019est rest\u00e9 dans un coin de ma t\u00eate, j\u2019avais une revanche \u00e0 prendre.\u00a0<\/p>\n<p class=\" wall-content\">[Des ann\u00e9es plus tard], en 2008, j\u2019ai \u00e9t\u00e9 \u00e9lu pr\u00e9sident communiste au <a href=\"https:\/\/actu.fr\/tag\/conseil-de-paris\" target=\"_blank\" rel=\"noopener\">Conseil de Paris<\/a>. Un jour, je d\u00e9jeune au restaurant Le Bouledogue, dans <a href=\"https:\/\/actu.fr\/tag\/le-marais\" target=\"_blank\" rel=\"noopener\">le Marais<\/a>, avec le maire, <a href=\"https:\/\/actu.fr\/ile-de-france\/paris_75056\/municipales-a-paris-chez-les-socialistes-bertrand-delanoe-a-fait-son-choix-et-ca-ne-plaira-a-anne-hidalgo_62410547.html\" target=\"_blank\" rel=\"noopener\">Bertrand Delano\u00eb<\/a>. Il voulait faire un point sur un certain nombre de sujets et notamment sur une interview que j\u2019avais faite et qu\u2019il n\u2019avait pas appr\u00e9ci\u00e9e. Il me dit : \u00ab\u00a0Arr\u00eate de montrer les muscles que, par ailleurs, tu n\u2019as pas\u00a0\u00bb. Sur le moment je n\u2019ai pas tilt\u00e9, mais c\u2019est rest\u00e9 dans ma t\u00eate comme une sorte de d\u00e9fi.<\/p>\n<p>    <img   decoding=\"async\" loading=\"lazy\" src=\"https:\/\/www.europesays.com\/fr\/wp-content\/uploads\/2025\/07\/img-5844-960x640.jpg\" alt=\"Ian-Brossat\" width=\"960\" height=\"640\"\/><br \/>\n    Ian Brossat s\u2019est pris de passion pour la musculation \u00e0 la sortie du Covid. (\u00a9AD \/ actu Paris)<\/p>\n<p class=\" wall-content\">Finalement, j\u2019ai fait la connaissance d\u2019un ami d\u2019ami, fan de muscu et qui bossait en salle. Il m\u2019a initi\u00e9 et c\u2019est comme \u00e7a que \u00e7a a commenc\u00e9. Avec le recul, je pense que les propos de Delano\u00eb, additionn\u00e9s \u00e0 mes ann\u00e9es de nullit\u00e9 en sport pendant le lyc\u00e9e, ont servi de d\u00e9clic, m\u00eame si \u00e7a a mis du temps.\u00a0\u00a0<\/p>\n<blockquote class=\"ac-article-quote wall-content\">\n<p>C&rsquo;est toujours un peu g\u00eanant quand la maire m&rsquo;appelle et qu&rsquo;il y a la musique de la salle en fond<\/p>\n<p>    <strong>Ian Brossat<\/strong>\n            <\/p><\/blockquote>\n<p class=\" wall-content\"><strong>actu Paris : Pendant votre scolarit\u00e9, d\u2019autres (professeurs, \u00e9l\u00e8ves) vous ont d\u00e9nigr\u00e9 comme Bertrand Delano\u00eb sur ce sujet ?<\/strong><\/p>\n<p class=\" wall-content\"><strong>I.B :<\/strong> Non, j\u2019ai eu des professeurs tr\u00e8s gentils, mais je n\u2019avais pas besoin qu\u2019on me le dise, j\u2019\u00e9tais nul, c\u2019est comme \u00e7a. Comme beaucoup d\u2019enfants, j\u2019ai \u00e9t\u00e9 marqu\u00e9 par le moment o\u00f9 l\u2019on constituait les \u00e9quipes\u2026 J\u2019\u00e9tais toujours le dernier \u00e0 \u00eatre pris. Mais j\u2019exag\u00e8rerais si je disais que \u00e7a m\u2019a traumatis\u00e9.\u00a0<\/p>\n<p class=\" wall-content\"><strong>actu Paris : Vous avez un peu commenc\u00e9 \u00e0 en parler tout \u00e0 l\u2019heure, mais pourquoi avoir choisi un sport solitaire plut\u00f4t que collectif ?<\/strong><\/p>\n<p class=\" wall-content\"><strong>I.B :<\/strong> Dans mon activit\u00e9, je suis tout le temps en pr\u00e9sence de gens et j\u2019aime \u00e7a, mais j\u2019ai aussi besoin de moments de respiration, pendant lesquels je suis seul avec ma musique. J\u2019ai besoin d\u2019un sas de solitude. La salle, \u00e7a me permet \u00e7a, m\u00eame si, une ou deux fois dans la semaine, j\u2019y vais avec des amis et que mon t\u00e9l\u00e9phone reste toujours allum\u00e9\u2026<\/p>\n<p class=\" wall-content\">Il m\u2019arrive de r\u00e9pondre \u00e0 des interviews ou de caler des choses avec mes collaborateurs. C\u2019est toujours un peu g\u00eanant, d\u2019ailleurs, quand <a href=\"https:\/\/actu.fr\/tag\/anne-hidalgo\" target=\"_blank\" rel=\"noopener\">la maire<\/a> m\u2019appelle ou que j\u2019ai coup de fil de coll\u00e8gues et qu\u2019il y a la musique de la salle en fond (rire).<\/p>\n<p>    <img   decoding=\"async\" loading=\"lazy\" src=\"https:\/\/www.europesays.com\/fr\/wp-content\/uploads\/2025\/07\/img-5871-960x640.jpg\" alt=\"Ian-Brossat\" width=\"960\" height=\"640\"\/><br \/>\n    L\u2019\u00e9lu communiste pianote sur son smartphone entre deux s\u00e9ries. (\u00a9AD \/ actu Paris)<\/p>\n<p class=\" wall-content\"><strong>actu Paris : Est-ce que le fait de vous \u00eatre mis \u00e0 la musculation vous permet aujourd\u2019hui d\u2019\u00eatre moins atteint par des petites piques ordinaires comme celle de Bertrand Delano\u00eb \u00e0 l\u2019\u00e9poque ?<\/strong><\/p>\n<p class=\" wall-content\"><strong>I.B :<\/strong> Je crois qu\u2019on se voit toujours comme on \u00e9tait avant. J\u2019ai chang\u00e9 de taille de chemise, mais dans le fond \u00e7a ne r\u00e8gle pas tout.\u00a0<\/p>\n<p class=\" wall-content\"><strong>actu Paris : Il vous arrive de pratiquer en ext\u00e9rieur ? De faire du <a href=\"https:\/\/actu.fr\/ile-de-france\/paris_75056\/c-est-devenu-un-business-avec-tiktok-a-paris-le-street-workout-de-bercy-pese-lourd_60854046.html\" target=\"_blank\" rel=\"noopener\">street workout<\/a> ?<br \/><\/strong><\/p>\n<p class=\" wall-content\"><strong>I.B :<\/strong> Non.\u00a0<\/p>\n<p class=\" wall-content\"><strong>actu Paris : Pourquoi ?\u00a0<\/strong><\/p>\n<p class=\" wall-content\"><strong>I. B :<\/strong> (Il r\u00e9fl\u00e9chit) Je ne saurais pas vous dire, je ne me suis jamais pos\u00e9 la question. En salle, j\u2019ai ma routine, je connais les machines, il y a les poids, il y a moins d\u2019al\u00e9as. Vu le rythme de mes journ\u00e9es, c\u2019est important d\u2019avoir une routine. Mes collaborateurs savent que j\u2019ai plus ou moins une heure par jour r\u00e9serv\u00e9e \u00e0 \u00e7a, pendant laquelle je n\u2019ai pas de rendez-vous. Dehors, il y a des al\u00e9as, la m\u00e9t\u00e9o\u2026\u00a0<\/p>\n<blockquote class=\"ac-article-quote wall-content\">\n<p>J&rsquo;ai besoin de cet exutoire<\/p>\n<p>    <strong>Ian Brossat<\/strong>\n            <\/p><\/blockquote>\n<p class=\" wall-content\"><strong>actu Paris : Vous vous entrainez \u00e0 quelle fr\u00e9quence ?<\/strong><\/p>\n<p class=\" wall-content\"><strong>I. B :<\/strong> Entre 50 minutes et une heure, cinq fois par semaine.\u00a0<\/p>\n<p class=\" wall-content\"><strong>actu Paris : Vous vous \u00eates d\u00e9j\u00e0 bless\u00e9 ?<\/strong><\/p>\n<p class=\" wall-content\"><strong>I. B :<\/strong> Il y a deux ans j\u2019ai eu quelque chose d\u2019assez p\u00e9nible : une capsulite. Je ne pouvais quasiment plus lever le bras droit. C\u2019\u00e9tait beaucoup de douleur, il a fallu m\u2019immobiliser l\u2019\u00e9paule\u2026 C\u2019\u00e9tait juste avant d\u2019\u00eatre \u00e9lu s\u00e9nateur. <a href=\"https:\/\/actu.fr\/ile-de-france\/paris_75056\/depart-de-trois-adjoints-au-senat-mercato-a-la-mairie-de-paris_60172174.html\" target=\"_blank\" rel=\"noopener\">Je quittais mon poste d\u2019adjoint au maire en charge du logement<\/a>, j\u2019en \u00e9tais assez triste et mon m\u00e9decin du sport est persuad\u00e9 que \u00e7a a \u00e9t\u00e9 l\u2019\u00e9l\u00e9ment d\u00e9clencheur, que c\u2019est \u00e0 cause du stress que je me suis bless\u00e9.<\/p>\n<p>    <img   decoding=\"async\" loading=\"lazy\" src=\"https:\/\/www.europesays.com\/fr\/wp-content\/uploads\/2025\/07\/img-5853-960x640.jpg\" alt=\"Ian-Brossat\" width=\"960\" height=\"640\"\/><br \/>\n    Ian Brossat reprend son souffle. (\u00a9AD \/ actu Paris)<\/p>\n<p class=\" wall-content\">C\u2019est une p\u00e9riode qui m\u2019a vraiment d\u00e9prim\u00e9 parce que je ne pouvais plus bouger\u2026 Mais en politique, on se doit de donner le change et puis il y a toujours plus grave, donc on ne peut pas se permettre \u00ab\u00a0de montrer\u00a0\u00bb. Avec le temps, j\u2019ai progressivement pu reprendre gr\u00e2ce \u00e0 deux supers kin\u00e9s qui m\u2019ont aid\u00e9 \u00e0 m\u2019en remettre. Ils m\u2019ont incit\u00e9 \u00e0 poursuivre avec le sport. Il a fallu que j\u2019en passe par du cardio, puis j\u2019ai petit \u00e0 petit repris la musculation.\u00a0<\/p>\n<p class=\" wall-content\">Aujourd\u2019hui, je fais plus d\u2019\u00e9chauffements, je fais aussi plus attention de mani\u00e8re g\u00e9n\u00e9rale. Mais c\u2019est l\u00e0 qu\u2019on se rend compte que le sport devient une esp\u00e8ce de drogue. Devoir m\u2019arr\u00eater \u00e7a m\u2019a vraiment traumatis\u00e9. J\u2019ai besoin de cet exutoire. Je sors peu, je ne vais jamais en bo\u00eete, je ne fume pas, je ne bois pas\u2026 Il me faut une activit\u00e9, autre chose que la politique.\u00a0<\/p>\n<blockquote class=\"ac-article-quote wall-content\">\n<p>Mon p\u00e8re voulait que je fasse du sport<\/p>\n<p>    <strong>Ian Brossat<\/strong>\n            <\/p><\/blockquote>\n<p class=\" wall-content\"><strong>actu Paris : Enfant, \u00e7a a \u00e9t\u00e9 quoi votre premier sport ?<\/strong><\/p>\n<p class=\" wall-content\"><strong>I. B :<\/strong> J\u2019ai fait du tennis et j\u2019\u00e9tais nul. Mon p\u00e8re voulait que je fasse du sport. Il faisait du foot tous les week-ends, je l\u2019accompagnais au parc de Sceaux quand j\u2019\u00e9tais gamin et moi, ils m\u2019ont inscrit au tennis. Mais j\u2019ai assez vite arr\u00eat\u00e9 et j\u2019ai fait du dessin.\u00a0<\/p>\n<p class=\" wall-content\"><strong>actu Paris : Vous \u00eates issu d\u2019une famille sportive ?<\/strong><\/p>\n<p class=\" wall-content\"><strong>I. B :<\/strong> J\u2019ai \u00e9t\u00e9 \u00e9lev\u00e9 en r\u00e9alit\u00e9 essentiellement par ma m\u00e8re. Mes parents \u00e9taient divorc\u00e9s et pour ma m\u00e8re \u00e7a n\u2019avait pas plus d\u2019importance que \u00e7a. Pour mon p\u00e8re, \u00e7a l\u2019\u00e9tait, mais il n\u2019a pas atteint son objectif tout de suite puisque je m\u2019y suis mis tard (rire). Il avait envie que je fasse du sport. Je pense qu\u2019il devait d\u00e9sesp\u00e9rer un peu\u2026 Mais je m\u2019y suis mis avec vingt ans de retard (sourire).\u00a0<\/p>\n<p>    <img   decoding=\"async\" loading=\"lazy\" src=\"https:\/\/www.europesays.com\/fr\/wp-content\/uploads\/2025\/07\/img-5850-960x640.jpg\" alt=\"Ian-Brossat\" width=\"960\" height=\"640\"\/><br \/>\n    Ian Brossat est le fils de Sylvia Klingberg, ancienne sociologue \u00e0 l\u2019INSERM et militante du groupe d\u2019extr\u00eame gauche isra\u00e9lien Matzpen ayant \u00e9migr\u00e9e en France dans les ann\u00e9es 1980. (\u00a9AD \/ actu Paris)<\/p>\n<p class=\" wall-content\"><strong>actu Paris : Cette fois, le choix venait de vous. Ce qui fait toute la diff\u00e9rence.<\/strong><\/p>\n<p class=\" wall-content\"><strong>I. B :<\/strong> Exactement.\u00a0<\/p>\n<blockquote class=\"ac-article-quote wall-content\">\n<p>C&rsquo;est une solitude relative, mais elle me fait du bien<\/p>\n<p>    <strong>Ian Brossat<\/strong>\n            <\/p><\/blockquote>\n<p class=\" wall-content\"><strong>actu Paris : Aujourd\u2019hui, qu\u2019est-ce que le sport repr\u00e9sente pour vous ? Vous avez parl\u00e9 d\u2019un \u00ab\u00a0exutoire\u00a0\u00bb, d\u2019un \u00ab\u00a0sas de solitude\u00a0\u00bb, c\u2019est aussi l\u2019occasion de se reconnecter \u00e0 ses sensations ? De ne pas \u00eatre que sur l\u2019intellect.<\/strong><\/p>\n<p class=\" wall-content\"><strong>I. B :<\/strong> C\u2019est un endroit o\u00f9 j\u2019\u00e9vacue le stress, o\u00f9 je me retrouve seul avec ma musique et o\u00f9 j\u2019essaie d\u2019un peu oublier le reste. M\u00eame si c\u2019est illusoire, parce que je re\u00e7ois quand m\u00eame des messages sur WhatsApp ou des coups de fil, qu\u2019il m\u2019arrive de croiser des gens que je connais dans la salle. C\u2019est une solitude relative, mais elle me fait du bien malgr\u00e9 tout.\u00a0<\/p>\n<p>    <img   decoding=\"async\" loading=\"lazy\" src=\"https:\/\/www.europesays.com\/fr\/wp-content\/uploads\/2025\/07\/img-5843-960x640.jpg\" alt=\"Ian-Brossat\" width=\"960\" height=\"640\"\/><br \/>\n    En 2008, Ian Brossat \u00e9tait devenu le plus jeune pr\u00e9sident de groupe du Conseil de Paris. (\u00a9AD \/ actu Paris)<\/p>\n<p class=\" wall-content\"><strong>actu Paris : On peut en savoir plus sur votre playlist ?<\/strong><\/p>\n<p class=\" wall-content\"><strong>I. B :<\/strong> Joker, c\u2019est la seule question \u00e0 laquelle je ne r\u00e9pondrai pas.\u00a0<\/p>\n<p class=\" wall-content\"><strong>actu Paris : Vous \u00eates matinal ou plut\u00f4t du soir ?<\/strong><\/p>\n<p class=\" wall-content\"><strong>I. B :<\/strong> C\u2019est rarement au m\u00eame moment, \u00e7a d\u00e9pend de mon emploi du temps. D\u00e8s que j\u2019ai une heure libre, je vais \u00e0 la salle. C\u2019est aussi l\u2019avantage d\u2019\u00eatre dans une cha\u00eene, que je sois \u00e0 Paris ou en d\u00e9placement, je peux trouver un Fitness Park \u00e0 proximit\u00e9.\u00a0<\/p>\n<blockquote class=\"ac-article-quote wall-content\">\n<p>Si je ne fais pas cinq s\u00e9ances par semaine, je culpabilise<\/p>\n<p>    <strong>Ian Brossat<\/strong>\n            <\/p><\/blockquote>\n<p class=\" wall-content\"><strong>actu Paris : C\u2019est donc assez central.\u00a0<\/strong><\/p>\n<p class=\" wall-content\"><strong>I. B :<\/strong> Totalement. Si je ne fais pas cinq s\u00e9ances par semaine, je culpabilise. M\u00eame pendant les vacances.\u00a0<\/p>\n<p class=\" wall-content\"><strong>actu Paris : \u00c0 quoi ressemble votre routine ici ?<\/strong><\/p>\n<p class=\" wall-content\"><strong>I. B :<\/strong> Je fais un ou deux groupes musculaires par s\u00e9ance et je tourne, ou j\u2019essaie de pallier des insuffisances. Par exemple, je faisais peu les trap\u00e8zes, donc je m\u2019y suis remis. Grossi\u00e8rement, je fais cinq exercices par s\u00e9ance et quatre s\u00e9ries \u00e0 chaque fois.\u00a0<\/p>\n<p class=\" wall-content\"><strong>actu Paris : Il y a un exercice qui vous fait plus souffrir que les autres ?\u00a0<\/strong><\/p>\n<p class=\" wall-content\"><strong>I. B :<\/strong> Je ne fais pas de d\u00e9velopp\u00e9 couch\u00e9 \u00e0 la barre. Je ne sais pas pourquoi, j\u2019ai un blocage psychologique. Du coup, je le fais avec des halt\u00e8res.\u00a0<\/p>\n<p>    <img   decoding=\"async\" loading=\"lazy\" src=\"https:\/\/www.europesays.com\/fr\/wp-content\/uploads\/2025\/07\/img-5865-960x640.jpg\" alt=\"Ian-Brossat\" width=\"960\" height=\"640\"\/><br \/>\n    L\u2019ancien adjoint au logement d\u2019Anne Hidalgo est le petit-fils d\u2019un scientifique isra\u00e9lien, agent du KGB. (\u00a9AD \/ actu Paris)<\/p>\n<p class=\" wall-content\"><strong>actu Paris : Pourquoi Fitness Park plut\u00f4t qu\u2019une autre cha\u00eene ?<\/strong><\/p>\n<p class=\" wall-content\"><strong>I. B :<\/strong> J\u2019avais des amis qui y travaillent donc c\u2019est comme \u00e7a que j\u2019y suis entr\u00e9 et comme je suis un gar\u00e7on attach\u00e9 \u00e0 sa routine, je suis rest\u00e9.<\/p>\n<p class=\" wall-content\"><strong>actu Paris : Vous avez une anecdote sportive, un souvenir qui sort de l\u2019ordinaire ?\u00a0<\/strong><\/p>\n<p class=\" wall-content\"><strong>I. B :<\/strong> Je suis tomb\u00e9 sur un ancien \u00e9l\u00e8ve, ici. Avant d\u2019\u00eatre \u00e9lu, j\u2019ai \u00e9t\u00e9 professeur cinq ans \u00e0 Sarcelles et on s\u2019est retrouv\u00e9 l\u00e0, plus de vingt ans apr\u00e8s. \u00c7a m\u2019a \u00e9mu. Je me souvenais de son nom, mais je ne l\u2019aurais pas reconnu, c\u2019est lui qui est venu me voir. Par rapport \u00e0 \u00e7a, c\u2019est assez dr\u00f4le parce que les gens qui me reconnaissent dans les vestiaires me demandent souvent ce que je fais l\u00e0. Alors que \u00ab\u00a0je viens [juste] faire mon sport\u00a0\u00bb (sourire).\u00a0<\/p>\n<blockquote class=\"ac-article-quote wall-content\">\n<p>Les bonnes punchlines on ne les trouve jamais quand on les cherche<\/p>\n<p>    <strong>Ian Brossat<\/strong>\n            <\/p><\/blockquote>\n<p class=\" wall-content\"><strong>actu Paris : Est-ce qu\u2019avoir une pratique intensive comme \u00e7a, c\u2019est r\u00e9pandu chez les \u00e9lus ? Vous avez d\u00e9j\u00e0 fait de la musculation avec l\u2019un d\u2019eux ?<\/strong><\/p>\n<p class=\" wall-content\"><strong>I. B :<\/strong> Pas vraiment. Il y en a beaucoup qui font du running. La salle, pas trop. Des collaborateurs d\u2019\u00e9lus, oui. Il y a des d\u00e9put\u00e9s aussi, pas forc\u00e9ment ceux dont je suis le plus proche.\u00a0<\/p>\n<p>    <img   decoding=\"async\" loading=\"lazy\" src=\"https:\/\/www.europesays.com\/fr\/wp-content\/uploads\/2025\/07\/img-5860-960x640.jpg\" alt=\"Ian-Brossat\" width=\"960\" height=\"640\"\/><br \/>\n    Agr\u00e9g\u00e9 de lettres, il a enseign\u00e9 dans le Val-d\u2019Oise entre 2003 et 2008. (\u00a9AD \/ actu Paris)<\/p>\n<p class=\" wall-content\"><strong>actu Paris : C\u2019est d\u00e9terminant d\u2019avoir un autre univers quand on a une carri\u00e8re aussi prenante ?<\/strong><\/p>\n<p class=\" wall-content\"><strong>I. B :<\/strong> Pour moi la politique c\u2019est plus qu\u2019un m\u00e9tier, \u00e7a occupe tout mon temps. Plus que la politique, l\u2019engagement. \u00c7a ne me quitte jamais, ma journ\u00e9e de travail ne se termine jamais. Quand je suis chez moi, je continue. Les gens peuvent m\u2019appeler, je r\u00e8gles des probl\u00e8mes, donc vu la place que \u00e7a a dans ma vie, je pense que c\u2019est utile d\u2019avoir au moins un sas d\u2019une heure dans la journ\u00e9e o\u00f9 l\u2019on fait autre chose.\u00a0<\/p>\n<p class=\" wall-content\"><strong>actu Paris : Le fait de se reconnecter \u00e0 ses sensations, de l\u00e2cher prise, \u00e7a peut aussi permettre de faire \u00e9merger des id\u00e9es, de r\u00e9soudre des probl\u00e8mes.<\/strong><\/p>\n<p class=\" wall-content\"><strong>I. B :<\/strong> C\u2019est s\u00fbr. \u00c7a donne des id\u00e9es, des formules. Les bonnes punchlines, on ne les trouve jamais quand on les cherche.\u00a0<\/p>\n<p class=\" wall-content\"><strong>actu Paris : Si vous \u00e9tiez \u00e9lu maire de Paris, vous continueriez \u00e0 venir \u00e0 Fitness Park ?<\/strong><\/p>\n<p class=\" wall-content\"><strong>I. B :<\/strong> Oui, \u00e7a ne changerait pas. Quand les gens me reconnaissent, ils m\u2019approchent toujours de mani\u00e8re bienveillante et le temps \u00e7a se trouve.<\/p>\n<p class=\" wall-content\"><strong>actu Paris : Dans votre programme justement, il y a une mesure phare pour le sport \u00e0 Paris ?<\/strong><\/p>\n<p class=\" wall-content\"><strong>I. B :<\/strong> On continue de manquer d\u2019\u00e9quipements sportifs par rapport \u00e0 la densit\u00e9 de population et au nombre de gens qui voudraient pratiquer. Avec mon coll\u00e8gue <a href=\"https:\/\/actu.fr\/ile-de-france\/paris_75056\/ma-politique-relocaliser-trois-questions-a-nicolas-bonnet-oulaldj-adjoint-au-commerce-a-paris_60254637.html\" target=\"_blank\" rel=\"noopener\">Nicolas Bonnet-Oulaldj<\/a>, l\u2019adjoint au commerce, on a travaill\u00e9 sur l\u2019id\u00e9e d\u2019une ceinture sportive autour de Paris, qui consisterait \u00e0 sur\u00e9lever les \u00e9quipements sportifs existants pour en cr\u00e9er des suppl\u00e9mentaires, sans densifier les sols puisque, par d\u00e9finition, ils sont d\u00e9j\u00e0 artificialis\u00e9s. <a href=\"https:\/\/actu.fr\/ile-de-france\/paris_75056\/on-manquait-d-espace-a-paris-la-porte-de-vincennes-va-s-equiper-d-un-temple-du-sport-de-trois-etages_62476898.html\" target=\"_blank\" rel=\"noopener\">C\u2019est ce qu\u2019on en train de faire actuellement dans le 12e arrondissement<\/a> et je pense que c\u2019est un mod\u00e8le \u00e0 dupliquer.\u00a0<\/p>\n<p class=\" wall-content\"><strong>actu Paris : Pour les sports en ext\u00e9rieur, comme l\u2019athl\u00e9tisme, le risque c\u2019est d\u2019hyperventiler \u00e0 proximit\u00e9 du p\u00e9riph\u00e9rique.<\/strong><\/p>\n<p class=\" wall-content\"><strong>I. B :<\/strong> \u00c0 terme, le p\u00e9riph\u00e9rique mutera. On doit mener les deux batailles en m\u00eame temps. On a d\u2019une part besoin de cr\u00e9er de nouveaux \u00e9quipements, mais aussi de <a href=\"https:\/\/actu.fr\/ile-de-france\/paris_75056\/paris-debut-de-la-voie-reservee-au-covoiturage-sur-le-peripherique-l-espace-le-plus-pollue-de-la-capitale_62320110.html\" target=\"_blank\" rel=\"noopener\">continuer \u00e0 transformer le p\u00e9riph\u00e9rique<\/a>.\u00a0<\/p>\n<p class=\" wall-content\">Suivez toute l\u2019actualit\u00e9 de vos villes et m\u00e9dias favoris en vous inscrivant \u00e0 <a href=\"https:\/\/moncompte.actu.fr\" title=\"D\u00e9couvez Mon Actu\" rel=\"nofollow noopener\" data-trk=\"{&quot;cta&quot;:{&quot;action&quot;:&quot;https:\\\/\\\/moncompte.actu.fr&quot;,&quot;category&quot;:&quot;mon compte&quot;,&quot;from&quot;:&quot;article footer&quot;,&quot;name&quot;:&quot;Mon actu&quot;,&quot;type&quot;:&quot;cta&quot;}}\" target=\"_blank\">Mon Actu<\/a>.<\/p>\n","protected":false},"excerpt":{"rendered":"Par Augustin Delaporte Publi\u00e9 le 9 juil. 2025 \u00e0 18h16 \u00ab\u00a0Je n\u2019en avais jamais parl\u00e9 avant.\u00a0\u00bb Au Fitness&hellip;\n","protected":false},"author":2,"featured_media":238113,"comment_status":"","ping_status":"","sticky":false,"template":"","format":"standard","meta":{"footnotes":""},"categories":[1888],"tags":[1111,1928,11,1927,4188,1777,674,1011,27,2381,3434,12,1926,626,1925,316,25,1004],"class_list":{"0":"post-238112","1":"post","2":"type-post","3":"status-publish","4":"format-standard","5":"has-post-thumbnail","7":"category-paris","8":"tag-actu","9":"tag-actu-paris","10":"tag-actualites","11":"tag-actualites-paris","12":"tag-elections-municipales","13":"tag-eu","14":"tag-europe","15":"tag-fr","16":"tag-france","17":"tag-mairie-de-paris","18":"tag-municipales-2026","19":"tag-news","20":"tag-news-paris","21":"tag-paris","22":"tag-paris-news","23":"tag-politique","24":"tag-republique-francaise","25":"tag-senat"},"share_on_mastodon":{"url":"https:\/\/pubeurope.com\/@fr\/114824455735113431","error":""},"_links":{"self":[{"href":"https:\/\/www.europesays.com\/fr\/wp-json\/wp\/v2\/posts\/238112","targetHints":{"allow":["GET"]}}],"collection":[{"href":"https:\/\/www.europesays.com\/fr\/wp-json\/wp\/v2\/posts"}],"about":[{"href":"https:\/\/www.europesays.com\/fr\/wp-json\/wp\/v2\/types\/post"}],"author":[{"embeddable":true,"href":"https:\/\/www.europesays.com\/fr\/wp-json\/wp\/v2\/users\/2"}],"replies":[{"embeddable":true,"href":"https:\/\/www.europesays.com\/fr\/wp-json\/wp\/v2\/comments?post=238112"}],"version-history":[{"count":0,"href":"https:\/\/www.europesays.com\/fr\/wp-json\/wp\/v2\/posts\/238112\/revisions"}],"wp:featuredmedia":[{"embeddable":true,"href":"https:\/\/www.europesays.com\/fr\/wp-json\/wp\/v2\/media\/238113"}],"wp:attachment":[{"href":"https:\/\/www.europesays.com\/fr\/wp-json\/wp\/v2\/media?parent=238112"}],"wp:term":[{"taxonomy":"category","embeddable":true,"href":"https:\/\/www.europesays.com\/fr\/wp-json\/wp\/v2\/categories?post=238112"},{"taxonomy":"post_tag","embeddable":true,"href":"https:\/\/www.europesays.com\/fr\/wp-json\/wp\/v2\/tags?post=238112"}],"curies":[{"name":"wp","href":"https:\/\/api.w.org\/{rel}","templated":true}]}}