{"id":23813,"date":"2025-04-14T07:02:12","date_gmt":"2025-04-14T07:02:12","guid":{"rendered":"https:\/\/www.europesays.com\/fr\/23813\/"},"modified":"2025-04-14T07:02:12","modified_gmt":"2025-04-14T07:02:12","slug":"premieres-esquisses-de-mickey-pieces-historiques-pour-ses-100-ans-disney-soffre-une-exposition-a-paris","status":"publish","type":"post","link":"https:\/\/www.europesays.com\/fr\/23813\/","title":{"rendered":"Premi\u00e8res esquisses de Mickey, pi\u00e8ces historiques&#8230; Pour ses 100 ans, Disney s&rsquo;offre une exposition \u00e0 Paris"},"content":{"rendered":"<p>            Par<br \/>\n        <strong><br \/>\n            <a href=\"https:\/\/actu.fr\/auteur\/redaction-paris\" title=\"Consulter tous les articles de R\u00e9daction Paris\" target=\"_blank\" rel=\"noopener\">R\u00e9daction Paris<\/a><br \/>\n        <\/strong><\/p>\n<p>        Publi\u00e9 le<\/p>\n<p>            12 avr. 2025 \u00e0 13h07        <\/p>\n<p>L\u2019occasion de c\u00e9l\u00e9brer les 100\u00a0ans d\u2019une des marques les plus connues au monde et de d\u00e9nicher une activit\u00e9 en ce d\u00e9but de <a href=\"https:\/\/actu.fr\/tag\/vacances-scolaires\" target=\"_blank\" rel=\"noopener\">vacances scolaires<\/a>. Depuis ce jeudi 10\u00a0avril 2025, une exposition sur <a href=\"https:\/\/actu.fr\/tag\/disney\" target=\"_blank\" rel=\"noopener\">Disney<\/a> se tient porte de Versailles dans le 15e arrondissement de <a href=\"https:\/\/actu.fr\/paris\/\" target=\"_blank\" rel=\"noopener\">Paris<\/a>. Elle <strong>se terminera le 5\u00a0octobre prochain<\/strong>.<\/p>\n<p class=\" wall-content\">Les fans de Disney pourront y d\u00e9couvrir <strong>une dizaine de galeries th\u00e9matiques et interactives<\/strong>, \u00e0 condition de d\u00e9bourser entre 24,90\u00a0euros (en semaine) et 28,90\u00a0euros (le week-end et les vacances scolaires) par adulte, et entre 19,90\u00a0euros et 23,90\u00a0euros pour les enfants de 4 \u00e0 11\u00a0ans.<\/p>\n<p>Tous les univers de Disney repr\u00e9sent\u00e9s<\/p>\n<p class=\" wall-content\">Plus de<strong> 250\u00a0pi\u00e8ces<\/strong>, issues des archives du groupe, permettent de remonter aux origines du studio initialement fond\u00e9 par Walt Disney et son fr\u00e8re Roy pour produire les courts-m\u00e9trages \u00ab\u2009Alice comedies\u2009\u00bb, tout en plongeant dans les coulisses des films et parcs d\u2019attractions.<\/p>\n<p class=\" wall-content\">De nombreuses <strong>reproductions de croquis et autres documents<\/strong> c\u00f4toient ainsi des \u0153uvres originales, comme des esquisses de Pinocchio (1940), la partition de la chanson \u00ab\u2009Siffler en travaillant\u2009\u00bb, la page du script original de \u00ab\u2009Steamboat Willie\u2009\u00bb \u2013 premier dessin anim\u00e9 ayant mis en sc\u00e8ne Mickey Mouse en 1928 \u2013 ou des recueils de contes g\u00e9ants figurant au d\u00e9but de \u00ab\u2009Blanche-Neige et les sept nains\u2009\u00bb (1937) font partie de cette liste impressionnante.<\/p>\n<p class=\" wall-content\">Les univers de<strong> Marvel et Star Wars comme les innovations de Pixar<\/strong>, trois marques rachet\u00e9es au XXIe\u00a0si\u00e8cle par la multinationale, agr\u00e9mentent aussi le parcours.<\/p>\n<p>Vid\u00e9os : en ce moment sur Actu<\/p>\n<blockquote class=\"ac-article-quote wall-content\">\n<p>La chose la plus importante chez Disney aujourd\u2019hui, comme ces cent derni\u00e8res ann\u00e9es, c\u2019est la fa\u00e7on dont nous racontons nos histoires. Nous avons d\u00e9cid\u00e9 de retourner \u00e0 Walt Disney, ses inspirations, ses cr\u00e9ations, ses philosophies.<\/p>\n<p>    <strong>Becky Cline<\/strong><br \/>\n        Directrice des archives de Disney    <\/p><\/blockquote>\n<p>\u00ab\u2009La France est le pays qui a inspir\u00e9 le plus de films Disney\u2009\u00bb<\/p>\n<p class=\" wall-content\">Cette exposition est l\u2019occasion de rappeler que le p\u00e8re de Mickey a beaucoup \u00e9t\u00e9 influenc\u00e9 par l\u2019Europe, en particulier la France, dont vient\u2026 son nom de famille, ses anc\u00eatres \u00e9tant originaires <strong>d\u2019Isigny-sur-Mer<\/strong> en <a href=\"https:\/\/actu.fr\/normandie\/\" target=\"_blank\" rel=\"noopener\">Normandie<\/a>. \u00ab\u2009La France est le pays qui a inspir\u00e9 le plus de films Disney\u2009\u00bb, qu\u2019ils soient adapt\u00e9s de Charles Perrault ou Jules Verne et se situent \u00e0 Paris comme \u00ab\u2009Les Aristochats\u2009\u00bb, souligne pour l\u2019AFP le consultant S\u00e9bastien Durand, sp\u00e9cialiste de l\u2019histoire de Disney.<\/p>\n<p class=\" wall-content\">\u00ab\u2009Son tout premier voyage hors des <a href=\"https:\/\/actu.fr\/tag\/etats-unis\" target=\"_blank\" rel=\"noopener\">\u00c9tats-Unis<\/a>\u2009\u00bb a eu lieu dans l\u2019Hexagone, o\u00f9 il a offici\u00e9 comme <strong>ambulancier de la Croix-Rouge<\/strong>, \u00e0 17\u00a0ans, \u00ab\u2009juste apr\u00e8s la fin de la Premi\u00e8re Guerre mondiale\u2009\u00bb, rappelle Becky Cline. \u00ab\u2009Quand il revient en France, 20\u00a0ans plus tard, il va acheter 300\u00a0livres d\u2019illustrations pour montrer\u2009\u00bb \u00e0 ses \u00e9quipes le style europ\u00e9en, ajoute S\u00e9bastien Durand.<\/p>\n<p class=\" wall-content\">Autre souvenir de voyage\u2009: un oiseau m\u00e9canique en cage fabriqu\u00e9 entre\u00a01880 et\u00a01910 par la maison fran\u00e7aise Bontems, sp\u00e9cialiste des automates. Cette pi\u00e8ce, expos\u00e9e Porte de Versailles, a inspir\u00e9 Walt Disney pour la cr\u00e9ation des animatroniques des parcs ou du volatile chantant pos\u00e9 sur la main de Mary Poppins, selon S\u00e9bastien Durand.<\/p>\n<p class=\" wall-content\">Cette relation avec la France n\u2019est pas \u00e0 sens unique. \u00ab\u2009Premier pays en Europe continentale \u00e0 avoir eu une filiale Disney\u2009\u00bb d\u00e8s 1934, puis <a href=\"https:\/\/actu.fr\/tag\/disneyland-paris\" target=\"_blank\" rel=\"noopener\">un parc Disneyland<\/a> en 1992, elle repr\u00e9sente aussi un \u00ab\u2009des principaux march\u00e9s de Disney du point de vue du box-office\u2009\u00bb, poursuit-il, rappelant que \u00ab\u2009Bernard et Bianca\u2009\u00bb y ont \u00e9t\u00e9 num\u00e9ro un en salles en 1977 devant\u2026 \u00ab\u2009La guerre des \u00e9toiles\u2009\u00bb.<\/p>\n<p class=\" wall-content\"><strong>AVEC AFP<\/strong><\/p>\n<p class=\" wall-content\">Suivez toute l\u2019actualit\u00e9 de vos villes et m\u00e9dias favoris en vous inscrivant \u00e0 <a href=\"https:\/\/moncompte.actu.fr\" title=\"D\u00e9couvez Mon Actu\" rel=\"nofollow noopener\" data-trk=\"{&quot;cta&quot;:{&quot;action&quot;:&quot;https:\\\/\\\/moncompte.actu.fr&quot;,&quot;category&quot;:&quot;mon compte&quot;,&quot;from&quot;:&quot;article footer&quot;,&quot;name&quot;:&quot;Mon actu&quot;,&quot;type&quot;:&quot;cta&quot;}}\" target=\"_blank\">Mon Actu<\/a>.<\/p>\n","protected":false},"excerpt":{"rendered":"Par R\u00e9daction Paris Publi\u00e9 le 12 avr. 2025 \u00e0 13h07 L\u2019occasion de c\u00e9l\u00e9brer les 100\u00a0ans d\u2019une des marques&hellip;\n","protected":false},"author":2,"featured_media":23814,"comment_status":"","ping_status":"","sticky":false,"template":"","format":"standard","meta":{"footnotes":""},"categories":[1888],"tags":[11,520,1777,674,1349,1011,27,1652,12,626,25],"class_list":{"0":"post-23813","1":"post","2":"type-post","3":"status-publish","4":"format-standard","5":"has-post-thumbnail","7":"category-paris","8":"tag-actualites","9":"tag-disney","10":"tag-eu","11":"tag-europe","12":"tag-expositions","13":"tag-fr","14":"tag-france","15":"tag-loisirs-culture","16":"tag-news","17":"tag-paris","18":"tag-republique-francaise"},"share_on_mastodon":{"url":"https:\/\/pubeurope.com\/@fr\/114335039046312774","error":""},"_links":{"self":[{"href":"https:\/\/www.europesays.com\/fr\/wp-json\/wp\/v2\/posts\/23813","targetHints":{"allow":["GET"]}}],"collection":[{"href":"https:\/\/www.europesays.com\/fr\/wp-json\/wp\/v2\/posts"}],"about":[{"href":"https:\/\/www.europesays.com\/fr\/wp-json\/wp\/v2\/types\/post"}],"author":[{"embeddable":true,"href":"https:\/\/www.europesays.com\/fr\/wp-json\/wp\/v2\/users\/2"}],"replies":[{"embeddable":true,"href":"https:\/\/www.europesays.com\/fr\/wp-json\/wp\/v2\/comments?post=23813"}],"version-history":[{"count":0,"href":"https:\/\/www.europesays.com\/fr\/wp-json\/wp\/v2\/posts\/23813\/revisions"}],"wp:featuredmedia":[{"embeddable":true,"href":"https:\/\/www.europesays.com\/fr\/wp-json\/wp\/v2\/media\/23814"}],"wp:attachment":[{"href":"https:\/\/www.europesays.com\/fr\/wp-json\/wp\/v2\/media?parent=23813"}],"wp:term":[{"taxonomy":"category","embeddable":true,"href":"https:\/\/www.europesays.com\/fr\/wp-json\/wp\/v2\/categories?post=23813"},{"taxonomy":"post_tag","embeddable":true,"href":"https:\/\/www.europesays.com\/fr\/wp-json\/wp\/v2\/tags?post=23813"}],"curies":[{"name":"wp","href":"https:\/\/api.w.org\/{rel}","templated":true}]}}