{"id":238135,"date":"2025-07-09T17:39:09","date_gmt":"2025-07-09T17:39:09","guid":{"rendered":"https:\/\/www.europesays.com\/fr\/238135\/"},"modified":"2025-07-09T17:39:09","modified_gmt":"2025-07-09T17:39:09","slug":"lavocat-joel-le-scouarnec-ex-chirurgien-pedocriminel-retrouve-mort","status":"publish","type":"post","link":"https:\/\/www.europesays.com\/fr\/238135\/","title":{"rendered":"L&rsquo;avocat Jo\u00ebl Le Scouarnec, ex-chirurgien p\u00e9docriminel, retrouv\u00e9 mort"},"content":{"rendered":"<p>Les avocats du barreau de Rennes sont sous le choc. Leur confr\u00e8re Maxime Tessier a \u00e9t\u00e9 retrouv\u00e9 mort dans la nuit du mardi 8 au mercredi 9 juillet. <strong>Il se serait suicid\u00e9, selon une information confirm\u00e9e par plusieurs avocats et par le barreau de Rennes<\/strong> <a href=\"https:\/\/france3-regions.franceinfo.fr\/bretagne\/ille-et-vilaine\/rennes\/info-france-3-maxime-tessier-avocat-de-joel-le-scouarnec-s-est-donne-la-mort-3185508.html\" target=\"_blank\" rel=\"noopener\">indique France 3 Bretagne<\/a>. \u00ab\u00a0Une enqu\u00eate a \u00e9t\u00e9 ouverte sur les circonstances de sa survenue, tout laissant penser \u00e0 un suicide pour le moment\u00a0\u00bb, a affirm\u00e9 le procureur de la R\u00e9publique de Rennes, Fr\u00e9d\u00e9ric Teillet, \u00e0 l&rsquo;AFP.<\/p>\n<p>Il \u00e9tait l\u2019une des figures du <a href=\"https:\/\/www.laprovence.com\/article\/france-monde\/6428821496981314\/aveux-nouvelles-enquetes-le-proces-hors-norme-de-le-scouarnec-en-5-dates-cles\" target=\"_blank\" rel=\"noopener\">proc\u00e8s Le Souarnec<\/a>, aux c\u00f4t\u00e9s de Me Thibaut Kurzawa. L\u2019ex-chirurgien a \u00e9t\u00e9 condamn\u00e9 \u00e0 20 ans de r\u00e9clusion criminelle en mai 2025, reconnu coupable de viols et d\u2019agressions sexuelles sur 299 victimes, principalement des enfants hospitalis\u00e9s de 1989 \u00e0 2014.<\/p>\n<p>Un avocat qui faisait \u00ab\u00a0honneur \u00e0 la Justice et \u00e0 l\u2019Humanit\u00e9\u00a0\u00bb<\/p>\n<p>St\u00e9phane Kellenberger, avocat g\u00e9n\u00e9ral pendant ce proc\u00e8s, s\u2019est dit, dans un communiqu\u00e9, \u00ab\u00a0litt\u00e9ralement atterr\u00e9 et profond\u00e9ment boulevers\u00e9 et pein\u00e9.\u00a0\u00bb \u00ab\u00a0Ma\u00eetre Maxime Tessier \u00e9tait, tant professionnellement qu\u2019humainement, de ces personnes int\u00e8gres et investies, qui font grand honneur \u00e0 la Justice et \u00e0 l\u2019Humanit\u00e9\u00a0\u00bb, affirme-t-il.<\/p>\n<p>Les cons\u0153urs et confr\u00e8res de Maxime Tessier rendent hommage \u00ab\u00a0\u00e0 un homme particuli\u00e8rement intelligent,\u00a0\u00bb qui ne sortait jamais indemne d\u2019un proc\u00e8s au p\u00e9nal, d\u00e9clarent-ils \u00e0 <a href=\"https:\/\/france3-regions.franceinfo.fr\/bretagne\/ille-et-vilaine\/rennes\/info-france-3-maxime-tessier-avocat-de-joel-le-scouarnec-s-est-donne-la-mort-3185508.html\" target=\"_blank\" rel=\"noopener\">France 3 Bretagne<\/a>. \u00ab\u00a0Il lui arrivait d\u2019avoir une p\u00e9riode difficile apr\u00e8s avoir plaid\u00e9 dans de grosses affaires\u00a0\u00bb, racontent-ils. Le proc\u00e8s de l\u2019ex-chirurgien a \u00e9t\u00e9 particuli\u00e8rement \u00e9prouvant pour l\u2019avocat.<\/p>\n<p>\u00ab\u00a0<strong>Il avait une tr\u00e8s haute vision de la justice<\/strong> et il \u00e9tait donc tr\u00e8s exigeant \u00e0 l\u2019\u00e9gard de lui-m\u00eame\u00a0\u00bb, raconte Me Catherine Glon. \u00ab\u00a0Nous sommes \u00e9videmment sous le choc et nous perdons un avocat tr\u00e8s jeune puisqu\u2019il avait 34\u00a0ans, p\u00e8re de deux tr\u00e8s jeunes enfants\u00a0\u00bb, ajoute-t-elle.<\/p>\n","protected":false},"excerpt":{"rendered":"Les avocats du barreau de Rennes sont sous le choc. Leur confr\u00e8re Maxime Tessier a \u00e9t\u00e9 retrouv\u00e9 mort&hellip;\n","protected":false},"author":2,"featured_media":238136,"comment_status":"","ping_status":"","sticky":false,"template":"","format":"standard","meta":{"footnotes":""},"categories":[2],"tags":[17,11,37784,274,1011,27,37783,25183,18,12,10480,25,4256,26039],"class_list":{"0":"post-238135","1":"post","2":"type-post","3":"status-publish","4":"format-standard","5":"has-post-thumbnail","7":"category-actualites","8":"tag-17","9":"tag-actualites","10":"tag-ex-chirurgien","11":"tag-faits-divers-justice","12":"tag-fr","13":"tag-france","14":"tag-joel","15":"tag-lavocat","16":"tag-mort","17":"tag-news","18":"tag-pedocriminel","19":"tag-republique-francaise","20":"tag-retrouve","21":"tag-scouarnec"},"share_on_mastodon":{"url":"https:\/\/pubeurope.com\/@fr\/114824502975516954","error":""},"_links":{"self":[{"href":"https:\/\/www.europesays.com\/fr\/wp-json\/wp\/v2\/posts\/238135","targetHints":{"allow":["GET"]}}],"collection":[{"href":"https:\/\/www.europesays.com\/fr\/wp-json\/wp\/v2\/posts"}],"about":[{"href":"https:\/\/www.europesays.com\/fr\/wp-json\/wp\/v2\/types\/post"}],"author":[{"embeddable":true,"href":"https:\/\/www.europesays.com\/fr\/wp-json\/wp\/v2\/users\/2"}],"replies":[{"embeddable":true,"href":"https:\/\/www.europesays.com\/fr\/wp-json\/wp\/v2\/comments?post=238135"}],"version-history":[{"count":0,"href":"https:\/\/www.europesays.com\/fr\/wp-json\/wp\/v2\/posts\/238135\/revisions"}],"wp:featuredmedia":[{"embeddable":true,"href":"https:\/\/www.europesays.com\/fr\/wp-json\/wp\/v2\/media\/238136"}],"wp:attachment":[{"href":"https:\/\/www.europesays.com\/fr\/wp-json\/wp\/v2\/media?parent=238135"}],"wp:term":[{"taxonomy":"category","embeddable":true,"href":"https:\/\/www.europesays.com\/fr\/wp-json\/wp\/v2\/categories?post=238135"},{"taxonomy":"post_tag","embeddable":true,"href":"https:\/\/www.europesays.com\/fr\/wp-json\/wp\/v2\/tags?post=238135"}],"curies":[{"name":"wp","href":"https:\/\/api.w.org\/{rel}","templated":true}]}}