{"id":238139,"date":"2025-07-09T17:41:12","date_gmt":"2025-07-09T17:41:12","guid":{"rendered":"https:\/\/www.europesays.com\/fr\/238139\/"},"modified":"2025-07-09T17:41:12","modified_gmt":"2025-07-09T17:41:12","slug":"louise-reau-de-leurope-au-texas","status":"publish","type":"post","link":"https:\/\/www.europesays.com\/fr\/238139\/","title":{"rendered":"Louise Reau, de l&rsquo;Europe au Texas"},"content":{"rendered":"<p>Cette semaine \u00e0 <strong>Chantilly<\/strong>, o\u00f9 elle participe pour la deuxi\u00e8me ann\u00e9e cons\u00e9cutive au <strong>Championnat d&rsquo;Europe par \u00e9quipes Dames<\/strong> avec l&rsquo;\u00e9quipe de France, <strong>Louise Reau<\/strong> aura sans doute l&rsquo;occasion de croiser une de ses futures co\u00e9quipi\u00e8res, <strong>Cayetana Fernandez<\/strong>, qui fut n\u00b0\u00a02 mondiale amateur. \u00ab\u00a0Je n&rsquo;ose pas aller la voir, je suis encore un peu timide\u00a0\u00bb, sourit <strong>Louise Reau<\/strong>, m\u00eame rassur\u00e9e par plusieurs tiers sur la personnalit\u00e9 tr\u00e8s sympathique de l&rsquo;Espagnole. De toute fa\u00e7on, cette semaine, ses objectifs sont ailleurs. \u00ab\u00a0Bien s\u00fbr, on a les crocs, on veut toutes gagner \u00e0 la fin\u00a0\u00bb, campe-t-elle. Ph\u00e9nom\u00e8ne amplifi\u00e9 par le fait qu&rsquo;elle fait partie des trois joueuses de l&rsquo;\u00e9quipe, avec <strong>Constance Fouillet <\/strong>et <strong>Valentine Delon<\/strong>, \u00e0 avoir v\u00e9cu la campagne 2024, conclue sur une m\u00e9daille d&rsquo;argent.\u00a0<\/p>\n<p>Cela veut dire \u00e9galement que l&rsquo;aventure de cette ann\u00e9e sous le maillot bleu lui a permis, \u00e0 elle qui est d\u00e9sormais la plus \u00e2g\u00e9e de l&rsquo;\u00e9quipe, de faire connaissance avec les plus jeunes, notamment <strong>Sara Brentcheneff <\/strong>et <strong>Alice Kong<\/strong>, promues de l&rsquo;\u00e9quipe Girls. \u00ab\u00a0Sara, je la connaissais d\u00e9j\u00e0 un peu, on avait fait un stage \u00e9quipe de France ensemble en janvier \u00e0 Orlando, d\u00e9taille <strong>Louise Reau<\/strong>. Mais Alice, pas du tout, et elle m&rsquo;a \u00e9norm\u00e9ment surprise, elle est beaucoup trop dr\u00f4le. Elle a beau \u00eatre la plus jeune, on ne s&rsquo;en rend pas compte.\u00a0\u00bb<\/p>\n<p>Pour autant, la Toulousaine ne s&rsquo;enflamme pas sur la suite de la semaine. \u00ab\u00a0On ne se prend pas la t\u00eate, on prend jour par jour\u00a0\u00bb, r\u00e9sume-t-elle. Le tout avec le bon \u00e9tat d&rsquo;esprit, et l&rsquo;envie de jouer les unes pour les autres.<\/p>\n","protected":false},"excerpt":{"rendered":"Cette semaine \u00e0 Chantilly, o\u00f9 elle participe pour la deuxi\u00e8me ann\u00e9e cons\u00e9cutive au Championnat d&rsquo;Europe par \u00e9quipes Dames&hellip;\n","protected":false},"author":2,"featured_media":238140,"comment_status":"","ping_status":"","sticky":false,"template":"","format":"standard","meta":{"footnotes":""},"categories":[1418],"tags":[1011,27,1472,60],"class_list":{"0":"post-238139","1":"post","2":"type-post","3":"status-publish","4":"format-standard","5":"has-post-thumbnail","7":"category-golf","8":"tag-fr","9":"tag-france","10":"tag-golf","11":"tag-sports"},"share_on_mastodon":{"url":"https:\/\/pubeurope.com\/@fr\/114824510385398969","error":""},"_links":{"self":[{"href":"https:\/\/www.europesays.com\/fr\/wp-json\/wp\/v2\/posts\/238139","targetHints":{"allow":["GET"]}}],"collection":[{"href":"https:\/\/www.europesays.com\/fr\/wp-json\/wp\/v2\/posts"}],"about":[{"href":"https:\/\/www.europesays.com\/fr\/wp-json\/wp\/v2\/types\/post"}],"author":[{"embeddable":true,"href":"https:\/\/www.europesays.com\/fr\/wp-json\/wp\/v2\/users\/2"}],"replies":[{"embeddable":true,"href":"https:\/\/www.europesays.com\/fr\/wp-json\/wp\/v2\/comments?post=238139"}],"version-history":[{"count":0,"href":"https:\/\/www.europesays.com\/fr\/wp-json\/wp\/v2\/posts\/238139\/revisions"}],"wp:featuredmedia":[{"embeddable":true,"href":"https:\/\/www.europesays.com\/fr\/wp-json\/wp\/v2\/media\/238140"}],"wp:attachment":[{"href":"https:\/\/www.europesays.com\/fr\/wp-json\/wp\/v2\/media?parent=238139"}],"wp:term":[{"taxonomy":"category","embeddable":true,"href":"https:\/\/www.europesays.com\/fr\/wp-json\/wp\/v2\/categories?post=238139"},{"taxonomy":"post_tag","embeddable":true,"href":"https:\/\/www.europesays.com\/fr\/wp-json\/wp\/v2\/tags?post=238139"}],"curies":[{"name":"wp","href":"https:\/\/api.w.org\/{rel}","templated":true}]}}