{"id":238141,"date":"2025-07-09T17:43:11","date_gmt":"2025-07-09T17:43:11","guid":{"rendered":"https:\/\/www.europesays.com\/fr\/238141\/"},"modified":"2025-07-09T17:43:11","modified_gmt":"2025-07-09T17:43:11","slug":"des-rugbymen-seraient-prets-a-se-mettre-en-greve-face-au-controle-elargi-du-salary-cap-lequipe","status":"publish","type":"post","link":"https:\/\/www.europesays.com\/fr\/238141\/","title":{"rendered":"Des rugbymen seraient pr\u00eats \u00e0 se mettre en gr\u00e8ve face au contr\u00f4le \u00e9largi du salary-cap &#8211; L&#039;\u00c9quipe"},"content":{"rendered":"<ol>\n<li><a href=\"https:\/\/news.google.com\/rss\/articles\/CBMi0AJBVV95cUxQcWc3SGRkNkNGcmFjR0NQYVNCakZYZlFJS3otUXFPRHZRaTFyNTlCcVdjeklIOXJSZ2dNdVAycExsOTdxMS03aTduYkNCb2hXckM3bWJmRkNVdFF0ajllREJQRjRaWXM2TFhTQmVfTG1acTJVTmo4WFpsdnI1LWVHZkowNC1NODhNWFI3dHc3LWlfRDhoTVMzRkVfU1o0NU1FQ1VLLWQ1cDVXa1U2T2RZRVVsZXI4blBISkozV1poZWxkQVBRem1oSEpXeGpxcGx1QlBDUlBGLWZlUlBEOV9jQnVWUk9yTnAtQkpyTzBCMjdwR2F6Um1UWHdZV3d4MzlxOGZhX2xrS1RvcS13UnYtdnRfLVQ4UFJSZVg3U3BLV3BhTUVEYjA3SWtvdDFVWFNNQXdqNGJock1KdnVKTFc4QV9IcGJtek5ic3g3RGw0eGk?oc=5\" target=\"_blank\" rel=\"nofollow noopener\">Des rugbymen seraient pr\u00eats \u00e0 se mettre en gr\u00e8ve face au contr\u00f4le \u00e9largi du salary-cap<\/a>&nbsp;&nbsp;L&rsquo;\u00c9quipe<\/li>\n<li><a href=\"https:\/\/news.google.com\/rss\/articles\/CBMi0AFBVV95cUxPN2lKcWxobHZnN0o2RGhFcnFacnFUdU10VUxDVG9XV2xnSm1GNTRRYkNSOXVXcTdrTUFtdXlJUlpQRVN5aWduZEVSZDVhaGx5SzJmVlVUT21aSUcyNEtBQThlbzREX2FzUmdXMkJUa1ppNkl0VkFDcnAwMGtCLTUydDRLMUZLZ1k4bHZZRkZJdTE4Snl5STVYek0ybUZfc0lXWGNoUEZkM0ItQmkybHlwLWtQcVBmY1hKVG1aOU9aX3JzMDZuZWhxa3NGNlRmeGNy0gHPAUFVX3lxTFA3N01DRk1vLTlqenA2TWFwQVI2Z19fajRhbDZPTHpZejVhTm1QVW1lQWRtOGdrTE1WRG00THVrdDgtdjMyTTBhXzlUM3k5c1B2N18zZ1dXMllscGR4Q2R5RF9wWFNsYVFtdWZWbl85RldMWElzVFlIRklzeGwzSUxaaEhObS1zUDc1alhTaU55amptRjQ3ZTAzZzlTZXNnTHZQeUc2bllWbmtRbi1wbFVPTnJtamlpYW00TWdGMnRhSDB3SUFkOGd5dUQ5SWRNMA?oc=5\" target=\"_blank\" rel=\"nofollow noopener\">Top 14 : La reprise menac\u00e9e par une gr\u00e8ve du syndicat des joueurs ?<\/a>&nbsp;&nbsp;Orange Actualit\u00e9s | Sports<\/li>\n<li><a href=\"https:\/\/news.google.com\/rss\/articles\/CBMi0gFBVV95cUxNMDA3Ujdtb0hOX254a3pzTFdBX05HS0NjeGoyWmJjTG45Vms0Uk5CblpKTFNZWXBpMlBJNVVRcE5SYXdWUVFEVXcwRnhHc0tMNGpZWmtsQ244OFlVWGVHT0JSeElISGF3bF9KcVN4YTJJbHlMeF9qRXF0ckc0V2J2SGpQaWhqS2ZJQ2JjTXhsbTZTZDduMWZzSDJuLUpLNVB3dFJnTnBuYk1QeW9DUUJsQ19PYi1MNzEtV3JhSHhuYzctcUtqeHdEckVZN01CM01HM0E?oc=5\" target=\"_blank\" rel=\"nofollow noopener\">Menace de gr\u00e8ve sur le Top 14 : Provale durcit le ton<\/a>&nbsp;&nbsp;Rugbyrama<\/li>\n<li><a href=\"https:\/\/news.google.com\/rss\/articles\/CBMi1gFBVV95cUxNVm5MMFg1VzRSUWVRMmNCS29jam43TExjaHphb1BPQW01REV4dW9sbjFuOHhxeVp5Xzc0VGcxM0pJNGluX3IwN1h1T3gyVl9qSzRlVm1iTm9hbVQzbnY3aGtIcjdJblhlVHpRNHQ0eVhZUUFTdWRJS2FLLXk1UzMtRjJIamdsWTloTkNHUnotME5tOG1sV3VsaS1VODZVTDlMUGxRd2s0aThmdVhKOW1WakxXbWZpNmNrNEdEQnRxQ1k5WmdKbUI2Z19WaWg5QXhuSnJRX1FB?oc=5\" target=\"_blank\" rel=\"nofollow noopener\">Top 14 : vers une gr\u00e8ve des joueurs pour protester contre une plus grande transparence de leurs revenus ?<\/a>&nbsp;&nbsp;Le Figaro<\/li>\n<li><a href=\"https:\/\/news.google.com\/rss\/articles\/CBMiygFBVV95cUxNUmxMbDF5c1RicGIwU3hLX29KVFVESU45MnQtSFJSNV85UDhpbDVaeUJDa05ObW0yQTB1VjBMVWJmT29zLXdRUlpOZzZVQTdTWnFhWWFnYTBQSW9hczJXQWY3UTl4WVVPcDFNSVZCZkJaTnZnM2hwZ0dnNEh2QlZER2l3R2xKTm1oR2FZMGdQbFA0bVU3TzF1YVpsemItVXBXZnFEZGMzS3J6X21kVFpwVlBNallMS2UyTmEybTlyUm1NcW44bDRsQ0RR?oc=5\" target=\"_blank\" rel=\"nofollow noopener\">Top 14. Pourquoi la saison prochaine pourrait d\u00e9buter\u2026 sans joueurs sur le terrain ?<\/a>&nbsp;&nbsp;Le Rugbynist\u00e8re<\/li>\n<\/ol>\n","protected":false},"excerpt":{"rendered":"Des rugbymen seraient pr\u00eats \u00e0 se mettre en gr\u00e8ve face au contr\u00f4le \u00e9largi du salary-cap&nbsp;&nbsp;L&rsquo;\u00c9quipe Top 14 :&hellip;\n","protected":false},"author":2,"featured_media":238142,"comment_status":"","ping_status":"","sticky":false,"template":"","format":"standard","meta":{"footnotes":""},"categories":[1416],"tags":[1011,27,479,1468,60],"class_list":{"0":"post-238141","1":"post","2":"type-post","3":"status-publish","4":"format-standard","5":"has-post-thumbnail","7":"category-rugby","8":"tag-fr","9":"tag-france","10":"tag-rugby","11":"tag-rugby-football","12":"tag-sports"},"share_on_mastodon":{"url":"https:\/\/pubeurope.com\/@fr\/114824518253840132","error":""},"_links":{"self":[{"href":"https:\/\/www.europesays.com\/fr\/wp-json\/wp\/v2\/posts\/238141","targetHints":{"allow":["GET"]}}],"collection":[{"href":"https:\/\/www.europesays.com\/fr\/wp-json\/wp\/v2\/posts"}],"about":[{"href":"https:\/\/www.europesays.com\/fr\/wp-json\/wp\/v2\/types\/post"}],"author":[{"embeddable":true,"href":"https:\/\/www.europesays.com\/fr\/wp-json\/wp\/v2\/users\/2"}],"replies":[{"embeddable":true,"href":"https:\/\/www.europesays.com\/fr\/wp-json\/wp\/v2\/comments?post=238141"}],"version-history":[{"count":0,"href":"https:\/\/www.europesays.com\/fr\/wp-json\/wp\/v2\/posts\/238141\/revisions"}],"wp:featuredmedia":[{"embeddable":true,"href":"https:\/\/www.europesays.com\/fr\/wp-json\/wp\/v2\/media\/238142"}],"wp:attachment":[{"href":"https:\/\/www.europesays.com\/fr\/wp-json\/wp\/v2\/media?parent=238141"}],"wp:term":[{"taxonomy":"category","embeddable":true,"href":"https:\/\/www.europesays.com\/fr\/wp-json\/wp\/v2\/categories?post=238141"},{"taxonomy":"post_tag","embeddable":true,"href":"https:\/\/www.europesays.com\/fr\/wp-json\/wp\/v2\/tags?post=238141"}],"curies":[{"name":"wp","href":"https:\/\/api.w.org\/{rel}","templated":true}]}}