{"id":238144,"date":"2025-07-09T17:45:26","date_gmt":"2025-07-09T17:45:26","guid":{"rendered":"https:\/\/www.europesays.com\/fr\/238144\/"},"modified":"2025-07-09T17:45:26","modified_gmt":"2025-07-09T17:45:26","slug":"un-match-feminin-annule-en-raison-du-port-du-voile","status":"publish","type":"post","link":"https:\/\/www.europesays.com\/fr\/238144\/","title":{"rendered":"un match f\u00e9minin annul\u00e9 en raison du port du voile"},"content":{"rendered":"<p class=\"article__intro\">Un match de basket f\u00e9minin \u00e0 Gaillac (Tarn) a \u00e9t\u00e9 annul\u00e9 le 6 octobre 2024 en raison de la pr\u00e9sence d&rsquo;une joueuse voil\u00e9e. Les arbitres se sont appuy\u00e9s sur un r\u00e8glement de la F\u00e9d\u00e9ration fran\u00e7aise de basket-ball (FFBB). Pourtant des voix s&rsquo;\u00e9l\u00e8vent pour demander une r\u00e9vision de cette r\u00e8gle, jug\u00e9e discriminatoire et contraire aux efforts d&rsquo;inclusion dans le sport.<\/p>\n<p>\n      Soci\u00e9t\u00e9\n    <\/p>\n<p>\n      De la vie quotidienne aux grands enjeux, d\u00e9couvrez les sujets qui font la soci\u00e9t\u00e9 locale, comme la justice, l\u2019\u00e9ducation, la sant\u00e9 et la famille.\n    <\/p>\n<p>    France T\u00e9l\u00e9visions utilise votre adresse e-mail afin de vous envoyer la newsletter \u00ab\u00a0Soci\u00e9t\u00e9\u00a0\u00bb. Vous pouvez vous d\u00e9sinscrire \u00e0 tout moment via le lien en bas de cette newsletter. <a target=\"_blank\" href=\"https:\/\/www.francetelevisions.fr\/groupe\/confidentialite\/politique-de-confidentialite\/politique-de-confidentialite-de-france-televisions-6503\" rel=\"noopener\">Notre politique de confidentialit\u00e9<\/a><\/p>\n<p>L&rsquo;incident s&rsquo;est produit le dimanche 6 octobre 2024 lors d&rsquo;un match de basket f\u00e9minin \u00e0 Gaillac (Tarn). La rencontre entre l&rsquo;Association Sportive du Basket Gaillacois (ASBG) et Caussade a \u00e9t\u00e9 purement et simplement annul\u00e9e. En cause : la pr\u00e9sence d&rsquo;une joueuse voil\u00e9e dans l&rsquo;\u00e9quipe de Gaillac selon le quotidien La <a href=\"https:\/\/www.ladepeche.fr\/2024\/10\/08\/les-arbitres-ont-applique-la-regle-un-match-de-basket-annule-a-gaillac-parce-quune-joueuse-refuse-de-retirer-son-voile-12245772.php\" target=\"_blank\" rel=\"noopener\">D\u00e9p\u00eache du Midi.<\/a><\/p>\n<\/p>\n<p>Les arbitres se sont appuy\u00e9s sur une r\u00e8gle adopt\u00e9e en d\u00e9cembre 2022 pour refuser la participation de l&rsquo;athl\u00e8te \u00e0 cette partie. L&rsquo;article 9.3 des r\u00e8glements sportifs g\u00e9n\u00e9raux de la F\u00e9d\u00e9ration fran\u00e7aise de basket-ball (FFBB) interdit \u00ab\u00a0le port de tout \u00e9quipement \u00e0 connotation religieuse ou politique\u00a0\u00bb lors des comp\u00e9titions officielles.<\/p>\n<p>En soutien \u00e0 leur co\u00e9quipi\u00e8re, les autres joueuses de l&rsquo;ASBG ont d\u00e9cid\u00e9 de ne pas d\u00e9buter la rencontre, entra\u00eenant le forfait de leur \u00e9quipe (0-20).\u00a0 Jean-Jacques Dessaint, pr\u00e9sident de la Ligue d&rsquo;Occitanie de basket-ball, a d\u00e9clar\u00e9 : \u00ab\u00a0La F\u00e9d\u00e9ration nous avait fait part de ce r\u00e8glement pour se conformer \u00e0 la loi sur la la\u00efcit\u00e9\u00a0\u00bb rapporte le quotidien local.\u00a0<\/p>\n<p>Cette controverse n&rsquo;est pas nouvelle. Depuis son application, cette interdiction suscite de vives r\u00e9actions dans le monde du basket. Le collectif \u00ab\u00a0<a href=\"https:\/\/basketpourtoutes.org\/\" target=\"_blank\" rel=\"noopener\">Basket pour toutes<\/a>\u00a0\u00bb a lanc\u00e9 une p\u00e9tition en octobre 2023 pour abroger ce r\u00e8glement, recueillant plus de 6 000 signatures.\u00a0<\/p>\n<p>Comme le souligne <a href=\"https:\/\/www.amnesty.fr\/discriminations\/actualites\/france-basket-joueuses-musulmanes-sport#:~:text=De%20m%C3%AAme%2C%20la%20f%C3%A9d%C3%A9ration%20fran%C3%A7aise,porte%20ou%20les%20autres%20joueuses%20%C2%BB.\" target=\"_blank\" rel=\"noopener\">Amnesty international<\/a>, en avril 2024, la position de la FFBB en la mati\u00e8re est d&rsquo;ailleurs en contradiction avec celle de la F\u00e9d\u00e9ration internationale de basket-ball (FIBA), qui autorise le port du voile dans ses comp\u00e9titions depuis 2017.<\/p>\n<p>Diaba Konat\u00e9, ancienne membre de l&rsquo;\u00e9quipe de France Jeunes, a exprim\u00e9, aupr\u00e8s de l&rsquo;association son d\u00e9sarroi face \u00e0 cette situation en France : \u00ab\u00a0J&rsquo;aime le basketball, ma famille et ma foi. Cela me briserait le c\u0153ur de devoir renoncer \u00e0 l&rsquo;une de ces trois choses, et c&rsquo;est pourtant ce \u00e0 quoi m&rsquo;obligent les r\u00e8gles actuelles de la F\u00e9d\u00e9ration fran\u00e7aise de basket-ball.\u00a0\u00bb<br \/>.<br \/>Des voix s&rsquo;\u00e9l\u00e8vent pour demander une r\u00e9vision de cette r\u00e8gle. Monica Costa Riba, responsable de la campagne sur les droits des femmes en Europe pour Amnesty International, affirme : \u00ab\u00a0Les r\u00e8gles qui p\u00e9nalisent les femmes et les jeunes filles qui souhaitent porter le foulard violent leurs droits fondamentaux et sapent les efforts d\u00e9ploy\u00e9s pour rendre le sport f\u00e9minin plus ouvert \u00e0 la diversit\u00e9.\u00a0\u00bb<\/p>\n<p>Terri Jackson, directrice ex\u00e9cutive de la Women&rsquo;s National Basketball Players Association (WNBPA) aux \u00c9tats-Unis, souligne l&rsquo;importance de l&rsquo;inclusion dans le sport : \u00ab\u00a0Le basketball est depuis longtemps un puissant vecteur d&rsquo;inclusion et d&rsquo;\u00e9galit\u00e9. Toutes les athl\u00e8tes devraient pouvoir pratiquer le sport qu&rsquo;elles aiment tout en honorant leur foi, et nous continuerons \u00e0 nous battre jusqu&rsquo;\u00e0 ce que cela soit possible.\u00a0\u00bb\u00a0<\/p>\n<p>Interdit au basket, le port du voile est autoris\u00e9 en France dans d\u2019autres disciplines sportives, collectives ou individuelles, comme au handball, au rugby ou au tennis<\/p>\n","protected":false},"excerpt":{"rendered":"Un match de basket f\u00e9minin \u00e0 Gaillac (Tarn) a \u00e9t\u00e9 annul\u00e9 le 6 octobre 2024 en raison de&hellip;\n","protected":false},"author":2,"featured_media":238145,"comment_status":"","ping_status":"","sticky":false,"template":"","format":"standard","meta":{"footnotes":""},"categories":[1414],"tags":[1465,1464,1011,27,60],"class_list":{"0":"post-238144","1":"post","2":"type-post","3":"status-publish","4":"format-standard","5":"has-post-thumbnail","7":"category-basket","8":"tag-basket","9":"tag-basketball","10":"tag-fr","11":"tag-france","12":"tag-sports"},"share_on_mastodon":{"url":"https:\/\/pubeurope.com\/@fr\/114824526432712933","error":""},"_links":{"self":[{"href":"https:\/\/www.europesays.com\/fr\/wp-json\/wp\/v2\/posts\/238144","targetHints":{"allow":["GET"]}}],"collection":[{"href":"https:\/\/www.europesays.com\/fr\/wp-json\/wp\/v2\/posts"}],"about":[{"href":"https:\/\/www.europesays.com\/fr\/wp-json\/wp\/v2\/types\/post"}],"author":[{"embeddable":true,"href":"https:\/\/www.europesays.com\/fr\/wp-json\/wp\/v2\/users\/2"}],"replies":[{"embeddable":true,"href":"https:\/\/www.europesays.com\/fr\/wp-json\/wp\/v2\/comments?post=238144"}],"version-history":[{"count":0,"href":"https:\/\/www.europesays.com\/fr\/wp-json\/wp\/v2\/posts\/238144\/revisions"}],"wp:featuredmedia":[{"embeddable":true,"href":"https:\/\/www.europesays.com\/fr\/wp-json\/wp\/v2\/media\/238145"}],"wp:attachment":[{"href":"https:\/\/www.europesays.com\/fr\/wp-json\/wp\/v2\/media?parent=238144"}],"wp:term":[{"taxonomy":"category","embeddable":true,"href":"https:\/\/www.europesays.com\/fr\/wp-json\/wp\/v2\/categories?post=238144"},{"taxonomy":"post_tag","embeddable":true,"href":"https:\/\/www.europesays.com\/fr\/wp-json\/wp\/v2\/tags?post=238144"}],"curies":[{"name":"wp","href":"https:\/\/api.w.org\/{rel}","templated":true}]}}