{"id":238146,"date":"2025-07-09T17:46:14","date_gmt":"2025-07-09T17:46:14","guid":{"rendered":"https:\/\/www.europesays.com\/fr\/238146\/"},"modified":"2025-07-09T17:46:14","modified_gmt":"2025-07-09T17:46:14","slug":"ant-sur-le-circuit-du-sachsen-ring-alex-marquez-participe-a-la-course-motogp-allemand","status":"publish","type":"post","link":"https:\/\/www.europesays.com\/fr\/238146\/","title":{"rendered":"ant sur le circuit du Sachsen Ring, Alex Marquez participe \u00e0 la course MotoGP allemand?"},"content":{"rendered":"<p>AKARTA &#8211; Le pilote de Gresini Racing, Alex Marquez, serait parti pour le circuit du Sachsenring. Cette situation suscite des sp\u00e9culations selon lesquelles Alex participera au MotoGP allemand 2022 ce week-end.<\/p>\n<p>el sur le fait qu\u2019il n\u2019\u00e9tait pas assez important pour jouer au MotoGP allemand 2025. La raison en est qu\u2019il vient d\u2019avoir eu un accident majeur lors de son apparition au MotoGP n\u00e9erlandais 2025 apr\u00e8s avoir jou\u00e9 avec Pedro Acosta.<\/p>\n<p>Alex a imm\u00e9diatement subi une intervention chirurgicale sur son doigt sur son doigt sur le gauche \u00e0 Madrid la nuit apr\u00e8s l\u2019accident.<\/p>\n<p>Apr\u00e8s l\u2019op\u00e9ration, les progr\u00e8s positifs ont \u00e9t\u00e9 dirig\u00e9s vers Alex et l\u2019ont fait appel\u00e9e avoir une grande opportunit\u00e9 de appara\u00eetre. De plus, on sait \u00e9galement qu\u2019il s\u2019est envol\u00e9 pour l\u2019Allemagne.<\/p>\n<p>Cependant, on ne sait toujours pas si Alex Marquez sera autoris\u00e9 \u00e0 participer au MotoGP allemand 2022 ou non. Le sort d\u2019Alex dans la course au Sachsenring sera d\u00e9termin\u00e9 le jeudi 10 juillet 2025, apr\u00e8s avoir subi un examen m\u00e9dical.<\/p>\n<p>ero, le m\u00e9decin du MotoGP surveillera de pr\u00e8s l\u2019\u00e9tat d\u2019Alex pour d\u00e9terminer s\u2019il est digne de course ou non. Cit\u00e9 par Motosan, parfois pour les coureurs qui sont examin\u00e9s pour des blessures, le m\u00e9decin donnera l\u2019autorisation initiale.<\/p>\n<p>Puis apr\u00e8s la premi\u00e8re pratique libre (FP1) il y aura un examen plus approfondi concernant l\u2019\u00e9tat du pilote.<\/p>\n<p>Alex Marquez ne semble pas vouloir manquer les courses restantes du premier tour de cette saison, \u00e0 savoir le MotoGP allemand et le MotoGP Ceska.<\/p>\n<p>, apr\u00e8s le MotoGP Ceska, il y a une pause de mi-saison qui peut \u00eatre utilis\u00e9e pour une r\u00e9cup\u00e9ration suppl\u00e9mentaire.<\/p>\n<p>Alex de pouvoir participer au MotoGP allemand et Ceska n\u2019est pas sans raison. Parce que cela est fait pour maintenir une distance avec son fr\u00e8re Marc Marquez, dans le classement MotoGP 2025.<\/p>\n<p>apr\u00e8s une manqu\u00e9e de finalisation en MotoGP n\u00e9erlandais de 2025, Alex Marquez a 68 points de retard contre Marc Marquez.<\/p>\n<p>The English, Chinese, Japanese, Arabic, and French versions are automatically generated by the AI. So there may still be inaccuracies in translating, please always see Indonesian as our main language.<br \/>\n                                    (system supported by DigitalSiber.id)<\/p>\n","protected":false},"excerpt":{"rendered":"AKARTA &#8211; Le pilote de Gresini Racing, Alex Marquez, serait parti pour le circuit du Sachsenring. Cette situation&hellip;\n","protected":false},"author":2,"featured_media":238147,"comment_status":"","ping_status":"","sticky":false,"template":"","format":"standard","meta":{"footnotes":""},"categories":[1413],"tags":[4267,37787,1011,27,1457,1456,1458,19713,37785,37786,60],"class_list":{"0":"post-238146","1":"post","2":"type-post","3":"status-publish","4":"format-standard","5":"has-post-thumbnail","7":"category-moto","8":"tag-alex-marquez","9":"tag-circuit-sachsen-ring","10":"tag-fr","11":"tag-france","12":"tag-moto","13":"tag-motocycle","14":"tag-motogp","15":"tag-motogp-2025","16":"tag-motogp-allemagne","17":"tag-motogp-allemagne-2025","18":"tag-sports"},"share_on_mastodon":{"url":"https:\/\/pubeurope.com\/@fr\/114824530023019698","error":""},"_links":{"self":[{"href":"https:\/\/www.europesays.com\/fr\/wp-json\/wp\/v2\/posts\/238146","targetHints":{"allow":["GET"]}}],"collection":[{"href":"https:\/\/www.europesays.com\/fr\/wp-json\/wp\/v2\/posts"}],"about":[{"href":"https:\/\/www.europesays.com\/fr\/wp-json\/wp\/v2\/types\/post"}],"author":[{"embeddable":true,"href":"https:\/\/www.europesays.com\/fr\/wp-json\/wp\/v2\/users\/2"}],"replies":[{"embeddable":true,"href":"https:\/\/www.europesays.com\/fr\/wp-json\/wp\/v2\/comments?post=238146"}],"version-history":[{"count":0,"href":"https:\/\/www.europesays.com\/fr\/wp-json\/wp\/v2\/posts\/238146\/revisions"}],"wp:featuredmedia":[{"embeddable":true,"href":"https:\/\/www.europesays.com\/fr\/wp-json\/wp\/v2\/media\/238147"}],"wp:attachment":[{"href":"https:\/\/www.europesays.com\/fr\/wp-json\/wp\/v2\/media?parent=238146"}],"wp:term":[{"taxonomy":"category","embeddable":true,"href":"https:\/\/www.europesays.com\/fr\/wp-json\/wp\/v2\/categories?post=238146"},{"taxonomy":"post_tag","embeddable":true,"href":"https:\/\/www.europesays.com\/fr\/wp-json\/wp\/v2\/tags?post=238146"}],"curies":[{"name":"wp","href":"https:\/\/api.w.org\/{rel}","templated":true}]}}