{"id":238153,"date":"2025-07-09T17:50:16","date_gmt":"2025-07-09T17:50:16","guid":{"rendered":"https:\/\/www.europesays.com\/fr\/238153\/"},"modified":"2025-07-09T17:50:16","modified_gmt":"2025-07-09T17:50:16","slug":"raphael-quenard-je-suis-choque-quand-jentends-ce-que-les-gens-disent-sur-mon-livre","status":"publish","type":"post","link":"https:\/\/www.europesays.com\/fr\/238153\/","title":{"rendered":"Rapha\u00ebl Quenard\u00a0: \u00ab\u00a0Je suis choqu\u00e9 quand j&rsquo;entends ce que les gens disent sur mon livre\u00a0\u00bb"},"content":{"rendered":"<p class=\"ap-StoryElement ap-StoryElement--mb js-paywall-target ap-StoryText\">Commenc\u00e9 comme un \u00ab\u00a0coup d&rsquo;un soir amical\u00a0\u00bb avec son comparse Hugo David, I love Peru se regarde comme un portrait de l&rsquo;acteur fa\u00e7on prank, suivant son ascension laborieuse dans la jungle du cin\u00e9ma fran\u00e7ais. On y voit Quenard montrer son cul, draguer dans les restaurants et refuser de payer l&rsquo;addition, palabrer sur les acteurs, encha\u00eener des discussions lunaires (ou g\u00eanantes) avec Jean-Pascal Zadi ou Fran\u00e7ois Civil sur le plateau de L&rsquo;Amour ouf puis s&rsquo;envoler pour le P\u00e9rou pour y soigner un chagrin d&rsquo;amour, et finir par trouver un sens \u00e0 sa solitude en se prenant pour un condor. On n&rsquo;y aurait pas pens\u00e9.<\/p>\n<p><a href=\"https:\/\/www.lalibre.be\/culture\/cinema\/2024\/02\/24\/cesar-2024-raphael-quenard-limprobable-nouvelle-star-du-cinema-francais-qui-a-rendu-hommage-aux-agriculteurs-T2K5TVGME5CYJIZ3UNYSZGY2X4\/\" target=\"_blank\" rel=\"noopener noreferrer nofollow\" class=\"ap-StoryInterstitialLink ap-StoryElement ap-StoryElement--mb\">C\u00e9sar 2024 : Rapha\u00ebl Quenard, l&rsquo;improbable nouvelle star du cin\u00e9ma fran\u00e7ais, qui a rendu hommage aux agriculteurs<\/a><\/p>\n<p class=\"ap-StoryElement ap-StoryElement--mb ap-StoryText\"><b>Le film joue sur l&rsquo;ambigu\u00eft\u00e9 fa\u00e7on \u00ab\u00a0I&rsquo;m Still Here\u00a0\u00bb<\/b><b> <\/b><b>avec Joaquin Phoenix reconverti en chanteur de hip-hop. A-t-il toujours \u00e9t\u00e9 \u00e9crit comme cela ?<\/b><\/p>\n<p class=\"ap-StoryElement ap-StoryElement--mb ap-StoryText\">Dans la forme, \u00e7a a toujours \u00e9t\u00e9 un faux documentaire o\u00f9 chacun joue son propre r\u00f4le. Nos r\u00e9f\u00e9rences \u00e9taient effectivement I&rsquo;m Still Here de Casey Affleck que j&rsquo;adore ; les Strip-Tease de la t\u00e9l\u00e9 belge ; Jim &amp; Andy le film sur Jim Carrey qui est pour moi une l\u00e9gende, r\u00e9alis\u00e9 en parall\u00e8le de Man On The Moon. Mais aussi Forgotten Silver (docu-menteur de Peter Jackson sur un cin\u00e9aste oubli\u00e9 Colin McKenzie, NdlR) ou C&rsquo;est arriv\u00e9 pr\u00e8s de chez vous. Les documentaires, c&rsquo;est mon plaisir de spectateur, car \u00e7a \u00e9vite tout questionnement quant \u00e0 la v\u00e9racit\u00e9 de ce qui s&rsquo;y joue. On court-circuite les barri\u00e8res de cr\u00e9dibilit\u00e9.<\/p>\n<p class=\"ap-StoryElement ap-StoryElement--mb ap-StoryText\"><b>Est-ce que la c\u00e9l\u00e9brit\u00e9 vous oblige aujourd&rsquo;hui \u00e0 faire tomber le masque ?<\/b><\/p>\n<p class=\"ap-StoryElement ap-StoryElement--mb ap-StoryText\">Je dirais plut\u00f4t que c&rsquo;est l&rsquo;inverse. La c\u00e9l\u00e9brit\u00e9 oblige \u00e0 prendre de nouveaux masques pour se sauver soi-m\u00eame. M\u00eame une simple interview dans un m\u00e9dia, \u00e7a n&rsquo;est pas un dispositif naturel. Tu te pr\u00e9sentes toujours dans une certaine optique.<\/p>\n<p><img loading=\"lazy\" decoding=\"async\" class=\"w-full lazyload lazyload--opacity object-contain\" style=\"aspect-ratio:66 \/ 100;opacity:1\" alt=\"Rapha\u00ebl Quenard dans &quot;I &lt;3 Peru&quot;.\" width=\"768\" height=\"1158\" fetchpriority=\"auto\" src=\"https:\/\/www.europesays.com\/fr\/wp-content\/uploads\/2025\/04\/S5VKD3X55FFF3BW6V4SEHXNP7I.png\"  data- data-optimumx=\"1\"\/>Rapha\u00ebl Quenard dans \u00ab\u00a0I &lt;3 Peru\u00a0\u00bb. \u00a9case d\u00e9part<\/p>\n<p class=\"ap-StoryElement ap-StoryElement--mb ap-StoryText\"><b>Pas naturel peut-\u00eatre, mais \u00eates-vous sinc\u00e8re ?<\/b><\/p>\n<p class=\"ap-StoryElement ap-StoryElement--mb ap-StoryText\">Toujours. Ma d\u00e9marche est passionn\u00e9e, je suis un malade de cin\u00e9ma qui a des lacunes \u00e0 rattraper. Il fut un temps o\u00f9 j&rsquo;avais vu Le d\u00eener de cons sans me rendre compte du g\u00e9nie du truc, Les onze commandements et Lucky Luke mais j&rsquo;y \u00e9tais all\u00e9 avec une fille donc je n&rsquo;avais pas vu le film\u2026 J&rsquo;avais une cin\u00e9philie z\u00e9ro. Aujourd&rsquo;hui, je vois quatre films par semaine. Mais, dans tout ce processus, j&rsquo;essaye aussi de me sauver moi-m\u00eame, de me pr\u00e9server une part de confidentialit\u00e9 et de secret qui n&rsquo;appartient qu&rsquo;\u00e0 moi.<\/p>\n<p class=\"ap-StoryElement ap-StoryElement--mb ap-StoryText\"><b>Ce film n&rsquo;est donc pas Rapha\u00ebl Quenard\u2026<\/b><\/p>\n<p class=\"ap-StoryElement ap-StoryElement--mb ap-StoryText\">Non, mais ce qui est \u00e9tonnant c&rsquo;est que, m\u00eame dans des fictions o\u00f9 les barri\u00e8res sont normalement bien \u00e9tablies, la confusion entre l&rsquo;acteur et le personnage existe. Dans la rue, les gens m&rsquo;appellent Yannick, comme dans le film de Quentin Dupieux qui a march\u00e9.<\/p>\n<p><a href=\"https:\/\/www.lalibre.be\/culture\/cinema\/films\/2023\/09\/12\/notre-critique-de-yannick-le-nouveau-film-de-quentin-dupieux-avec-blanche-gardin-pio-marmai-et-raphael-quenard-LGO7W4XEYRCKBKRP3GTXZDDFNM\/\" target=\"_blank\" rel=\"noopener noreferrer nofollow\" class=\"ap-StoryInterstitialLink ap-StoryElement ap-StoryElement--mb\">Notre critique de \u00ab\u00a0Yannick\u00a0\u00bb, le nouveau film de Quentin Dupieux avec Blanche Gardin, Pio Marma\u00ef et Rapha\u00ebl Quenard<\/a><\/p>\n<p class=\"ap-StoryElement ap-StoryElement--mb ap-StoryText\"><b>Sous le masque du clown ou de l&rsquo;imposteur, il y a des th\u00e8mes qui se dessinent \u00e0 travers vos r\u00f4les \u2013 la honte sociale, la tristesse aussi.<\/b><\/p>\n<p class=\"ap-StoryElement ap-StoryElement--mb ap-StoryText\">Ce sont des personnages inadapt\u00e9s qui ont du mal \u00e0 appr\u00e9hender les codes. Vous \u00eates mieux plac\u00e9e que moi pour voir certaines r\u00e9currences, mais c&rsquo;est vrai que les passions inadapt\u00e9es m&rsquo;int\u00e9ressent. C&rsquo;est dr\u00f4le et tragique donc nourrissant, car tout un chacun aura \u00e0 traverser le th\u00e8me de la solitude ou du deuil amoureux au cours de son existence. D\u00e9j\u00e0 \u00e0 six ans, tu peux ressentir des \u00e9lans sentimentaux. En cas de p\u00e9pin, le film te permet, comme l&rsquo;optimiste, de voir le verre \u00e0 moiti\u00e9 plein plut\u00f4t qu&rsquo;\u00e0 moiti\u00e9 vide.<\/p>\n<p class=\"ap-StoryElement ap-StoryElement--mb ap-StoryText\"><b>Quand vous \u00eates-vous rendu compte que vous aimiez les mots ?<\/b><\/p>\n<p class=\"ap-StoryElement ap-StoryElement--mb ap-StoryText\">D\u00e8s petit, dans les vestiaires de foot ou \u00e0 l&rsquo;\u00e9cole, dans les joutes verbales avec les copains. Les mots, c&rsquo;est un mode de survie pour prendre ton mal en patience. Un rem\u00e8de qui permet aussi de lutter contre le harc\u00e8lement scolaire ou l&rsquo;esseulement. \u00c7a touche un enfant sur dix ce truc quand m\u00eame. L&rsquo;isolement, c&rsquo;est peut-\u00eatre la cl\u00e9 vers une solitude fondatrice d&rsquo;un talent que le temps se chargera de faire surgir.<\/p>\n<p><img loading=\"lazy\" decoding=\"async\" class=\"w-full lazyload lazyload--opacity object-contain\" style=\"aspect-ratio:178 \/ 100;opacity:1\" alt=\"Rapha\u00ebl Quenard dans &quot;I &lt;3 Peru&quot;.\" width=\"768\" height=\"432\" fetchpriority=\"auto\" src=\"https:\/\/www.europesays.com\/fr\/wp-content\/uploads\/2025\/04\/S5VKD3X55FFF3BW6V4SEHXNP7I.png\"  data- data-optimumx=\"1\"\/>Rapha\u00ebl Quenard dans \u00ab\u00a0I &lt;3 Peru\u00a0\u00bb. \u00a9case d\u00e9part<\/p>\n<p class=\"ap-StoryElement ap-StoryElement--mb ap-StoryText\"><b>Votre livre, \u00ab\u00a0Clamser \u00e0 Tataouine\u00a0\u00bb, conna\u00eet un succ\u00e8s inattendu, m\u00eame aupr\u00e8s de gens qui ne lisent pas d&rsquo;habitude. \u00c7a vous \u00e9voque quoi ?<\/b><\/p>\n<p class=\"ap-StoryElement ap-StoryElement--mb ap-StoryText\">Je t&rsquo;avoue que \u00e7a n&rsquo;est pas une pens\u00e9e cliniquement \u00e9tablie. Je suis choqu\u00e9 quand des gens me disent qu&rsquo;ils me lisent et qu&rsquo;ils n&rsquo;avaient jamais lu un livre avant. Mais je ne me suis pas donn\u00e9 ce but en \u00e9crivant, je me suis juste dit que j&rsquo;allais \u00e9crire une histoire.<\/p>\n<p><a href=\"https:\/\/www.lalibre.be\/culture\/cinema\/2025\/07\/09\/lhomosexualite-a-peut-etre-quelque-chose-a-offrir-a-la-communaute-heterosexuelle-HZEA72WUKVEI3FTWY5IRUF67PY\/\" target=\"_blank\" rel=\"noopener noreferrer nofollow\" class=\"ap-StoryInterstitialLink ap-StoryElement ap-StoryElement--mb\"> \u00ab\u00a0L&rsquo;homosexualit\u00e9 a peut-\u00eatre quelque chose \u00e0 offrir \u00e0 la communaut\u00e9 h\u00e9t\u00e9rosexuelle\u00a0\u00bb<\/a><\/p>\n<p class=\"ap-StoryElement ap-StoryElement--mb ap-StoryText\"><b>Deux auteurs que vous aimez ?<\/b><\/p>\n<p class=\"ap-StoryElement ap-StoryElement--mb ap-StoryText\">John Steinbeck et le plus illustre et incomparable des Fran\u00e7ais, \u00e0 savoir Victor Hugo. Mais Hugo (David, son co-r\u00e9alisateur, NdlR) ne lit pas ce que je lui conseille, c&rsquo;est une relation d&rsquo;affrontement, pas vraiment de partage. On n&rsquo;est pas vraiment potes.<\/p>\n<p class=\"ap-StoryElement ap-StoryElement--mb ap-StoryText\"><b>Vous d\u00e9connez l\u00e0, comme dans le film ?<\/b><\/p>\n<p class=\"ap-StoryElement ap-StoryElement--mb ap-StoryText\">Vous aurez remarqu\u00e9 qu&rsquo;on est dans l&rsquo;autod\u00e9rision, c&rsquo;est parfois la mani\u00e8re la plus perspicace ou la plus acceptable d&rsquo;\u00e9mettre une critique. L&rsquo;humour est une transgression et notre amiti\u00e9 a permis d&rsquo;abattre pas mal de fronti\u00e8res. C&rsquo;est lib\u00e9rateur, m\u00eame pour tous les acteurs qui nous ont rejoints sur le film.<\/p>\n<p class=\"ap-StoryElement ap-StoryElement--mb ap-StoryText\">\u00ab\u00a0I Love Peru, documentaire, de et avec Rapha\u00ebl Quenard et Hugo David. Avec aussi Jean-Pascal Zadi, Fran\u00e7ois Civil, Beno\u00eet Poelvoorde. 1h09<\/p>\n","protected":false},"excerpt":{"rendered":"Commenc\u00e9 comme un \u00ab\u00a0coup d&rsquo;un soir amical\u00a0\u00bb avec son comparse Hugo David, I love Peru se regarde comme&hellip;\n","protected":false},"author":2,"featured_media":238154,"comment_status":"","ping_status":"","sticky":false,"template":"","format":"standard","meta":{"footnotes":""},"categories":[1359],"tags":[6051,58,59,1011,27,1304,973],"class_list":{"0":"post-238153","1":"post","2":"type-post","3":"status-publish","4":"format-standard","5":"has-post-thumbnail","7":"category-people","8":"tag-bruxelles-villes","9":"tag-divertissement","10":"tag-entertainment","11":"tag-fr","12":"tag-france","13":"tag-johnny-hallyday","14":"tag-people"},"share_on_mastodon":{"url":"https:\/\/pubeurope.com\/@fr\/114824546290862588","error":""},"_links":{"self":[{"href":"https:\/\/www.europesays.com\/fr\/wp-json\/wp\/v2\/posts\/238153","targetHints":{"allow":["GET"]}}],"collection":[{"href":"https:\/\/www.europesays.com\/fr\/wp-json\/wp\/v2\/posts"}],"about":[{"href":"https:\/\/www.europesays.com\/fr\/wp-json\/wp\/v2\/types\/post"}],"author":[{"embeddable":true,"href":"https:\/\/www.europesays.com\/fr\/wp-json\/wp\/v2\/users\/2"}],"replies":[{"embeddable":true,"href":"https:\/\/www.europesays.com\/fr\/wp-json\/wp\/v2\/comments?post=238153"}],"version-history":[{"count":0,"href":"https:\/\/www.europesays.com\/fr\/wp-json\/wp\/v2\/posts\/238153\/revisions"}],"wp:featuredmedia":[{"embeddable":true,"href":"https:\/\/www.europesays.com\/fr\/wp-json\/wp\/v2\/media\/238154"}],"wp:attachment":[{"href":"https:\/\/www.europesays.com\/fr\/wp-json\/wp\/v2\/media?parent=238153"}],"wp:term":[{"taxonomy":"category","embeddable":true,"href":"https:\/\/www.europesays.com\/fr\/wp-json\/wp\/v2\/categories?post=238153"},{"taxonomy":"post_tag","embeddable":true,"href":"https:\/\/www.europesays.com\/fr\/wp-json\/wp\/v2\/tags?post=238153"}],"curies":[{"name":"wp","href":"https:\/\/api.w.org\/{rel}","templated":true}]}}