{"id":238155,"date":"2025-07-09T17:51:10","date_gmt":"2025-07-09T17:51:10","guid":{"rendered":"https:\/\/www.europesays.com\/fr\/238155\/"},"modified":"2025-07-09T17:51:10","modified_gmt":"2025-07-09T17:51:10","slug":"ce-colosse-autrichien-et-ses-174-metres-sera-la-premiere-tour-en-europe-a-beneficier-de-cette-grande-nouveaute-une-facade-photovoltaique-integree","status":"publish","type":"post","link":"https:\/\/www.europesays.com\/fr\/238155\/","title":{"rendered":"Ce colosse autrichien et ses 174 m\u00e8tres sera la premi\u00e8re tour en Europe \u00e0 b\u00e9n\u00e9ficier de cette grande nouveaut\u00e9 : une fa\u00e7ade photovolta\u00efque int\u00e9gr\u00e9e"},"content":{"rendered":"<p><strong>DC Tower<\/strong><strong>\u202f2 <\/strong><strong>\u00e0 Vienne : la deuxi<\/strong><strong>\u00e8me tour d<\/strong><strong>\u2019Autriche s<\/strong><strong>\u2019habille de solaire, <\/strong><strong>premi<\/strong><strong>\u00e8re en Europe.<\/strong><\/p>\n<p>\u00c0 Vienne, une tour de 174\u202fm sur 44 \u00e9tages pousse en zone Donau City.<br \/>DC\u202fTower\u202f2 redessine le visage du quartier avec une fa\u00e7ade photovolta\u00efque int\u00e9gr\u00e9e unique en Europe.<br \/>Au-del\u00e0 de son allure moderne, elle ambitionne d\u2019\u00eatre un projet durable et innovant, m\u00ealant bureaux, commerces et logements.<\/p>\n<p>Lire aussi :<\/p>\n<p>DC\u202fTower\u202f2, une g\u00e9ante en plein c\u0153ur de Donau City et une grande premi\u00e8re en Europe<\/p>\n<p>Avec ses 174\u202fm de haut sur 44 niveaux, DC\u202fTower\u202f2 d\u00e9croche la seconde place au classement des plus hautes tours d\u2019Autriche, juste derri\u00e8re sa voisine DC\u202fTower\u202f1 (220\u202fm).<\/p>\n<p>Imagin\u00e9e par Dominique Perrault, la premi\u00e8re version devait \u00eatre un jumeau. Le projet a \u00e9volu\u00e9 : la tour adopte d\u00e9sormais un design autonome, moderne, int\u00e9grant bureaux flexibles (~980\u202fm\u00b2 par \u00e9tage), espaces de restauration, coworking et quelques appartements.<\/p>\n<p>La livraison est attendue en 2026, apr\u00e8s des retards li\u00e9s \u00e0 la crise de 2008 et une phase de red\u00e9finition architecturale.<\/p>\n<blockquote class=\"wp-embedded-content\" data-secret=\"ypCAuM4fgY\">\n<p><a href=\"https:\/\/media24.fr\/2024\/11\/30\/la-chine-reussit-une-oeuvres-dignes-des-dieux-de-lolympe-en-stoppant-la-progression-de-ce-desert-gigantesque-a-laide-de-600-000\/\" target=\"_blank\" rel=\"noopener\">600 000 personnes sur ce chantier pharaonique chinois de la taille de l\u2019Allemagne pour un r\u00e9sultat qui d\u00e9passe toutes les esp\u00e9rances : le d\u00e9sert de Taklamakan a \u00e9t\u00e9 stopp\u00e9<\/a><\/p>\n<\/blockquote>\n<p>Une fa\u00e7ade solaire\u2026 premi\u00e8re europ\u00e9enne<\/p>\n<p>La signature de DC\u202fTower\u202f2 ? Une fa\u00e7ade photovolta\u00efque int\u00e9gr\u00e9e, capable de produire de l\u2019\u00e9nergie solaire sur toute la surface ext\u00e9rieure. Une premi\u00e8re \u00e0 cette \u00e9chelle en Europe.<\/p>\n<p>Ce syst\u00e8me BIPV (Building Integrated Photovoltaics) vise \u00e0 optimiser l\u2019efficacit\u00e9 \u00e9nerg\u00e9tique tout en r\u00e9pondant aux exigences environnementales contemporaines. Il s\u2019inscrit dans une d\u00e9marche durable qui implique la gestion thermique intelligente de la fa\u00e7ade.<\/p>\n<p>Chantier et m\u00e9thodes constructives<\/p>\n<p>Le <strong>gros-\u0153uvre<\/strong> a d\u00e9marr\u00e9 en 2022, sous la responsabilit\u00e9 de <strong>S+B Gruppe<\/strong>.<\/p>\n<p>Le c\u0153ur de la tour comprend une <strong>structure en tube<\/strong>, un noyau central en b\u00e9ton arm\u00e9 servant aux circulations verticales, entour\u00e9 d\u2019un quadrillage de piliers ext\u00e9rieurs \u2013 similaire \u00e0 la structure de la tour 1 .<\/p>\n<p>La construction s\u2019appuie sur des solutions industrielles : plateformes de coffrage \u00e9volutives, modules constructifs adaptables, et un contr\u00f4le qualit\u00e9 strict pour la pose des panneaux solaires.<\/p>\n<p><a href=\"https:\/\/media24.fr\/wp-content\/uploads\/2025\/07\/image-site-37.jpg.webp\" target=\"_blank\" rel=\"noopener\"><img fetchpriority=\"high\" decoding=\"async\" class=\"wp-image-26511 size-large webpexpress-processed\" src=\"data:image\/svg+xml,%3Csvg%20xmlns=\" http:=\"\" alt=\"DC Tower 1 dans Donau City par Robert F. Tobler.\" width=\"696\" height=\"464\" data-lazy- data-lazy- data-lazy-src=\"https:\/\/www.europesays.com\/fr\/wp-content\/uploads\/2025\/07\/image-site-37-1024x683.jpg.webp.webp\"\/><\/a>DC Tower 1 dans Donau City par Robert F. Tobler.<br \/>\nProgramme mixte : bureaux, commerce, r\u00e9sidentiel<\/p>\n<p>La tour proposera un espace riche :<\/p>\n<ul>\n<li><strong>Rez-de-chauss\u00e9e et sous-sols<\/strong> : caf\u00e9s, restauration, coworking.<\/li>\n<li><strong>Bureaux jusqu\u2019au 30<\/strong><strong>\u1d49 \u00e9tage<\/strong> : environ 980\u202fm\u00b2 par niveau, modulables.<\/li>\n<li><strong>Appartements sur les \u00e9tages sup\u00e9rieurs<\/strong> : offre r\u00e9sidentielle haut de gamme.<\/li>\n<\/ul>\n<p>Cette mixit\u00e9 r\u00e9pond aux besoins d\u2019un quartier d\u2019affaires dynamique, anim\u00e9 en journ\u00e9e comme en soir\u00e9e.<\/p>\n<p>Performances durables et efficacit\u00e9<\/p>\n<p>DC\u202fTower\u202f2 s\u2019inscrit dans une dynamique d\u2019architecture responsable :<\/p>\n<ul>\n<li>Fa\u00e7ade solaire BIPV int\u00e9gr\u00e9e g\u00e9n\u00e9rant et optimisant la lumi\u00e8re\/\u00e9nergie;<\/li>\n<li>Mat\u00e9riaux durables choisis;<\/li>\n<li>Gestion thermique avanc\u00e9e (optimisation lumi\u00e8re et chaleur).<\/li>\n<\/ul>\n<p>Le projet vise \u00e0 se placer dans le haut du classement des b\u00e2timents durables, au sein de la strat\u00e9gie europ\u00e9enne d\u2019efficacit\u00e9 \u00e9nerg\u00e9tique.<\/p>\n<p>Panorama sur Donau City et DC Tower 1<\/p>\n<p>DC\u202fTower\u202f2 s\u2019int\u00e8gre au complexe Donau City, lanc\u00e9 dans les ann\u00e9es 1990 comme nouveau centre urbain de Vienne. La zone abrite d\u00e9j\u00e0 DC\u202fTower\u202f1, un gratte-ciel de 220\u202fm sur 60 niveaux, livr\u00e9 en 2014, dot\u00e9 d\u2019une fa\u00e7ade en verre aux formes ondul\u00e9es.<\/p>\n<p>DC\u202fTower\u202f1 abrite bureaux, h\u00f4tel Meli\u00e1 (15\u202fetages), restaurants panoramiques, fitness et appartements. Sa structure repose sur 100\u202f000\u202fm\u00b3 de b\u00e9ton et 17\u202f000\u202ftonnes d\u2019armatures.<\/p>\n<p>Pourquoi DC\u202fTower\u202f2 marque une \u00e9tape<\/p>\n<ul>\n<li><strong>\u00c9nergie solaire externe<\/strong> : un atout unique en Europe qui pourrait devenir un mod\u00e8le;<\/li>\n<li><strong>Mixit\u00e9 des usages<\/strong> : un concept urbain moderne facilitant l\u2019animation continue;<\/li>\n<li><strong>Impact paysager<\/strong> : achevant une \u00ab porte \u00bb visuelle sur Donau City, symbolique pour Vienne .<\/li>\n<\/ul>\n<blockquote class=\"wp-embedded-content\" data-secret=\"Yto7yNjdSL\">\n<p><a href=\"https:\/\/media24.fr\/2025\/07\/09\/ce-geant-francais-du-nucleaire-prend-le-controle-dun-acteur-specialise-dans-la-surete-des-centrales\/\" target=\"_blank\" rel=\"noopener\">25,8 milliards d\u2019euros de perdus mais la France reprend des couleurs en Europe de l\u2019Est avec cette prise de contr\u00f4le d\u2019un acteur important du nucl\u00e9aire<\/a><\/p>\n<\/blockquote>\n<p>Fiche technique de la DC Tower 2<\/p>\n<tr>\n<td><strong>Crit\u00e8re<\/strong><\/td>\n<td><strong>DC<\/strong><strong>\u202fTower<\/strong><strong>\u202f2<\/strong><\/td>\n<\/tr>\n<tr>\n<td>Hauteur<\/td>\n<td>174\u202fm (44 \u00e9tages)<\/td>\n<\/tr>\n<tr>\n<td>Surface \u00e9tages<\/td>\n<td>~980\u202fm\u00b2 chacun<\/td>\n<\/tr>\n<tr>\n<td>Usage<\/td>\n<td>Bureaux, commerces, appartements<\/td>\n<\/tr>\n<tr>\n<td>Fa\u00e7ade solaire int\u00e9gr\u00e9e<\/td>\n<td>Oui, premi\u00e8re en Europe<\/td>\n<\/tr>\n<tr>\n<td>Livraison pr\u00e9vue<\/td>\n<td>2026<\/td>\n<\/tr>\n<tr>\n<td>Architecte<\/td>\n<td>Dominique\u202fPerrault<\/td>\n<\/tr>\n<tr>\n<td>Constructeur<\/td>\n<td>S+B Gruppe<\/td>\n<\/tr>\n<p>\u00a0<\/p>\n<p>DC\u202fTower\u202f2 illustre une \u00e9volution du haut-de-gamme en architecture, alliant image visuelle, technologie solaire et mixit\u00e9 urbaine. Son architecture solaire fascine, mais c\u2019est surtout son ambition durable et son impact urbain qui en feront un symbole de l\u2019avenir b\u00e2ti, \u00e0 Vienne comme ailleurs.<\/p>\n<p>Image : Peri Group<\/p>\n","protected":false},"excerpt":{"rendered":"DC Tower\u202f2 \u00e0 Vienne : la deuxi\u00e8me tour d\u2019Autriche s\u2019habille de solaire, premi\u00e8re en Europe. \u00c0 Vienne, une&hellip;\n","protected":false},"author":2,"featured_media":238156,"comment_status":"","ping_status":"","sticky":false,"template":"","format":"standard","meta":{"footnotes":""},"categories":[1358],"tags":[1348,1384,1385,4476,1386,58,59,1011,27],"class_list":{"0":"post-238155","1":"post","2":"type-post","3":"status-publish","4":"format-standard","5":"has-post-thumbnail","7":"category-arts-et-design","8":"tag-arts","9":"tag-arts-and-design","10":"tag-arts-et-design","11":"tag-construction","12":"tag-design","13":"tag-divertissement","14":"tag-entertainment","15":"tag-fr","16":"tag-france"},"share_on_mastodon":{"url":"https:\/\/pubeurope.com\/@fr\/114824550171405116","error":""},"_links":{"self":[{"href":"https:\/\/www.europesays.com\/fr\/wp-json\/wp\/v2\/posts\/238155","targetHints":{"allow":["GET"]}}],"collection":[{"href":"https:\/\/www.europesays.com\/fr\/wp-json\/wp\/v2\/posts"}],"about":[{"href":"https:\/\/www.europesays.com\/fr\/wp-json\/wp\/v2\/types\/post"}],"author":[{"embeddable":true,"href":"https:\/\/www.europesays.com\/fr\/wp-json\/wp\/v2\/users\/2"}],"replies":[{"embeddable":true,"href":"https:\/\/www.europesays.com\/fr\/wp-json\/wp\/v2\/comments?post=238155"}],"version-history":[{"count":0,"href":"https:\/\/www.europesays.com\/fr\/wp-json\/wp\/v2\/posts\/238155\/revisions"}],"wp:featuredmedia":[{"embeddable":true,"href":"https:\/\/www.europesays.com\/fr\/wp-json\/wp\/v2\/media\/238156"}],"wp:attachment":[{"href":"https:\/\/www.europesays.com\/fr\/wp-json\/wp\/v2\/media?parent=238155"}],"wp:term":[{"taxonomy":"category","embeddable":true,"href":"https:\/\/www.europesays.com\/fr\/wp-json\/wp\/v2\/categories?post=238155"},{"taxonomy":"post_tag","embeddable":true,"href":"https:\/\/www.europesays.com\/fr\/wp-json\/wp\/v2\/tags?post=238155"}],"curies":[{"name":"wp","href":"https:\/\/api.w.org\/{rel}","templated":true}]}}