{"id":238159,"date":"2025-07-09T17:53:11","date_gmt":"2025-07-09T17:53:11","guid":{"rendered":"https:\/\/www.europesays.com\/fr\/238159\/"},"modified":"2025-07-09T17:53:11","modified_gmt":"2025-07-09T17:53:11","slug":"une-emission-phare-de-tf1-sera-bientot-deprogrammee-apres-38-annees-a-lantenne","status":"publish","type":"post","link":"https:\/\/www.europesays.com\/fr\/238159\/","title":{"rendered":"Une \u00e9mission phare de TF1 sera bient\u00f4t d\u00e9programm\u00e9e apr\u00e8s 38 ann\u00e9es \u00e0 l&rsquo;antenne"},"content":{"rendered":"<p class=\"ap-StoryElement ap-StoryElement--mb ap-StoryText\">Le programme a berc\u00e9 des g\u00e9n\u00e9rations durant 38 ans : \u00ab\u00a0T\u00e9l\u00e9shopping\u00a0\u00bb sur TF1, c&rsquo;est termin\u00e9 ! Selon nos confr\u00e8res du Parisien, la cha\u00eene priv\u00e9e fran\u00e7aise diffusera une ultime fois son \u00e9mission le 31 d\u00e9cembre prochain.<\/p>\n<p class=\"ap-StoryElement ap-StoryElement--mb ap-StoryText\">Le programme avait \u00e9t\u00e9 lanc\u00e9 en 1987 par Pierre Bellemare sous le nom de \u00ab\u00a0Le Magazine de l&rsquo;objet\u00a0\u00bb, avant d&rsquo;\u00eatre rebaptis\u00e9 par le nom qu&rsquo;on lui conna\u00eet aujourd&rsquo;hui. Pr\u00e9sent\u00e9 par Marie-Ange Nardi et Alexandre Devoise, \u00ab\u00a0T\u00e9l\u00e9shopping\u00a0\u00bb voit ses audiences et son chiffre d&rsquo;affaires d\u00e9gringoler depuis plusieurs ann\u00e9es. 124.000 t\u00e9l\u00e9spectateurs regardaient en moyenne l&rsquo;\u00e9mission en 2020 contre seulement 61.000 en 2023.<\/p>\n","protected":false},"excerpt":{"rendered":"Le programme a berc\u00e9 des g\u00e9n\u00e9rations durant 38 ans : \u00ab\u00a0T\u00e9l\u00e9shopping\u00a0\u00bb sur TF1, c&rsquo;est termin\u00e9 ! Selon nos&hellip;\n","protected":false},"author":2,"featured_media":238160,"comment_status":"","ping_status":"","sticky":false,"template":"","format":"standard","meta":{"footnotes":""},"categories":[1356],"tags":[1350,37788,27120,37789,23611,734,37790,37791,1208,35,16798,10006,10007,37792,58,8195,59,674,9513,33982,4816,1011,27,23456,37793,37794,37795,37796,10356,6079,37797,21438,37798,3754,37799,2420,37800,29337,29338,626,19587,37801,37802,37803,19590,252,37804,199,37805,10028,1364,37806,37807],"class_list":{"0":"post-238159","1":"post","2":"type-post","3":"status-publish","4":"format-standard","5":"has-post-thumbnail","7":"category-television","8":"tag-architecture","9":"tag-banner","10":"tag-big","11":"tag-billancourt","12":"tag-boulogne","13":"tag-bouygues","14":"tag-brand","15":"tag-broadcasting","16":"tag-building","17":"tag-business","18":"tag-channel","19":"tag-city","20":"tag-cityscape","21":"tag-company","22":"tag-divertissement","23":"tag-editorial","24":"tag-entertainment","25":"tag-europe","26":"tag-european","27":"tag-exterior","28":"tag-facade","29":"tag-fr","30":"tag-france","31":"tag-french","32":"tag-giant","33":"tag-group","34":"tag-head-office","35":"tag-headquarters","36":"tag-industry","37":"tag-leader","38":"tag-letters","39":"tag-logo","40":"tag-logotype","41":"tag-media","42":"tag-modern","43":"tag-office","44":"tag-office-building","45":"tag-outdoor","46":"tag-outside","47":"tag-paris","48":"tag-sign","49":"tag-signage","50":"tag-skyscraper","51":"tag-subsidiary","52":"tag-symbol","53":"tag-television","54":"tag-television-channel","55":"tag-tf1","56":"tag-tf1-group","57":"tag-tower","58":"tag-tv","59":"tag-tv-channel","60":"tag-tv-studio"},"share_on_mastodon":{"url":"","error":"Validation failed: Text character limit of 500 exceeded"},"_links":{"self":[{"href":"https:\/\/www.europesays.com\/fr\/wp-json\/wp\/v2\/posts\/238159","targetHints":{"allow":["GET"]}}],"collection":[{"href":"https:\/\/www.europesays.com\/fr\/wp-json\/wp\/v2\/posts"}],"about":[{"href":"https:\/\/www.europesays.com\/fr\/wp-json\/wp\/v2\/types\/post"}],"author":[{"embeddable":true,"href":"https:\/\/www.europesays.com\/fr\/wp-json\/wp\/v2\/users\/2"}],"replies":[{"embeddable":true,"href":"https:\/\/www.europesays.com\/fr\/wp-json\/wp\/v2\/comments?post=238159"}],"version-history":[{"count":0,"href":"https:\/\/www.europesays.com\/fr\/wp-json\/wp\/v2\/posts\/238159\/revisions"}],"wp:featuredmedia":[{"embeddable":true,"href":"https:\/\/www.europesays.com\/fr\/wp-json\/wp\/v2\/media\/238160"}],"wp:attachment":[{"href":"https:\/\/www.europesays.com\/fr\/wp-json\/wp\/v2\/media?parent=238159"}],"wp:term":[{"taxonomy":"category","embeddable":true,"href":"https:\/\/www.europesays.com\/fr\/wp-json\/wp\/v2\/categories?post=238159"},{"taxonomy":"post_tag","embeddable":true,"href":"https:\/\/www.europesays.com\/fr\/wp-json\/wp\/v2\/tags?post=238159"}],"curies":[{"name":"wp","href":"https:\/\/api.w.org\/{rel}","templated":true}]}}