{"id":238165,"date":"2025-07-09T17:56:11","date_gmt":"2025-07-09T17:56:11","guid":{"rendered":"https:\/\/www.europesays.com\/fr\/238165\/"},"modified":"2025-07-09T17:56:11","modified_gmt":"2025-07-09T17:56:11","slug":"une-mortalite-historiquement-basse-en-france-sauf-dans-les-drom","status":"publish","type":"post","link":"https:\/\/www.europesays.com\/fr\/238165\/","title":{"rendered":"Une mortalit\u00e9 historiquement basse en France, sauf dans les DROM"},"content":{"rendered":"<p>L\u2019ann\u00e9e 2023 a \u00e9t\u00e9 marqu\u00e9e par une nette diminution du nombre de d\u00e9c\u00e8s \u00e0 l\u2019\u00e9chelle nationale. Ce recul s\u2019explique en grande partie par la fin des vagues \u00e9pid\u00e9miques de Covid-19, qui avaient fortement impact\u00e9 les statistiques de mortalit\u00e9 depuis 2020.\u00a0<\/p>\n<p>Cette am\u00e9lioration globale des indicateurs refl\u00e8te une reprise de la normalit\u00e9 sanitaire, m\u00eame si certains facteurs de mortalit\u00e9, comme les maladies chroniques, restent pr\u00e9occupants.<\/p>\n<p>Des DROM toujours durement touch\u00e9s<\/p>\n<p>Derri\u00e8re la tendance nationale favorable, les disparit\u00e9s territoriales restent marqu\u00e9es. Les d\u00e9partements et r\u00e9gions d\u2019Outre-mer (DROM) continuent d\u2019enregistrer des taux de mortalit\u00e9 bien sup\u00e9rieurs \u00e0 la moyenne nationale. En 2023, les d\u00e9c\u00e8s y ont d\u00e9pass\u00e9 les seuils habituels, avec des <strong>pics particuli\u00e8rement pr\u00e9occupants \u00e0 Mayotte (+89 %) <\/strong>et <strong>en Guyane (+37 %).<\/strong><\/p>\n<p>La situation est \u00e9galement moins favorable dans certaines r\u00e9gions de l\u2019Hexagone, comme le Nord et l\u2019Est, o\u00f9 les Hauts-de-France enregistrent un exc\u00e9dent de mortalit\u00e9 d\u2019environ 17 %.<\/p>\n<p>Des maladies in\u00e9galement r\u00e9parties<\/p>\n<p>Les \u00e9carts s\u2019expliquent principalement par les maladies cardio-neurovasculaires, qui frappent plus durement les populations ultramarines, \u00e0 l\u2019exception notable de Mayotte.\u00a0<\/p>\n<p>Les cancers demeurent quant \u00e0 eux la premi\u00e8re cause de mortalit\u00e9 en France. Toutefois, leur fr\u00e9quence est plus faible dans les DROM, o\u00f9 d\u2019autres pathologies (infectieuses, endocriniennes, respiratoires ou encore li\u00e9es \u00e0 des d\u00e9ficiences immunitaires) prennent le relais.<\/p>\n<p>Parmi les grandes causes de mortalit\u00e9, seules <strong>les maladies du syst\u00e8me nerveux affichent une r\u00e9partition homog\u00e8ne<\/strong> sur l\u2019ensemble des\u00a0territoires fran\u00e7ais.<\/p>\n","protected":false},"excerpt":{"rendered":"L\u2019ann\u00e9e 2023 a \u00e9t\u00e9 marqu\u00e9e par une nette diminution du nombre de d\u00e9c\u00e8s \u00e0 l\u2019\u00e9chelle nationale. Ce recul&hellip;\n","protected":false},"author":2,"featured_media":238166,"comment_status":"","ping_status":"","sticky":false,"template":"","format":"standard","meta":{"footnotes":""},"categories":[10],"tags":[1011,27,72,71],"class_list":{"0":"post-238165","1":"post","2":"type-post","3":"status-publish","4":"format-standard","5":"has-post-thumbnail","7":"category-sante","8":"tag-fr","9":"tag-france","10":"tag-health","11":"tag-sante"},"share_on_mastodon":{"url":"","error":""},"_links":{"self":[{"href":"https:\/\/www.europesays.com\/fr\/wp-json\/wp\/v2\/posts\/238165","targetHints":{"allow":["GET"]}}],"collection":[{"href":"https:\/\/www.europesays.com\/fr\/wp-json\/wp\/v2\/posts"}],"about":[{"href":"https:\/\/www.europesays.com\/fr\/wp-json\/wp\/v2\/types\/post"}],"author":[{"embeddable":true,"href":"https:\/\/www.europesays.com\/fr\/wp-json\/wp\/v2\/users\/2"}],"replies":[{"embeddable":true,"href":"https:\/\/www.europesays.com\/fr\/wp-json\/wp\/v2\/comments?post=238165"}],"version-history":[{"count":0,"href":"https:\/\/www.europesays.com\/fr\/wp-json\/wp\/v2\/posts\/238165\/revisions"}],"wp:featuredmedia":[{"embeddable":true,"href":"https:\/\/www.europesays.com\/fr\/wp-json\/wp\/v2\/media\/238166"}],"wp:attachment":[{"href":"https:\/\/www.europesays.com\/fr\/wp-json\/wp\/v2\/media?parent=238165"}],"wp:term":[{"taxonomy":"category","embeddable":true,"href":"https:\/\/www.europesays.com\/fr\/wp-json\/wp\/v2\/categories?post=238165"},{"taxonomy":"post_tag","embeddable":true,"href":"https:\/\/www.europesays.com\/fr\/wp-json\/wp\/v2\/tags?post=238165"}],"curies":[{"name":"wp","href":"https:\/\/api.w.org\/{rel}","templated":true}]}}