{"id":238167,"date":"2025-07-09T17:57:15","date_gmt":"2025-07-09T17:57:15","guid":{"rendered":"https:\/\/www.europesays.com\/fr\/238167\/"},"modified":"2025-07-09T17:57:15","modified_gmt":"2025-07-09T17:57:15","slug":"revivez-le-chrono-autour-de-caen","status":"publish","type":"post","link":"https:\/\/www.europesays.com\/fr\/238167\/","title":{"rendered":"revivez le chrono autour de Caen"},"content":{"rendered":"<p>&#13;<br \/>\n                &#13;<\/p>\n<li id=\"fbb8dfcc-bf58-49c1-9f30-b8ba357eaa0e\" class=\"instant Intermediate  \">&#13;<br \/>\n&#13;<\/p>\n<p class=\"instantHeadline Default \">19:09<\/p>\n<p>&#13;<br \/>\n    &#13;<br \/>\n            Bonne soir\u00e9e \u00e0 toutes et \u00e0 tous !&#13;<br \/>\n    &#13;<br \/>\n    &#13;<\/p>\n<p>Merci d&rsquo;avoir suivi cette cinqui\u00e8me\u00a0\u00e9tape en notre compagnie. On se retrouve demain pour la suite de la Grande Boucle.\u00a0<\/p>\n<p>\t    &#13;\n            <\/li>\n<p>&#13;<\/p>\n<li class=\"instant related-instant\">&#13;<br \/>\n                 &#13;\n            <\/li>\n<p>&#13;<br \/>\n                    &#13;<\/p>\n<li id=\"58550386-0f02-4eb6-9c34-2bc188dfbe4b\" class=\"instant Intermediate  \">&#13;<br \/>\n&#13;<\/p>\n<p class=\"instantHeadline Default \">19:04<\/p>\n<p>&#13;<br \/>\n    &#13;<br \/>\n            Le programme de jeudi&#13;<br \/>\n    &#13;<br \/>\n    &#13;<\/p>\n<p>La 6e \u00e9tape du Tour de France jeudi entre Bayeux, la ville natale de K\u00e9vin Vauquelin, et Vire ressemble \u00e0 un mini \u00ab\u00a0Li\u00e8ge-Bastogne-Li\u00e8ge\u00a0\u00bb avec un parcours tr\u00e8s accident\u00e9 dans la Suisse normande. Six difficult\u00e9s r\u00e9pertori\u00e9es sur 202\u00a0km pour un d\u00e9nivel\u00e9 total de 3\u200a550\u00a0m sont au programme de la journ\u00e9e.<\/p>\n<p>Le trac\u00e9, tr\u00e8s casse-pattes, alterne les mont\u00e9es et les descentes avant la c\u00f4te de Vaudry qui propose, sur ses 700 derniers m\u00e8tres, une pente \u00e0 10\u00a0%&#8230; Le tout \u00e0 quatre kilom\u00e8tres de la ligne. L\u2019arriv\u00e9e aussi sera jug\u00e9e au sommet d\u2019une rampe qui est non r\u00e9pertori\u00e9e, \u00ab\u00a0mais dont les derniers m\u00e8tres sont \u00e0 13\/14\u00a0%\u00a0\u00bb, pr\u00e9vient Thierry Gouvenou, l\u2019architecte du Tour.<\/p>\n<p class=\"note\">D\u00e9part de Bayeux \u00e0 12h35 (r\u00e9el \u00e0 12h45), arriv\u00e9e \u00e0 Vire \u00e0 17h26 (horaire calcul\u00e9 sur une moyenne de 43\u00a0km\/h).<\/p>\n<p>\t    &#13;<br \/>\n            &#13;<\/p>\n<p>            &#13;<br \/>\n    &#13;<br \/>\n    &#13;<br \/>\n    <a href=\"https:\/\/cdn-s-www.ledauphine.com\/images\/2aa23d42-b378-48bb-be74-d885e5d4240e\/NW_raw\/infographie-visactu-1752080865.jpg\" title=\"Infographie Visactu\" class=\"chocolat-image GA-tracking\" data-ga_type=\"click\" data-ga_category=\"D\u00e9tail\" data-ga_action=\"zoomer\" data-ga_label=\"aggrandir image\" target=\"_blank\" rel=\"noopener\">&#13;<br \/>\n        <img src=\"https:\/\/www.europesays.com\/fr\/wp-content\/uploads\/2025\/07\/infographie-visactu-1752080865.jpg\"   alt=\"Infographie Visactu\" fetchpriority=\"high\" decoding=\"async\" data-mobile=\"NW_listA_M|1752080865\" data-base=\"NW_listA|1752080865\"\/>&#13;<br \/>\n    <\/a>&#13;<br \/>\n    Infographie Visactu<br \/>\n    \t    &#13;\n            <\/li>\n<p>&#13;<br \/>\n                    &#13;<\/p>\n<li id=\"67cad141-5f9b-4ce2-bbf3-40793b0ee069\" class=\"instant Intermediate  \">&#13;<br \/>\n&#13;<\/p>\n<p class=\"instantHeadline Default \">18:56<\/p>\n<p>&#13;<br \/>\n    &#13;<br \/>\n            Pogacar, Evenepoel, Vauquelin&#8230; Les coureurs s&rsquo;expriment apr\u00e8s la 5e \u00e9tape&#13;<br \/>\n    &#13;<br \/>\n    &#13;<\/p>\n<p>Tadej Pogacar, au micro de France T\u00e9l\u00e9visions : \u00ab Aujourd&rsquo;hui j\u2019ai d\u00e9pass\u00e9 mes attentes. Au bout du compte, j\u2019ai termin\u00e9 assez proche de Remco (Evenepoel). 16 secondes, ce n\u2019est pas tant que \u00e7a. Je suis vraiment tr\u00e8s heureux d\u2019\u00eatre derri\u00e8re le meilleur du monde de la discipline. \u00bb<\/p>\n<p><strong><a href=\"https:\/\/www.ledauphine.com\/tour-de-france\/2025\/07\/09\/aujourd-hui-j-ai-depasse-mes-attentes-toutes-les-reactions-apres-la-cinquieme-etape\" target=\"_blank\" rel=\"noopener\">\u00c0 lire : Toutes les r\u00e9actions apr\u00e8s la cinqui\u00e8me \u00e9tape<\/a><\/strong><\/p>\n<p>\t    &#13;\n            <\/li>\n<p>&#13;<br \/>\n                    &#13;<\/p>\n<li id=\"4e9425a3-4ddd-4862-873e-5b00a89b7b95\" class=\"instant Intermediate  \">&#13;<br \/>\n&#13;<\/p>\n<p class=\"instantHeadline Default \">18:52<\/p>\n<p>&#13;<br \/>\n    &#13;<br \/>\n            Les classements annexes&#13;<br \/>\n    &#13;<br \/>\n    &#13;<\/p>\n<p><strong>Maillot vert<\/strong> :<br \/>1. Tadej Pogacar (SLO\/UAD) 97 pts<br \/>2. Jonathan Milan (ITA\/LTK) 92 pts<br \/>3. Biniam Girmay (ERY\/IWA) 87 pts<br \/>4. Mathieu van der Poel (PBS\/ADC) 80 pts<br \/>5. Tim Merlier (BEL\/SOQ) 72 pts<\/p>\n<p><strong>Maillot \u00e0 pois<\/strong> :<br \/>1. Tadej Pogacar (SLO\/UAD) 5 pts<br \/>2. Tim Wellens (BEL\/UAD) 5 pts<br \/>3. Jonas Vingegaard (DAN\/TVL) 3 pts<br \/><strong>4. Lenny Martinez<\/strong> (FRA\/TBV) 2 pts<br \/><strong>5. Benjamin Thomas<\/strong> (FRA\/COF) 2 pts<\/p>\n<p><strong>Maillot blanc<\/strong> :<br \/>1. Remco Evenepoel (BEL\/SOQ) 17h23&rsquo;40\u00a0\u00bb<br \/><strong>2. K\u00e9vin Vauquelin<\/strong> (FRA\/ARK) \u00e0 17\u00a0\u00bb<br \/>3. Florian Lipowitz (ALL\/RBH) \u00e0 1&rsquo;49\u00a0\u00bb<br \/>4. Mattias Skjelmose (DAN\/LTK) \u00e0 1&rsquo;50\u00a0\u00bb<br \/>5. Oscar Onley (GBR\/DFP) \u00e0 1&rsquo;59\u00a0\u00bb<\/p>\n<p><strong>Classement par \u00e9quipes<\/strong> :<br \/>1. Visma-Lease a Bike 52h13&rsquo;11\u00a0\u00bb<br \/>2. UAE Team Emirates-XRG\u00a0\u00e0 1&rsquo;28\u00a0\u00bb<br \/><strong>3. Groupama-FDJ<\/strong> \u00e0 7&rsquo;14\u00a0\u00bb<br \/><strong>4. D\u00e9cathlon-AG2R La Mondiale<\/strong> \u00e0 7&rsquo;20\u00a0\u00bb<br \/><strong>5. Ark\u00e9a-B&amp;B Hotels<\/strong> \u00e0 8&rsquo;08\u00a0\u00bb<\/p>\n<p>\t    &#13;<br \/>\n            &#13;<\/p>\n<p>Ce contenu est bloqu\u00e9 car vous n&rsquo;avez pas accept\u00e9 les cookies et autres traceurs.<\/p>\n<p>En cliquant sur \u00ab J\u2019accepte \u00bb, les cookies et autres traceurs seront d\u00e9pos\u00e9s et vous pourrez visualiser les contenus  (<a href=\"\" class=\"consentModule_policy\" target=\"_blank\" title=\"Consulter la politique de protection des donn\u00e9es du fournisseur\">plus d&rsquo;informations<\/a>).<\/p>\n<p>En cliquant sur \u00ab J\u2019accepte tous les cookies \u00bb, vous autorisez des d\u00e9p\u00f4ts de cookies et autres traceurs pour le stockage de vos donn\u00e9es sur nos sites et applications \u00e0 des fins de personnalisation et de ciblage publicitaire.<\/p>\n<p class=\"consentModule_secondaryText\">Vous gardez la possibilit\u00e9 de retirer votre consentement \u00e0 tout moment en consultant notre <a href=\"https:\/\/www.ledauphine.com\/protection-des-donnees\" target=\"_blank\" title=\"Consulter notre politique de protection des donn\u00e9es\" rel=\"noopener\">politique de protection des donn\u00e9es<\/a>. <br \/>&#13;<br \/>\n            <a href=\"https:\/\/www.ledauphine.com\/tour-de-france\/2025\/07\/09\/javascript:Didomi.notice.show()\" class=\"consentModule_cmp\" target=\"_blank\" rel=\"noopener\">G\u00e9rer mes choix<\/a>&#13;\n        <\/p>\n<p>&#13;<br \/>\n                        J&rsquo;accepte&#13;<br \/>\n            J&rsquo;accepte tous les cookies&#13;\n        <\/p>\n<p>    <img class=\"placeholder-svg\" loading=\"lazy\" decoding=\"async\" src=\"https:\/\/cdn-files.prsmedia.fr\/files\/REDAC\/images\/svg\/placeholders\/twitter-X.svg\" alt=\"Twitter PlaceHolder\"\/><\/p>\n<p>            &#13;<br \/>\n\t    &#13;\n            <\/li>\n<p>&#13;<br \/>\n                    &#13;<\/p>\n<li id=\"2a895570-2dd3-4fa4-b4f6-c6265bf37c4e\" class=\"instant Intermediate  \">&#13;<br \/>\n&#13;<\/p>\n<p class=\"instantHeadline Default \">18:40<\/p>\n<p>&#13;<br \/>\n    &#13;<br \/>\n            Le classement g\u00e9n\u00e9ral&#13;<br \/>\n    &#13;<br \/>\n    &#13;<\/p>\n<p>1. Tadej Pogacar (SLO\/UAD) 17h22&rsquo;58\u00a0\u00bb<br \/>2. Remco Evenepoel (BEL\/SOQ) \u00e0 42\u00a0\u00bb<br \/><strong>3. K\u00e9vin Vauquelin<\/strong> (FRA\/ARK) \u00e0 59\u00a0\u00bb<br \/>4. Jonas Vingegaard (DAN\/TVL) \u00e0 1&rsquo;13\u00a0\u00bb<br \/>5. Matteo Jorgenson (USA\/TVL) \u00e0 1&rsquo;22\u00a0\u00bb<br \/>6. Mathieu van der Poel (PBS\/ADC) \u00e0 1&rsquo;28\u00a0\u00bb<br \/>7. Joao Almeida (POR\/UAD) \u00e0 1&rsquo;53\u00a0\u00bb<br \/>8. Primoz Roglic (SLO\/RBH) \u00e0 2&rsquo;30\u00a0\u00bb<br \/>9. Florian Lipowitz (ALL\/RBH) \u00e0 2&rsquo;31\u00a0\u00bb<br \/>10. Mattias Skjelmose (DAN\/LTK) \u00e0 2&rsquo;32\u00a0\u00bb<\/p>\n<p>\t    &#13;\n            <\/li>\n<p>&#13;<br \/>\n                    &#13;<\/p>\n<li id=\"05533589-0821-456a-b812-63d2bfcbdd9e\" class=\"instant Intermediate  \">&#13;<br \/>\n&#13;<\/p>\n<p class=\"instantHeadline Default \">17:48<\/p>\n<p>&#13;<br \/>\n    &#13;<br \/>\n            Le classement de la 5e \u00e9tape&#13;<br \/>\n    &#13;<br \/>\n    &#13;<\/p>\n<p>1. Remco Evenepoel (BEL\/SOQ) les 33 km en 36&rsquo;42\u00a0\u00bb<br \/>2. Tadej Pogacar (SLO\/UAD) \u00e0 16\u00a0\u00bb<br \/>3. Edoardo Affini (ITA\/TVL) \u00e0 33\u00a0\u00bb<br \/><strong>4. Bruno Armirail<\/strong> (FRA\/DAT) \u00e0 35\u00a0\u00bb<br \/><strong>5. K\u00e9vin Vauquelin<\/strong> (FRA\/ARK) \u00e0 49\u00a0\u00bb<br \/>6. Florian Lipowitz (ALL\/RBH) \u00e0 58\u00a0\u00bb<br \/>7. Ivan Romeo (ESP\/MOV) \u00e0 1&rsquo;02\u00a0\u00bb<br \/>8. Joao Almeida (POR\/UAD) \u00e0 1&rsquo;14\u00a0\u00bb<br \/>9. Lucas Plapp (AUS\/JAY) \u00e0 1&rsquo;17\u00a0\u00bb<br \/>10. Pablo Castrillo (ESP\/MOV) \u00e0 1&rsquo;18\u00a0\u00bb<\/p>\n<p>\t    &#13;\n            <\/li>\n<p>&#13;<br \/>\n                    &#13;<\/p>\n<li id=\"b7f973aa-f756-4d1b-9b2e-c832d0d7b730\" class=\"instant Highlight  \">&#13;<br \/>\n&#13;<\/p>\n<p class=\"instantHeadline  \">17:40<\/p>\n<p>&#13;<br \/>\n    &#13;<br \/>\n            Van der Poel n&rsquo;a plus le maillot jaune&#13;<br \/>\n    &#13;<br \/>\n    &#13;<\/p>\n<p>Mathieu van der Poel (Alpecin-Deceuninck) est loin derri\u00e8re Tadej Pogacar \u00e0 l&rsquo;issue de ce contre-la-montre et perd donc son maillot jaune. Il termine les 33 km en 38&rsquo;26\u00a0\u00bb, \u00e0 1min44 de Remco Evenepoel.<\/p>\n<p>\t    &#13;<br \/>\n            &#13;<\/p>\n<p>Ce contenu est bloqu\u00e9 car vous n&rsquo;avez pas accept\u00e9 les cookies et autres traceurs.<\/p>\n<p>En cliquant sur \u00ab J\u2019accepte \u00bb, les cookies et autres traceurs seront d\u00e9pos\u00e9s et vous pourrez visualiser les contenus  (<a href=\"\" class=\"consentModule_policy\" target=\"_blank\" title=\"Consulter la politique de protection des donn\u00e9es du fournisseur\">plus d&rsquo;informations<\/a>).<\/p>\n<p>En cliquant sur \u00ab J\u2019accepte tous les cookies \u00bb, vous autorisez des d\u00e9p\u00f4ts de cookies et autres traceurs pour le stockage de vos donn\u00e9es sur nos sites et applications \u00e0 des fins de personnalisation et de ciblage publicitaire.<\/p>\n<p class=\"consentModule_secondaryText\">Vous gardez la possibilit\u00e9 de retirer votre consentement \u00e0 tout moment en consultant notre <a href=\"https:\/\/www.ledauphine.com\/protection-des-donnees\" target=\"_blank\" title=\"Consulter notre politique de protection des donn\u00e9es\" rel=\"noopener\">politique de protection des donn\u00e9es<\/a>. <br \/>&#13;<br \/>\n            <a href=\"https:\/\/www.ledauphine.com\/tour-de-france\/2025\/07\/09\/javascript:Didomi.notice.show()\" class=\"consentModule_cmp\" target=\"_blank\" rel=\"noopener\">G\u00e9rer mes choix<\/a>&#13;\n        <\/p>\n<p>&#13;<br \/>\n                        J&rsquo;accepte&#13;<br \/>\n            J&rsquo;accepte tous les cookies&#13;\n        <\/p>\n<p>    <img class=\"placeholder-svg\" loading=\"lazy\" decoding=\"async\" src=\"https:\/\/cdn-files.prsmedia.fr\/files\/REDAC\/images\/svg\/placeholders\/twitter-X.svg\" alt=\"Twitter PlaceHolder\"\/><\/p>\n<p>            &#13;<br \/>\n\t    &#13;\n            <\/li>\n<p>&#13;<br \/>\n                    &#13;<\/p>\n<li id=\"a6b1868f-6b32-4bc0-8d6c-62146a908389\" class=\"instant Highlight  \">&#13;<br \/>\n&#13;<\/p>\n<p class=\"instantHeadline  \">17:37<\/p>\n<p>&#13;<br \/>\n    &#13;<br \/>\n            Pogacar d\u00e9sormais premier au g\u00e9n\u00e9ral&#13;<br \/>\n    &#13;<br \/>\n    &#13;<\/p>\n<p>Le Slov\u00e8ne Tadej Pogacar (UAE Team Emirates-XRG), boucle le parcours en 36&rsquo;58\u00a0\u00bb, \u00e0 seulement 16 secondes de Remco Evenepoel.\u00a0Le triple vainqueur du Tour de France s&#8217;empare du maillot jaune de leader.<\/p>\n<p>\t    &#13;<br \/>\n            &#13;<\/p>\n<p>Ce contenu est bloqu\u00e9 car vous n&rsquo;avez pas accept\u00e9 les cookies et autres traceurs.<\/p>\n<p>En cliquant sur \u00ab J\u2019accepte \u00bb, les cookies et autres traceurs seront d\u00e9pos\u00e9s et vous pourrez visualiser les contenus  (<a href=\"\" class=\"consentModule_policy\" target=\"_blank\" title=\"Consulter la politique de protection des donn\u00e9es du fournisseur\">plus d&rsquo;informations<\/a>).<\/p>\n<p>En cliquant sur \u00ab J\u2019accepte tous les cookies \u00bb, vous autorisez des d\u00e9p\u00f4ts de cookies et autres traceurs pour le stockage de vos donn\u00e9es sur nos sites et applications \u00e0 des fins de personnalisation et de ciblage publicitaire.<\/p>\n<p class=\"consentModule_secondaryText\">Vous gardez la possibilit\u00e9 de retirer votre consentement \u00e0 tout moment en consultant notre <a href=\"https:\/\/www.ledauphine.com\/protection-des-donnees\" target=\"_blank\" title=\"Consulter notre politique de protection des donn\u00e9es\" rel=\"noopener\">politique de protection des donn\u00e9es<\/a>. <br \/>&#13;<br \/>\n            <a href=\"https:\/\/www.ledauphine.com\/tour-de-france\/2025\/07\/09\/javascript:Didomi.notice.show()\" class=\"consentModule_cmp\" target=\"_blank\" rel=\"noopener\">G\u00e9rer mes choix<\/a>&#13;\n        <\/p>\n<p>&#13;<br \/>\n                        J&rsquo;accepte&#13;<br \/>\n            J&rsquo;accepte tous les cookies&#13;\n        <\/p>\n<p>    <img class=\"placeholder-svg\" loading=\"lazy\" decoding=\"async\" src=\"https:\/\/cdn-files.prsmedia.fr\/files\/REDAC\/images\/svg\/placeholders\/twitter-X.svg\" alt=\"Twitter PlaceHolder\"\/><\/p>\n<p>            &#13;<br \/>\n\t    &#13;\n            <\/li>\n<p>&#13;<br \/>\n                    &#13;<\/p>\n<li id=\"f2d4f7dc-269f-4ab9-a006-2f649aa523df\" class=\"instant Intermediate  \">&#13;<br \/>\n&#13;<\/p>\n<p class=\"instantHeadline Default \">17:35<\/p>\n<p>&#13;<br \/>\n    &#13;<br \/>\n            Vingegaard d\u00e9\u00e7oit&#13;<br \/>\n    &#13;<br \/>\n    &#13;<\/p>\n<p>Le Danois Jonas Vingegaard (Visma-Lease a Bike) termine ce contre-la-montre en 38&rsquo;03, \u00e0 1min21 de Remco Evenepoel.<\/p>\n<p>\t    &#13;\n            <\/li>\n<p>&#13;<br \/>\n                    &#13;<\/p>\n<li id=\"54f6984e-7aa2-4f75-bbf0-fcbc8a8a0b54\" class=\"instant Intermediate  \">&#13;<br \/>\n&#13;<\/p>\n<p class=\"instantHeadline Default \">17:31<\/p>\n<p>&#13;<br \/>\n    &#13;<br \/>\n            Tr\u00e8s beau chrono de Vauquelin&#13;<br \/>\n    &#13;<br \/>\n    &#13;<\/p>\n<p>Le Fran\u00e7ais K\u00e9vin Vauquelin (Ark\u00e9a-B&amp;B H\u00f4tels) termine le contre-la-montre en 37&rsquo;31\u00a0\u00bb. Il compte 49 secondes de retard sur Remco Evenepoel.<\/p>\n<p>\t    &#13;\n            <\/li>\n<p>&#13;<br \/>\n                    &#13;<\/p>\n<li id=\"b1769659-49f6-4f30-9727-70b4c70fd171\" class=\"instant Highlight  \">&#13;<br \/>\n&#13;<\/p>\n<p class=\"instantHeadline  \">17:22<\/p>\n<p>&#13;<br \/>\n    &#13;<br \/>\n            Evenepoel nouveau leader&#13;<br \/>\n    &#13;<br \/>\n    &#13;<\/p>\n<p>Le Belge\u00a0Remco Evenepoel (Soudal Quick-Step) s&#8217;empare de la premi\u00e8re place de ce contre-la-montre gr\u00e2ce \u00e0 son excellent chrono\u00a0(36&rsquo;42\u00a0\u00bb, 54km\/h de moyenne). Il devance de 33 secondes l&rsquo;Italien Edoardo Affini.<\/p>\n<p>\t    &#13;<br \/>\n            &#13;<\/p>\n<p>Ce contenu est bloqu\u00e9 car vous n&rsquo;avez pas accept\u00e9 les cookies et autres traceurs.<\/p>\n<p>En cliquant sur \u00ab J\u2019accepte \u00bb, les cookies et autres traceurs seront d\u00e9pos\u00e9s et vous pourrez visualiser les contenus  (<a href=\"\" class=\"consentModule_policy\" target=\"_blank\" title=\"Consulter la politique de protection des donn\u00e9es du fournisseur\">plus d&rsquo;informations<\/a>).<\/p>\n<p>En cliquant sur \u00ab J\u2019accepte tous les cookies \u00bb, vous autorisez des d\u00e9p\u00f4ts de cookies et autres traceurs pour le stockage de vos donn\u00e9es sur nos sites et applications \u00e0 des fins de personnalisation et de ciblage publicitaire.<\/p>\n<p class=\"consentModule_secondaryText\">Vous gardez la possibilit\u00e9 de retirer votre consentement \u00e0 tout moment en consultant notre <a href=\"https:\/\/www.ledauphine.com\/protection-des-donnees\" target=\"_blank\" title=\"Consulter notre politique de protection des donn\u00e9es\" rel=\"noopener\">politique de protection des donn\u00e9es<\/a>. <br \/>&#13;<br \/>\n            <a href=\"https:\/\/www.ledauphine.com\/tour-de-france\/2025\/07\/09\/javascript:Didomi.notice.show()\" class=\"consentModule_cmp\" target=\"_blank\" rel=\"noopener\">G\u00e9rer mes choix<\/a>&#13;\n        <\/p>\n<p>&#13;<br \/>\n                        J&rsquo;accepte&#13;<br \/>\n            J&rsquo;accepte tous les cookies&#13;\n        <\/p>\n<p>    <img class=\"placeholder-svg\" loading=\"lazy\" decoding=\"async\" src=\"https:\/\/cdn-files.prsmedia.fr\/files\/REDAC\/images\/svg\/placeholders\/twitter-X.svg\" alt=\"Twitter PlaceHolder\"\/><\/p>\n<p>            &#13;<br \/>\n\t    &#13;\n            <\/li>\n<p>&#13;<br \/>\n                    &#13;<\/p>\n<li id=\"42a82d42-96e9-432f-bb3d-0a020bf30de6\" class=\"instant Basic  \">&#13;<br \/>\n&#13;<\/p>\n<p class=\"instantHeadline Default \">17:16<\/p>\n<p>&#13;<br \/>\n    &#13;<\/p>\n<p>Le Slov\u00e8ne Primoz Roglic (Red Bull-Bora Hansgrohe) boucle le parcours en 38&rsquo;01\u00a0\u00bb, \u00e0 46 secondes du leader.<\/p>\n<p>&#13;<br \/>\n    &#13;\n    <\/li>\n<p>&#13;<br \/>\n                    &#13;<\/p>\n<li id=\"a13eac7d-fa93-4afb-9b72-398ba7f7c929\" class=\"instant Intermediate  \">&#13;<br \/>\n&#13;<\/p>\n<p class=\"instantHeadline Default \">17:00<\/p>\n<p>&#13;<br \/>\n    &#13;<br \/>\n            Van der Poel dernier coureur \u00e0 partir&#13;<br \/>\n    &#13;<br \/>\n    &#13;<\/p>\n<p>Le Maillot Jaune, Mathieu van der Poel, est l&rsquo;ultime coureur \u00e0 prendre le d\u00e9part de ce contre-la-montre. Va-t-il conserver sa tunique de leader \u00e0 l&rsquo;issue de cette journ\u00e9e ?<\/p>\n<p>\t    &#13;\n            <\/li>\n<p>&#13;<br \/>\n                    &#13;<\/p>\n<li id=\"9d94a4ca-8376-4a83-a0c2-683051498d4a\" class=\"instant Intermediate  \">&#13;<br \/>\n&#13;<\/p>\n<p class=\"instantHeadline Default \">16:58<\/p>\n<p>&#13;<br \/>\n    &#13;<br \/>\n            Grand d\u00e9part de Tadej Pogacar&#13;<br \/>\n    &#13;<br \/>\n    &#13;<\/p>\n<p>Le Slov\u00e8ne Tadej Pogacar (UAE Team Emirates-XRG), triple vainqueur du Tour de France (2020, 2021 et 2024), s&rsquo;\u00e9lance.<\/p>\n<p>\t    &#13;<br \/>\n            &#13;<\/p>\n<p>Ce contenu est bloqu\u00e9 car vous n&rsquo;avez pas accept\u00e9 les cookies et autres traceurs.<\/p>\n<p>En cliquant sur \u00ab J\u2019accepte \u00bb, les cookies et autres traceurs seront d\u00e9pos\u00e9s et vous pourrez visualiser les contenus  (<a href=\"\" class=\"consentModule_policy\" target=\"_blank\" title=\"Consulter la politique de protection des donn\u00e9es du fournisseur\">plus d&rsquo;informations<\/a>).<\/p>\n<p>En cliquant sur \u00ab J\u2019accepte tous les cookies \u00bb, vous autorisez des d\u00e9p\u00f4ts de cookies et autres traceurs pour le stockage de vos donn\u00e9es sur nos sites et applications \u00e0 des fins de personnalisation et de ciblage publicitaire.<\/p>\n<p class=\"consentModule_secondaryText\">Vous gardez la possibilit\u00e9 de retirer votre consentement \u00e0 tout moment en consultant notre <a href=\"https:\/\/www.ledauphine.com\/protection-des-donnees\" target=\"_blank\" title=\"Consulter notre politique de protection des donn\u00e9es\" rel=\"noopener\">politique de protection des donn\u00e9es<\/a>. <br \/>&#13;<br \/>\n            <a href=\"https:\/\/www.ledauphine.com\/tour-de-france\/2025\/07\/09\/javascript:Didomi.notice.show()\" class=\"consentModule_cmp\" target=\"_blank\" rel=\"noopener\">G\u00e9rer mes choix<\/a>&#13;\n        <\/p>\n<p>&#13;<br \/>\n                        J&rsquo;accepte&#13;<br \/>\n            J&rsquo;accepte tous les cookies&#13;\n        <\/p>\n<p>    <img class=\"placeholder-svg\" loading=\"lazy\" decoding=\"async\" src=\"https:\/\/cdn-files.prsmedia.fr\/files\/REDAC\/images\/svg\/placeholders\/twitter-X.svg\" alt=\"Twitter PlaceHolder\"\/><\/p>\n<p>            &#13;<br \/>\n\t    &#13;\n            <\/li>\n<p>&#13;<br \/>\n                    &#13;<\/p>\n<li id=\"3d66bf9d-2c9f-4107-bf76-e0df6d09cf74\" class=\"instant Intermediate  \">&#13;<br \/>\n&#13;<\/p>\n<p class=\"instantHeadline Default \">16:56<\/p>\n<p>&#13;<br \/>\n    &#13;<br \/>\n            Jonas Vingegaard s&rsquo;\u00e9lance&#13;<br \/>\n    &#13;<br \/>\n    &#13;<\/p>\n<p>Le Danois Jonas Vingegaard (Visma-Lease a Bike), vainqueur du Tour de France \u00e0 deux reprises (2022 et 2023), prend le d\u00e9part de cette 5e \u00e9tape.<\/p>\n<p>\t    &#13;<br \/>\n            &#13;<\/p>\n<p>Ce contenu est bloqu\u00e9 car vous n&rsquo;avez pas accept\u00e9 les cookies et autres traceurs.<\/p>\n<p>En cliquant sur \u00ab J\u2019accepte \u00bb, les cookies et autres traceurs seront d\u00e9pos\u00e9s et vous pourrez visualiser les contenus  (<a href=\"\" class=\"consentModule_policy\" target=\"_blank\" title=\"Consulter la politique de protection des donn\u00e9es du fournisseur\">plus d&rsquo;informations<\/a>).<\/p>\n<p>En cliquant sur \u00ab J\u2019accepte tous les cookies \u00bb, vous autorisez des d\u00e9p\u00f4ts de cookies et autres traceurs pour le stockage de vos donn\u00e9es sur nos sites et applications \u00e0 des fins de personnalisation et de ciblage publicitaire.<\/p>\n<p class=\"consentModule_secondaryText\">Vous gardez la possibilit\u00e9 de retirer votre consentement \u00e0 tout moment en consultant notre <a href=\"https:\/\/www.ledauphine.com\/protection-des-donnees\" target=\"_blank\" title=\"Consulter notre politique de protection des donn\u00e9es\" rel=\"noopener\">politique de protection des donn\u00e9es<\/a>. <br \/>&#13;<br \/>\n            <a href=\"https:\/\/www.ledauphine.com\/tour-de-france\/2025\/07\/09\/javascript:Didomi.notice.show()\" class=\"consentModule_cmp\" target=\"_blank\" rel=\"noopener\">G\u00e9rer mes choix<\/a>&#13;\n        <\/p>\n<p>&#13;<br \/>\n                        J&rsquo;accepte&#13;<br \/>\n            J&rsquo;accepte tous les cookies&#13;\n        <\/p>\n<p>    <img class=\"placeholder-svg\" loading=\"lazy\" decoding=\"async\" src=\"https:\/\/cdn-files.prsmedia.fr\/files\/REDAC\/images\/svg\/placeholders\/twitter-X.svg\" alt=\"Twitter PlaceHolder\"\/><\/p>\n<p>            &#13;<br \/>\n\t    &#13;\n            <\/li>\n<p>&#13;<br \/>\n                    &#13;<\/p>\n<li id=\"0e4d46a9-da08-4f81-adc2-025de72145e8\" class=\"instant Intermediate  \">&#13;<br \/>\n&#13;<\/p>\n<p class=\"instantHeadline Default \">16:54<\/p>\n<p>&#13;<br \/>\n    &#13;<br \/>\n            D\u00e9part de Jorgenson&#13;<br \/>\n    &#13;<br \/>\n    &#13;<\/p>\n<p>L&rsquo;Am\u00e9ricain Matteo Jorgenson (Visma-Lease a Bike) d\u00e9marre son contre-la-montre.<\/p>\n<p>\t    &#13;\n            <\/li>\n<p>&#13;<br \/>\n                    &#13;<\/p>\n<li id=\"a80000ae-e45a-4125-a2ad-ab22f4dba229\" class=\"instant Intermediate  \">&#13;<br \/>\n&#13;<\/p>\n<p class=\"instantHeadline Default \">16:52<\/p>\n<p>&#13;<br \/>\n    &#13;<br \/>\n            Le dernier fran\u00e7ais s&rsquo;\u00e9lance&#13;<br \/>\n    &#13;<br \/>\n    &#13;<\/p>\n<p>Le Fran\u00e7ais K\u00e9vin Vauquelin (Ark\u00e9a-B&amp;B H\u00f4tels), qui porte le maillot blanc de meilleur jeune, s&rsquo;\u00e9lance.<\/p>\n<p>\t    &#13;\n            <\/li>\n<p>&#13;<br \/>\n                    &#13;<\/p>\n<li id=\"df12bfe5-b8f3-4ab2-9cf5-eeb58d1cce9a\" class=\"instant Intermediate  \">&#13;<br \/>\n&#13;<\/p>\n<p class=\"instantHeadline Default \">16:50<\/p>\n<p>&#13;<br \/>\n    &#13;<br \/>\n            D\u00e9part d&rsquo;Enric Mas&#13;<br \/>\n    &#13;<br \/>\n    &#13;<\/p>\n<p>L&rsquo;Espagnol Enric Mas (Movistar), actuel 6e de la Grande Boucle, d\u00e9bute son chrono.<\/p>\n<p>\t    &#13;\n            <\/li>\n<p>&#13;<br \/>\n                    &#13;<\/p>\n<li id=\"d43af45d-8f61-4631-af28-d874668205fb\" class=\"instant Intermediate  \">&#13;<br \/>\n&#13;<\/p>\n<p class=\"instantHeadline Default \">16:48<\/p>\n<p>&#13;<br \/>\n    &#13;<br \/>\n            Au tour d&rsquo;Oscar Onley de partir&#13;<br \/>\n    &#13;<br \/>\n    &#13;<\/p>\n<p>Le Britannique Oscar Onley (Picnic-PostNL) quitte la rampe de lancement.<\/p>\n<p>\t    &#13;\n            <\/li>\n<p>&#13;<br \/>\n                    &#13;<\/p>\n<li id=\"216084ad-565a-4143-b18f-2d38ca32cc59\" class=\"instant Intermediate  \">&#13;<br \/>\n&#13;<\/p>\n<p class=\"instantHeadline Default \">16:46<\/p>\n<p>&#13;<br \/>\n    &#13;<br \/>\n            Joao Almeida s&rsquo;\u00e9lance&#13;<br \/>\n    &#13;<br \/>\n    &#13;<\/p>\n<p>Le Portugais Joao Almeida (UAE Team Emirates-XRG), r\u00e9cent vainqueur du Tour de Suisse, prend le d\u00e9part.<\/p>\n<p>\t    &#13;\n            <\/li>\n<p>&#13;<br \/>\n                    &#13;<\/p>\n<li id=\"4e0ab37c-f3f4-499c-8474-14b70c0992c1\" class=\"instant Intermediate  \">&#13;<br \/>\n&#13;<\/p>\n<p class=\"instantHeadline Default \">16:44<\/p>\n<p>&#13;<br \/>\n    &#13;<br \/>\n            D\u00e9part de Remco Evenepoel&#13;<br \/>\n    &#13;<br \/>\n    &#13;<\/p>\n<p>Le grand favori de ce contre-la-montre, Remco Evenepoel (Soudal Quick-Step), s&rsquo;\u00e9lance. Le Belge est champion du monde et champion olympique de la discipline.<\/p>\n<p>\t    &#13;<br \/>\n            &#13;<\/p>\n<p>Ce contenu est bloqu\u00e9 car vous n&rsquo;avez pas accept\u00e9 les cookies et autres traceurs.<\/p>\n<p>En cliquant sur \u00ab J\u2019accepte \u00bb, les cookies et autres traceurs seront d\u00e9pos\u00e9s et vous pourrez visualiser les contenus  (<a href=\"\" class=\"consentModule_policy\" target=\"_blank\" title=\"Consulter la politique de protection des donn\u00e9es du fournisseur\">plus d&rsquo;informations<\/a>).<\/p>\n<p>En cliquant sur \u00ab J\u2019accepte tous les cookies \u00bb, vous autorisez des d\u00e9p\u00f4ts de cookies et autres traceurs pour le stockage de vos donn\u00e9es sur nos sites et applications \u00e0 des fins de personnalisation et de ciblage publicitaire.<\/p>\n<p class=\"consentModule_secondaryText\">Vous gardez la possibilit\u00e9 de retirer votre consentement \u00e0 tout moment en consultant notre <a href=\"https:\/\/www.ledauphine.com\/protection-des-donnees\" target=\"_blank\" title=\"Consulter notre politique de protection des donn\u00e9es\" rel=\"noopener\">politique de protection des donn\u00e9es<\/a>. <br \/>&#13;<br \/>\n            <a href=\"https:\/\/www.ledauphine.com\/tour-de-france\/2025\/07\/09\/javascript:Didomi.notice.show()\" class=\"consentModule_cmp\" target=\"_blank\" rel=\"noopener\">G\u00e9rer mes choix<\/a>&#13;\n        <\/p>\n<p>&#13;<br \/>\n                        J&rsquo;accepte&#13;<br \/>\n            J&rsquo;accepte tous les cookies&#13;\n        <\/p>\n<p>    <img class=\"placeholder-svg\" loading=\"lazy\" decoding=\"async\" src=\"https:\/\/cdn-files.prsmedia.fr\/files\/REDAC\/images\/svg\/placeholders\/twitter-X.svg\" alt=\"Twitter PlaceHolder\"\/><\/p>\n<p>            &#13;<br \/>\n\t    &#13;\n            <\/li>\n<p>&#13;<br \/>\n                    &#13;<\/p>\n<li id=\"7bbae7c9-c0d8-4aec-b3fa-e81a04a11dd6\" class=\"instant Intermediate  \">&#13;<br \/>\n&#13;<\/p>\n<p class=\"instantHeadline Default \">16:42<\/p>\n<p>&#13;<br \/>\n    &#13;<br \/>\n            Il ne reste plus que 10 coureurs&#13;<br \/>\n    &#13;<br \/>\n    &#13;<\/p>\n<p>Le Danois Mattias Skjelmose (Lidl-Trek), 10e du g\u00e9n\u00e9ral, prend le d\u00e9part de ce contre-la-montre.<\/p>\n<p>\t    &#13;\n            <\/li>\n<p>&#13;<br \/>\n                    &#13;<\/p>\n<li id=\"f7e5f6b8-5e5c-4a71-b268-d2f0c264f983\" class=\"instant Basic  \">&#13;<br \/>\n&#13;<\/p>\n<p class=\"instantHeadline Default \">16:38<\/p>\n<p>&#13;<br \/>\n    &#13;<\/p>\n<p>Le num\u00e9ro 2 fran\u00e7ais au classement g\u00e9n\u00e9ral, Aur\u00e9lien Paret-Peintre (Decathlon-AG2R La Mondiale), s&rsquo;\u00e9lance.<\/p>\n<p>&#13;<br \/>\n    &#13;\n    <\/li>\n<p>&#13;<br \/>\n                    &#13;<\/p>\n<li id=\"59264a2d-26d9-4b62-901f-59923f8b95c0\" class=\"instant Basic  \">&#13;<br \/>\n&#13;<\/p>\n<p class=\"instantHeadline Default \">16:36<\/p>\n<p>&#13;<br \/>\n    &#13;<\/p>\n<p>D\u00e9part du Slov\u00e8ne Primoz Roglic (Red Bull-Bora Hansgrohe), candidat au podium final de cette 112e \u00e9dition du Tour de France.<\/p>\n<p>&#13;<br \/>\n    &#13;<br \/>\n    &#13;<\/p>\n<p>Ce contenu est bloqu\u00e9 car vous n&rsquo;avez pas accept\u00e9 les cookies et autres traceurs.<\/p>\n<p>En cliquant sur \u00ab J\u2019accepte \u00bb, les cookies et autres traceurs seront d\u00e9pos\u00e9s et vous pourrez visualiser les contenus  (<a href=\"\" class=\"consentModule_policy\" target=\"_blank\" title=\"Consulter la politique de protection des donn\u00e9es du fournisseur\">plus d&rsquo;informations<\/a>).<\/p>\n<p>En cliquant sur \u00ab J\u2019accepte tous les cookies \u00bb, vous autorisez des d\u00e9p\u00f4ts de cookies et autres traceurs pour le stockage de vos donn\u00e9es sur nos sites et applications \u00e0 des fins de personnalisation et de ciblage publicitaire.<\/p>\n<p class=\"consentModule_secondaryText\">Vous gardez la possibilit\u00e9 de retirer votre consentement \u00e0 tout moment en consultant notre <a href=\"https:\/\/www.ledauphine.com\/protection-des-donnees\" target=\"_blank\" title=\"Consulter notre politique de protection des donn\u00e9es\" rel=\"noopener\">politique de protection des donn\u00e9es<\/a>. <br \/>&#13;<br \/>\n            <a href=\"https:\/\/www.ledauphine.com\/tour-de-france\/2025\/07\/09\/javascript:Didomi.notice.show()\" class=\"consentModule_cmp\" target=\"_blank\" rel=\"noopener\">G\u00e9rer mes choix<\/a>&#13;\n        <\/p>\n<p>&#13;<br \/>\n                        J&rsquo;accepte&#13;<br \/>\n            J&rsquo;accepte tous les cookies&#13;\n        <\/p>\n<p>    <img class=\"placeholder-svg\" loading=\"lazy\" decoding=\"async\" src=\"https:\/\/cdn-files.prsmedia.fr\/files\/REDAC\/images\/svg\/placeholders\/twitter-X.svg\" alt=\"Twitter PlaceHolder\"\/><\/p>\n<p>            &#13;<br \/>\n\t    &#13;\n            <\/li>\n<p>&#13;<br \/>\n                    &#13;<\/p>\n<li id=\"6f30d76c-9549-4721-858b-6e8cb90d9399\" class=\"instant Basic  \">&#13;<br \/>\n&#13;<\/p>\n<p class=\"instantHeadline Default \">16:30<\/p>\n<p>&#13;<br \/>\n    &#13;<\/p>\n<p>Le coureur de la formation Groupama-FDJ, Guillaume Martin-Guyonnet, lance son chrono.<\/p>\n<p>&#13;<br \/>\n    &#13;\n    <\/li>\n<p>&#13;<br \/>\n                    &#13;<\/p>\n<li id=\"8426331d-c9b4-44c9-aba0-cb32efaea1f9\" class=\"instant Basic  \">&#13;<br \/>\n&#13;<\/p>\n<p class=\"instantHeadline Default \">16:28<\/p>\n<p>&#13;<br \/>\n    &#13;<\/p>\n<p>Le Colombien Santiago Buitrago (Bahrain-Victorious), 10e de la derni\u00e8re \u00e9dition de la Grande Boucle, s&rsquo;\u00e9lance dans ce contre-la-montre.<\/p>\n<p>&#13;<br \/>\n    &#13;\n    <\/li>\n<p>&#13;<br \/>\n                    &#13;<\/p>\n<li id=\"0b290a57-5e47-46c9-be87-c257f52bcfa3\" class=\"instant Basic  \">&#13;<br \/>\n&#13;<\/p>\n<p class=\"instantHeadline Default \">16:22<\/p>\n<p>&#13;<br \/>\n    &#13;<\/p>\n<p>Le Tricolore Jordan Jegat (TotalEnergies) prend le d\u00e9part de ce contre-la-montre.<\/p>\n<p>&#13;<br \/>\n    &#13;\n    <\/li>\n<p>&#13;<br \/>\n                    &#13;<\/p>\n<li id=\"ac7066fa-2458-4e89-aac2-f6ef7dbd3c88\" class=\"instant Basic  \">&#13;<br \/>\n&#13;<\/p>\n<p class=\"instantHeadline Default \">16:13<\/p>\n<p>&#13;<br \/>\n    &#13;<\/p>\n<p>Le Fran\u00e7ais Valentin Madouas (Groupama-FDJ) s&rsquo;\u00e9lance \u00e0 son tour.<\/p>\n<p>&#13;<br \/>\n    &#13;\n    <\/li>\n<p>&#13;<br \/>\n                    &#13;<\/p>\n<li id=\"7ddc1442-7f5a-4483-b5cb-85825bb52896\" class=\"instant Basic  \">&#13;<br \/>\n&#13;<\/p>\n<p class=\"instantHeadline Default \">16:10<\/p>\n<p>&#13;<br \/>\n    &#13;<\/p>\n<p>D\u00e9part de l&rsquo;Australien Ben O&rsquo;Connor (Jayco AlUla), quatri\u00e8me du Tour de France en 2021.<\/p>\n<p>&#13;<br \/>\n    &#13;\n    <\/li>\n<p>&#13;<br \/>\n                    &#13;<\/p>\n<li id=\"388338b3-1e78-4e19-aeab-c0319849815d\" class=\"instant Basic  \">&#13;<br \/>\n&#13;<\/p>\n<p class=\"instantHeadline Default \">16:09<\/p>\n<p>&#13;<br \/>\n    &#13;<\/p>\n<p>L&rsquo;\u00c9quatorien Jhonatan Narvaez (UAE Team Emirates-XRG), co\u00e9quipier de Tadej Pogacar, d\u00e9bute son chrono.<\/p>\n<p>&#13;<br \/>\n    &#13;\n    <\/li>\n<p>&#13;<br \/>\n                    &#13;<\/p>\n<li id=\"b6196de3-77f1-4406-8aa8-14660f0f3512\" class=\"instant Basic  \">&#13;<br \/>\n&#13;<\/p>\n<p class=\"instantHeadline Default \">16:07<\/p>\n<p>&#13;<br \/>\n    &#13;<\/p>\n<p>Le Tricolore Alexandre Delettre (TotalEnergies) prend le d\u00e9part de cette 4e \u00e9tape.<\/p>\n<p>&#13;<br \/>\n    &#13;\n    <\/li>\n<p>&#13;<br \/>\n                    &#13;<\/p>\n<li id=\"0e061844-7770-43d1-b849-c5c597d15a1d\" class=\"instant Basic  \">&#13;<br \/>\n&#13;<\/p>\n<p class=\"instantHeadline Default \">16:01<\/p>\n<p>&#13;<br \/>\n    &#13;<\/p>\n<p>Wout Van Aert (Visma &#8211; Lease a Bike), champion de Belgique du contre-la-montre \u00e0 trois reprises (2019, 2020 et 2023), d\u00e9marre son chrono.<\/p>\n<p>&#13;<br \/>\n    &#13;<br \/>\n    &#13;<\/p>\n<p>Ce contenu est bloqu\u00e9 car vous n&rsquo;avez pas accept\u00e9 les cookies et autres traceurs.<\/p>\n<p>En cliquant sur \u00ab J\u2019accepte \u00bb, les cookies et autres traceurs seront d\u00e9pos\u00e9s et vous pourrez visualiser les contenus  (<a href=\"\" class=\"consentModule_policy\" target=\"_blank\" title=\"Consulter la politique de protection des donn\u00e9es du fournisseur\">plus d&rsquo;informations<\/a>).<\/p>\n<p>En cliquant sur \u00ab J\u2019accepte tous les cookies \u00bb, vous autorisez des d\u00e9p\u00f4ts de cookies et autres traceurs pour le stockage de vos donn\u00e9es sur nos sites et applications \u00e0 des fins de personnalisation et de ciblage publicitaire.<\/p>\n<p class=\"consentModule_secondaryText\">Vous gardez la possibilit\u00e9 de retirer votre consentement \u00e0 tout moment en consultant notre <a href=\"https:\/\/www.ledauphine.com\/protection-des-donnees\" target=\"_blank\" title=\"Consulter notre politique de protection des donn\u00e9es\" rel=\"noopener\">politique de protection des donn\u00e9es<\/a>. <br \/>&#13;<br \/>\n            <a href=\"https:\/\/www.ledauphine.com\/tour-de-france\/2025\/07\/09\/javascript:Didomi.notice.show()\" class=\"consentModule_cmp\" target=\"_blank\" rel=\"noopener\">G\u00e9rer mes choix<\/a>&#13;\n        <\/p>\n<p>&#13;<br \/>\n                        J&rsquo;accepte&#13;<br \/>\n            J&rsquo;accepte tous les cookies&#13;\n        <\/p>\n<p>    <img class=\"placeholder-svg\" loading=\"lazy\" decoding=\"async\" src=\"https:\/\/cdn-files.prsmedia.fr\/files\/REDAC\/images\/svg\/placeholders\/twitter-X.svg\" alt=\"Twitter PlaceHolder\"\/><\/p>\n<p>            &#13;<br \/>\n\t    &#13;\n            <\/li>\n<p>&#13;<br \/>\n                    &#13;<\/p>\n<li id=\"ce3e0721-425e-4155-9370-ffb5fafbee6c\" class=\"instant Basic  \">&#13;<br \/>\n&#13;<\/p>\n<p class=\"instantHeadline Default \">15:57<\/p>\n<p>&#13;<br \/>\n    &#13;<\/p>\n<p>Les Fran\u00e7ais Warren Barguil (Picnic-PostNL), Romain Gr\u00e9goire (Groupama-FDJ), Cl\u00e9ment Venturini (Ark\u00e9a-B&amp;B H\u00f4tels) et Bastien Tronchon (Decathlon-AG2R La Mondiale) s&rsquo;\u00e9lancent les uns apr\u00e8s les autres.<\/p>\n<p>&#13;<br \/>\n    &#13;\n    <\/li>\n<p>&#13;<br \/>\n                    &#13;<\/p>\n<li id=\"63e1af67-54d3-4209-9e40-3a719dc4d51f\" class=\"instant Basic  \">&#13;<br \/>\n&#13;<\/p>\n<p class=\"instantHeadline Default \">15:45<\/p>\n<p>&#13;<br \/>\n    &#13;<\/p>\n<p>Treizi\u00e8me de la 4e \u00e9tape, le Tricolore Alex Baudin (EF Education-EasyPost) commence sa course depuis la rampe de lancement.<\/p>\n<p>&#13;<br \/>\n    &#13;\n    <\/li>\n<p>&#13;<br \/>\n                    &#13;<\/p>\n<li id=\"c8ddb257-155b-488d-a3f3-8296fc426b85\" class=\"instant Basic  \">&#13;<br \/>\n&#13;<\/p>\n<p class=\"instantHeadline Default \">15:34<\/p>\n<p>&#13;<br \/>\n    &#13;<\/p>\n<p>Le coureur de la formation Ineos Grenadiers, Axel Laurance, d\u00e9marre son chrono.<\/p>\n<p>&#13;<br \/>\n    &#13;\n    <\/li>\n<p>&#13;<br \/>\n                    &#13;<\/p>\n<li id=\"0379a680-c51d-40df-8e71-56e6298b495c\" class=\"instant Basic  \">&#13;<br \/>\n&#13;<\/p>\n<p class=\"instantHeadline Default \">15:30<\/p>\n<p>&#13;<br \/>\n    &#13;<\/p>\n<p>D\u00e9part du Fran\u00e7ais Quentin Pacher (Groupama-FDJ).<\/p>\n<p>&#13;<br \/>\n    &#13;\n    <\/li>\n<p>&#13;<br \/>\n                    &#13;<\/p>\n<li id=\"e6bb9a07-344e-4cba-9c04-e7616335c209\" class=\"instant Basic  \">&#13;<br \/>\n&#13;<\/p>\n<p class=\"instantHeadline Default \">15:25<\/p>\n<p>&#13;<br \/>\n    &#13;<\/p>\n<p>Le coureur de la formation TotalEnergies Mathieu Burgaudeau prend le d\u00e9part de cette 5e \u00e9tape.<\/p>\n<p>&#13;<br \/>\n    &#13;\n    <\/li>\n<p>&#13;<br \/>\n                    &#13;<\/p>\n<li id=\"7c726177-96eb-4a63-b93e-1d8ff3ef5d2e\" class=\"instant Basic  \">&#13;<br \/>\n&#13;<\/p>\n<p class=\"instantHeadline Default \">15:20<\/p>\n<p>&#13;<br \/>\n    &#13;<\/p>\n<p>Les Fran\u00e7ais Bryan Coquard (Cofidis), victime d&rsquo;une chute lors de la 3e \u00e9tape, et Cl\u00e9ment Berthet (Decathlon-AG2R La Mondiale) s&rsquo;\u00e9lancent l&rsquo;un apr\u00e8s l&rsquo;autre.<\/p>\n<p>&#13;<br \/>\n    &#13;\n    <\/li>\n<p>&#13;<br \/>\n                    &#13;<\/p>\n<li id=\"80b53852-29c5-487f-ba4a-54b03f515bdb\" class=\"instant Basic  \">&#13;<br \/>\n&#13;<\/p>\n<p class=\"instantHeadline Default \">15:12<\/p>\n<p>&#13;<br \/>\n    &#13;<\/p>\n<p>Le Tricolore Damien Touz\u00e9 (Cofidis) d\u00e9marre sa course depuis la rampe de lancement.<\/p>\n<p>&#13;<br \/>\n    &#13;\n    <\/li>\n<p>&#13;<br \/>\n                    &#13;<\/p>\n<li id=\"2f574eb4-f485-4636-bbcc-0cdbc2232687\" class=\"instant Basic  \">&#13;<br \/>\n&#13;<\/p>\n<p class=\"instantHeadline Default \">15:07<\/p>\n<p>&#13;<br \/>\n    &#13;<\/p>\n<p>Le jeune fran\u00e7ais de 22 ans, Ewen Costiou (Ark\u00e9a-B&amp;B H\u00f4tels), prend le d\u00e9part de ce contre-la-montre.<\/p>\n<p>&#13;<br \/>\n    &#13;\n    <\/li>\n<p>&#13;<br \/>\n                    &#13;<\/p>\n<li id=\"ebea1ddd-55a7-4e29-aedd-01f1c7cc1744\" class=\"instant Basic  \">&#13;<br \/>\n&#13;<\/p>\n<p class=\"instantHeadline Default \">15:02<\/p>\n<p>&#13;<br \/>\n    &#13;<\/p>\n<p>Les Tricolores Louis Barr\u00e9 (Intermarch\u00e9-Wanty) et Julian Alaphilippe (Tudor Pro Cycling) s&rsquo;\u00e9lancent l&rsquo;un apr\u00e8s l&rsquo;autre.<\/p>\n<p>&#13;<br \/>\n    &#13;\n    <\/li>\n<p>&#13;<br \/>\n                    &#13;<\/p>\n<li id=\"c43816d8-2112-45bd-944e-98571ef04ee3\" class=\"instant Intermediate  \">&#13;<br \/>\n&#13;<\/p>\n<p class=\"instantHeadline Default \">14:59<\/p>\n<p>&#13;<br \/>\n    &#13;<br \/>\n            Armirail \u00e9choue de peu&#13;<br \/>\n    &#13;<br \/>\n    &#13;<\/p>\n<p>Le champion de France du contre-la-montre, Bruno Armirail (Decathlon-AG2R La Mondiale), boucle le parcours en 37&rsquo;17\u00a0\u00bb. Il\u00a0termine avec seulement 2 secondes de retard sur le leader Edoardo Affini.<\/p>\n<p>\t    &#13;<br \/>\n            &#13;<\/p>\n<p>Ce contenu est bloqu\u00e9 car vous n&rsquo;avez pas accept\u00e9 les cookies et autres traceurs.<\/p>\n<p>En cliquant sur \u00ab J\u2019accepte \u00bb, les cookies et autres traceurs seront d\u00e9pos\u00e9s et vous pourrez visualiser les contenus  (<a href=\"\" class=\"consentModule_policy\" target=\"_blank\" title=\"Consulter la politique de protection des donn\u00e9es du fournisseur\">plus d&rsquo;informations<\/a>).<\/p>\n<p>En cliquant sur \u00ab J\u2019accepte tous les cookies \u00bb, vous autorisez des d\u00e9p\u00f4ts de cookies et autres traceurs pour le stockage de vos donn\u00e9es sur nos sites et applications \u00e0 des fins de personnalisation et de ciblage publicitaire.<\/p>\n<p class=\"consentModule_secondaryText\">Vous gardez la possibilit\u00e9 de retirer votre consentement \u00e0 tout moment en consultant notre <a href=\"https:\/\/www.ledauphine.com\/protection-des-donnees\" target=\"_blank\" title=\"Consulter notre politique de protection des donn\u00e9es\" rel=\"noopener\">politique de protection des donn\u00e9es<\/a>. <br \/>&#13;<br \/>\n            <a href=\"https:\/\/www.ledauphine.com\/tour-de-france\/2025\/07\/09\/javascript:Didomi.notice.show()\" class=\"consentModule_cmp\" target=\"_blank\" rel=\"noopener\">G\u00e9rer mes choix<\/a>&#13;\n        <\/p>\n<p>&#13;<br \/>\n                        J&rsquo;accepte&#13;<br \/>\n            J&rsquo;accepte tous les cookies&#13;\n        <\/p>\n<p>    <img class=\"placeholder-svg\" loading=\"lazy\" decoding=\"async\" src=\"https:\/\/cdn-files.prsmedia.fr\/files\/REDAC\/images\/svg\/placeholders\/twitter-X.svg\" alt=\"Twitter PlaceHolder\"\/><\/p>\n<p>            &#13;<br \/>\n\t    &#13;\n            <\/li>\n<p>&#13;<br \/>\n                    &#13;<\/p>\n<li id=\"499bf4bd-e70b-4f46-b878-5c864d747a4f\" class=\"instant Basic  \">&#13;<br \/>\n&#13;<\/p>\n<p class=\"instantHeadline Default \">14:57<\/p>\n<p>&#13;<br \/>\n    &#13;<\/p>\n<p>Le Normand de 25 ans Matis Louvel (Israel-Premier Tech) d\u00e9marre sa course.<\/p>\n<p>&#13;<br \/>\n    &#13;\n    <\/li>\n<p>&#13;<br \/>\n                    &#13;<\/p>\n<li id=\"7284ba05-da4c-4d56-a17f-93213c8fcaf9\" class=\"instant Basic  \">&#13;<br \/>\n&#13;<\/p>\n<p class=\"instantHeadline Default \">14:42<\/p>\n<p>&#13;<br \/>\n    &#13;<\/p>\n<p>Le Britannique Adam Yates (UAE Team Emirates-XRG) s&rsquo;\u00e9lance de Caen.<\/p>\n<p>&#13;<br \/>\n    &#13;\n    <\/li>\n<p>&#13;<br \/>\n                    &#13;<\/p>\n<li id=\"a4d9b9e1-9e16-4327-b009-a96d78ccbcf8\" class=\"instant Basic  \">&#13;<br \/>\n&#13;<\/p>\n<p class=\"instantHeadline Default \">14:40<\/p>\n<p>&#13;<br \/>\n    &#13;<\/p>\n<p>Le Fran\u00e7ais Cl\u00e9ment Champoussin (XDS-Astana) prend le d\u00e9part de ce contre-la-montre.<\/p>\n<p>&#13;<br \/>\n    &#13;\n    <\/li>\n<p>&#13;<br \/>\n                    &#13;<\/p>\n<li id=\"eee5a466-a9aa-4051-aae9-56d024fbcaff\" class=\"instant Basic  \">&#13;<br \/>\n&#13;<\/p>\n<p class=\"instantHeadline Default \">14:31<\/p>\n<p>&#13;<br \/>\n    &#13;<\/p>\n<p>Anthony Turgis (TotalEnergies), vainqueur de la 9e \u00e9tape du Tour de France 2024, d\u00e9marre sa course.<\/p>\n<p>&#13;<br \/>\n    &#13;\n    <\/li>\n<p>&#13;<br \/>\n                    &#13;<\/p>\n<li id=\"0c3e3fd2-dc2e-4fa7-991c-de932b49ca5e\" class=\"instant Basic  \">&#13;<br \/>\n&#13;<\/p>\n<p class=\"instantHeadline Default \">14:28<\/p>\n<p>&#13;<br \/>\n    &#13;<\/p>\n<p>Le jeune fran\u00e7ais de 23 ans, Paul Penho\u00ebt (Groupama-FDJ), s&rsquo;\u00e9lance.<\/p>\n<p>&#13;<br \/>\n    &#13;\n    <\/li>\n<p>&#13;<br \/>\n                    &#13;<\/p>\n<li id=\"3e56730a-078e-48d3-a6d0-ec658a7e87ca\" class=\"instant Highlight  \">&#13;<br \/>\n&#13;<\/p>\n<p class=\"instantHeadline  \">14:27<\/p>\n<p>&#13;<br \/>\n    &#13;<br \/>\n            Meilleur temps provisoire pour Affini&#13;<br \/>\n    &#13;<br \/>\n    &#13;<\/p>\n<p>L&rsquo;Italien Edoardo Affini (Visma-Lease a\u00a0Bike), champion d&rsquo;Europe 2024 du contre-la-montre, prend provisoirement le meilleur temps de la journ\u00e9e (37&rsquo;15\u00a0\u00bb, 53,2km\/h de moyenne).<\/p>\n<p>\t    &#13;<br \/>\n            &#13;<\/p>\n<p>Ce contenu est bloqu\u00e9 car vous n&rsquo;avez pas accept\u00e9 les cookies et autres traceurs.<\/p>\n<p>En cliquant sur \u00ab J\u2019accepte \u00bb, les cookies et autres traceurs seront d\u00e9pos\u00e9s et vous pourrez visualiser les contenus  (<a href=\"\" class=\"consentModule_policy\" target=\"_blank\" title=\"Consulter la politique de protection des donn\u00e9es du fournisseur\">plus d&rsquo;informations<\/a>).<\/p>\n<p>En cliquant sur \u00ab J\u2019accepte tous les cookies \u00bb, vous autorisez des d\u00e9p\u00f4ts de cookies et autres traceurs pour le stockage de vos donn\u00e9es sur nos sites et applications \u00e0 des fins de personnalisation et de ciblage publicitaire.<\/p>\n<p class=\"consentModule_secondaryText\">Vous gardez la possibilit\u00e9 de retirer votre consentement \u00e0 tout moment en consultant notre <a href=\"https:\/\/www.ledauphine.com\/protection-des-donnees\" target=\"_blank\" title=\"Consulter notre politique de protection des donn\u00e9es\" rel=\"noopener\">politique de protection des donn\u00e9es<\/a>. <br \/>&#13;<br \/>\n            <a href=\"https:\/\/www.ledauphine.com\/tour-de-france\/2025\/07\/09\/javascript:Didomi.notice.show()\" class=\"consentModule_cmp\" target=\"_blank\" rel=\"noopener\">G\u00e9rer mes choix<\/a>&#13;\n        <\/p>\n<p>&#13;<br \/>\n                        J&rsquo;accepte&#13;<br \/>\n            J&rsquo;accepte tous les cookies&#13;\n        <\/p>\n<p>    <img class=\"placeholder-svg\" loading=\"lazy\" decoding=\"async\" src=\"https:\/\/cdn-files.prsmedia.fr\/files\/REDAC\/images\/svg\/placeholders\/twitter-X.svg\" alt=\"Twitter PlaceHolder\"\/><\/p>\n<p>            &#13;<br \/>\n\t    &#13;\n            <\/li>\n<p>&#13;<br \/>\n                    &#13;<\/p>\n<li id=\"cbcec810-0e19-453b-92a3-6f2b495248cd\" class=\"instant Basic  \">&#13;<br \/>\n&#13;<\/p>\n<p class=\"instantHeadline Default \">14:25<\/p>\n<p>&#13;<br \/>\n    &#13;<\/p>\n<p>Les Fran\u00e7ais Benjamin Thomas (Cofidis) et Thomas Gachignard (TotalEnergies) d\u00e9butent leur course.<\/p>\n<p>&#13;<br \/>\n    &#13;\n    <\/li>\n<p>&#13;<br \/>\n                    &#13;<\/p>\n<li id=\"ba4b6872-bad1-4355-9ee3-88c1ffd14861\" class=\"instant Basic  \">&#13;<br \/>\n&#13;<\/p>\n<p class=\"instantHeadline Default \">14:21<\/p>\n<p>&#13;<br \/>\n    &#13;<\/p>\n<p>Le co\u00e9quipier fran\u00e7ais de Tadej Pogacar, Pavel Sivakov (UAE Team Emirates-XRG), s&rsquo;\u00e9lance \u00e0 son tour.<\/p>\n<p>&#13;<br \/>\n    &#13;\n    <\/li>\n<p>&#13;<br \/>\n                    &#13;<\/p>\n<li id=\"dde4eedc-7e22-44b5-9ad4-293d4e4b193d\" class=\"instant Basic  \">&#13;<br \/>\n&#13;<\/p>\n<p class=\"instantHeadline Default \">14:20<\/p>\n<p>&#13;<br \/>\n    &#13;<\/p>\n<p>Le champion de France du contre-la-montre, Bruno Armirail (Decathlon-AG2R La Mondiale), lance sa course.<\/p>\n<p>&#13;<br \/>\n    &#13;<br \/>\n    &#13;<\/p>\n<p>Ce contenu est bloqu\u00e9 car vous n&rsquo;avez pas accept\u00e9 les cookies et autres traceurs.<\/p>\n<p>En cliquant sur \u00ab J\u2019accepte \u00bb, les cookies et autres traceurs seront d\u00e9pos\u00e9s et vous pourrez visualiser les contenus  (<a href=\"\" class=\"consentModule_policy\" target=\"_blank\" title=\"Consulter la politique de protection des donn\u00e9es du fournisseur\">plus d&rsquo;informations<\/a>).<\/p>\n<p>En cliquant sur \u00ab J\u2019accepte tous les cookies \u00bb, vous autorisez des d\u00e9p\u00f4ts de cookies et autres traceurs pour le stockage de vos donn\u00e9es sur nos sites et applications \u00e0 des fins de personnalisation et de ciblage publicitaire.<\/p>\n<p class=\"consentModule_secondaryText\">Vous gardez la possibilit\u00e9 de retirer votre consentement \u00e0 tout moment en consultant notre <a href=\"https:\/\/www.ledauphine.com\/protection-des-donnees\" target=\"_blank\" title=\"Consulter notre politique de protection des donn\u00e9es\" rel=\"noopener\">politique de protection des donn\u00e9es<\/a>. <br \/>&#13;<br \/>\n            <a href=\"https:\/\/www.ledauphine.com\/tour-de-france\/2025\/07\/09\/javascript:Didomi.notice.show()\" class=\"consentModule_cmp\" target=\"_blank\" rel=\"noopener\">G\u00e9rer mes choix<\/a>&#13;\n        <\/p>\n<p>&#13;<br \/>\n                        J&rsquo;accepte&#13;<br \/>\n            J&rsquo;accepte tous les cookies&#13;\n        <\/p>\n<p>    <img class=\"placeholder-svg\" loading=\"lazy\" decoding=\"async\" src=\"https:\/\/cdn-files.prsmedia.fr\/files\/REDAC\/images\/svg\/placeholders\/twitter-X.svg\" alt=\"Twitter PlaceHolder\"\/><\/p>\n<p>            &#13;<br \/>\n\t    &#13;\n            <\/li>\n<p>&#13;<br \/>\n                    &#13;<\/p>\n<li id=\"62563571-7341-4af1-a4a1-b4c7d478d6d9\" class=\"instant Basic  \">&#13;<br \/>\n&#13;<\/p>\n<p class=\"instantHeadline Default \">14:16<\/p>\n<p>&#13;<br \/>\n    &#13;<\/p>\n<p>Cyril Barthe et Cl\u00e9ment Russo, deux Fran\u00e7ais de la formation Groupama-FDJ, s&rsquo;\u00e9lancent l&rsquo;un apr\u00e8s l&rsquo;autre.<\/p>\n<p>&#13;<br \/>\n    &#13;\n    <\/li>\n<p>&#13;<br \/>\n                    &#13;<\/p>\n<li id=\"4da32642-2e3e-4fb8-8d9f-fe020ca8e0bc\" class=\"instant Basic  \">&#13;<br \/>\n&#13;<\/p>\n<p class=\"instantHeadline Default \">14:12<\/p>\n<p>&#13;<br \/>\n    &#13;<\/p>\n<p>L&rsquo;Italien Jonathan Milan (Lidl-Trek), actuel Maillot Vert de la Grande Boucle, d\u00e9marre son contre-la-montre.<\/p>\n<p>&#13;<br \/>\n    &#13;\n    <\/li>\n<p>&#13;<br \/>\n                    &#13;<\/p>\n<li id=\"5e4a961f-0327-4d6d-846e-1b1f18100c0a\" class=\"instant Basic  \">&#13;<br \/>\n&#13;<\/p>\n<p class=\"instantHeadline Default \">14:11<\/p>\n<p>&#13;<br \/>\n    &#13;<\/p>\n<p>Le Fran\u00e7ais Hugo Page de l&rsquo;\u00e9quipe Intermarch\u00e9-Wanty lance son chrono.<\/p>\n<p>&#13;<br \/>\n    &#13;\n    <\/li>\n<p>&#13;<br \/>\n                    &#13;<\/p>\n<li id=\"2a348274-6009-4db4-a4d6-f724fefa149f\" class=\"instant Basic  \">&#13;<br \/>\n&#13;<\/p>\n<p class=\"instantHeadline Default \">14:06<\/p>\n<p>&#13;<br \/>\n    &#13;<\/p>\n<p>L\u2019\u00c9rythr\u00e9en Biniam Girmay (Intermarch\u00e9-Wanty), qui a remport\u00e9 le maillot vert lors du Tour de France 2024, s\u2019\u00e9lance.<\/p>\n<p>&#13;<br \/>\n    &#13;\n    <\/li>\n<p>&#13;<br \/>\n                    &#13;<\/p>\n<li id=\"44ce6466-f2ca-4f0c-8c07-66e0ce3da7ad\" class=\"instant Basic  \">&#13;<br \/>\n&#13;<\/p>\n<p class=\"instantHeadline Default \">14:04<\/p>\n<p>&#13;<br \/>\n    &#13;<\/p>\n<p>\u00c9milien Jeanni\u00e8re \u00e0 propos de son abandon, au micro de France T\u00e9l\u00e9visions : \u00ab Je m&rsquo;en sors avec peu de choses vu la gravit\u00e9 de la chute. Mais finalement il y a une fracture qui s&rsquo;est r\u00e9v\u00e9l\u00e9e ce matin. On va privil\u00e9gier la sant\u00e9. C&rsquo;est mon premier Tour de France, je suis tr\u00e8s triste et tr\u00e8s \u00e9mu d&rsquo;abandonner. \u00bb<\/p>\n<p>&#13;<br \/>\n    &#13;\n    <\/li>\n<p>&#13;<br \/>\n                    &#13;<\/p>\n<li id=\"828b7271-8978-4caf-944d-f9a4eeec923b\" class=\"instant Basic  \">&#13;<br \/>\n&#13;<\/p>\n<p class=\"instantHeadline Default \">13:52<\/p>\n<p>&#13;<br \/>\n    &#13;<\/p>\n<p>Le Fran\u00e7ais Alexis Renard (Cofidis) d\u00e9bute sa course.<\/p>\n<p>&#13;<br \/>\n    &#13;\n    <\/li>\n<p>&#13;<br \/>\n                    &#13;<\/p>\n<li id=\"96ba150d-f799-48b7-b1ec-07a5592c5c33\" class=\"instant Basic  \">&#13;<br \/>\n&#13;<\/p>\n<p class=\"instantHeadline Default \">13:50<\/p>\n<p>&#13;<br \/>\n    &#13;<\/p>\n<p>L&rsquo;Espagnol Ivan Romeo (Movistar) prend pour le moment le meilleur temps (37&rsquo;44\u00a0\u00bb).<\/p>\n<p>&#13;<br \/>\n    &#13;<br \/>\n    &#13;<\/p>\n<p>Ce contenu est bloqu\u00e9 car vous n&rsquo;avez pas accept\u00e9 les cookies et autres traceurs.<\/p>\n<p>En cliquant sur \u00ab J\u2019accepte \u00bb, les cookies et autres traceurs seront d\u00e9pos\u00e9s et vous pourrez visualiser les contenus  (<a href=\"\" class=\"consentModule_policy\" target=\"_blank\" title=\"Consulter la politique de protection des donn\u00e9es du fournisseur\">plus d&rsquo;informations<\/a>).<\/p>\n<p>En cliquant sur \u00ab J\u2019accepte tous les cookies \u00bb, vous autorisez des d\u00e9p\u00f4ts de cookies et autres traceurs pour le stockage de vos donn\u00e9es sur nos sites et applications \u00e0 des fins de personnalisation et de ciblage publicitaire.<\/p>\n<p class=\"consentModule_secondaryText\">Vous gardez la possibilit\u00e9 de retirer votre consentement \u00e0 tout moment en consultant notre <a href=\"https:\/\/www.ledauphine.com\/protection-des-donnees\" target=\"_blank\" title=\"Consulter notre politique de protection des donn\u00e9es\" rel=\"noopener\">politique de protection des donn\u00e9es<\/a>. <br \/>&#13;<br \/>\n            <a href=\"https:\/\/www.ledauphine.com\/tour-de-france\/2025\/07\/09\/javascript:Didomi.notice.show()\" class=\"consentModule_cmp\" target=\"_blank\" rel=\"noopener\">G\u00e9rer mes choix<\/a>&#13;\n        <\/p>\n<p>&#13;<br \/>\n                        J&rsquo;accepte&#13;<br \/>\n            J&rsquo;accepte tous les cookies&#13;\n        <\/p>\n<p>    <img class=\"placeholder-svg\" loading=\"lazy\" decoding=\"async\" src=\"https:\/\/cdn-files.prsmedia.fr\/files\/REDAC\/images\/svg\/placeholders\/twitter-X.svg\" alt=\"Twitter PlaceHolder\"\/><\/p>\n<p>            &#13;<br \/>\n\t    &#13;\n            <\/li>\n<p>&#13;<br \/>\n                    &#13;<\/p>\n<li id=\"c844c205-549b-4b56-a5f0-ed8ea4dd435c\" class=\"instant Basic  \">&#13;<br \/>\n&#13;<\/p>\n<p class=\"instantHeadline Default \">13:48<\/p>\n<p>&#13;<br \/>\n    &#13;<\/p>\n<p>Le Kazakhstanais Yevgeniy Fedorov (XDS-Astana), qui a \u00e9t\u00e9 le premier \u00e0 partir, franchit la ligne d&rsquo;arriv\u00e9e en 42&rsquo;24\u00a0\u00bb.<\/p>\n<p>&#13;<br \/>\n    &#13;\n    <\/li>\n<p>&#13;<br \/>\n                    &#13;<\/p>\n<li id=\"52f7dba2-a68e-4431-ad04-8f6d50906f7a\" class=\"instant Basic  \">&#13;<br \/>\n&#13;<\/p>\n<p class=\"instantHeadline Default \">13:45<\/p>\n<p>&#13;<br \/>\n    &#13;<\/p>\n<p>Le Tricolore Mathis Le Berre (Ark\u00e9a-B&amp;B H\u00f4tels) s\u2019\u00e9lance.<\/p>\n<p>&#13;<br \/>\n    &#13;\n    <\/li>\n<p>&#13;<br \/>\n                    &#13;<\/p>\n<li id=\"fd9f69ec-c328-4b75-ae11-735fbe3ca957\" class=\"instant Highlight  \">&#13;<br \/>\n&#13;<\/p>\n<p class=\"instantHeadline  \">13:42<\/p>\n<p>&#13;<br \/>\n    &#13;<br \/>\n            Abandon d&rsquo;\u00c9milien Jeanni\u00e8re&#13;<br \/>\n    &#13;<br \/>\n    &#13;<\/p>\n<p>Le Fran\u00e7ais \u00c9milien Jeanni\u00e8re (TotalEnergies), qui a lourdement chut\u00e9 lors du final de la\u00a03e \u00e9tape, ne prend\u00a0pas le d\u00e9part de ce contre-la-montre et abandonne donc. Il souffre d&rsquo;une\u00a0fracture de l\u2019omoplate gauche.<\/p>\n<p>\t    &#13;<br \/>\n            &#13;<\/p>\n<p>Ce contenu est bloqu\u00e9 car vous n&rsquo;avez pas accept\u00e9 les cookies et autres traceurs.<\/p>\n<p>En cliquant sur \u00ab J\u2019accepte \u00bb, les cookies et autres traceurs seront d\u00e9pos\u00e9s et vous pourrez visualiser les contenus  (<a href=\"\" class=\"consentModule_policy\" target=\"_blank\" title=\"Consulter la politique de protection des donn\u00e9es du fournisseur\">plus d&rsquo;informations<\/a>).<\/p>\n<p>En cliquant sur \u00ab J\u2019accepte tous les cookies \u00bb, vous autorisez des d\u00e9p\u00f4ts de cookies et autres traceurs pour le stockage de vos donn\u00e9es sur nos sites et applications \u00e0 des fins de personnalisation et de ciblage publicitaire.<\/p>\n<p class=\"consentModule_secondaryText\">Vous gardez la possibilit\u00e9 de retirer votre consentement \u00e0 tout moment en consultant notre <a href=\"https:\/\/www.ledauphine.com\/protection-des-donnees\" target=\"_blank\" title=\"Consulter notre politique de protection des donn\u00e9es\" rel=\"noopener\">politique de protection des donn\u00e9es<\/a>. <br \/>&#13;<br \/>\n            <a href=\"https:\/\/www.ledauphine.com\/tour-de-france\/2025\/07\/09\/javascript:Didomi.notice.show()\" class=\"consentModule_cmp\" target=\"_blank\" rel=\"noopener\">G\u00e9rer mes choix<\/a>&#13;\n        <\/p>\n<p>&#13;<br \/>\n                        J&rsquo;accepte&#13;<br \/>\n            J&rsquo;accepte tous les cookies&#13;\n        <\/p>\n<p>    <img class=\"placeholder-svg\" loading=\"lazy\" decoding=\"async\" src=\"https:\/\/cdn-files.prsmedia.fr\/files\/REDAC\/images\/svg\/placeholders\/twitter-X.svg\" alt=\"Twitter PlaceHolder\"\/><\/p>\n<p>            &#13;<br \/>\n\t    &#13;\n            <\/li>\n<p>&#13;<br \/>\n                    &#13;<\/p>\n<li id=\"e509823d-2ed4-402a-b2e4-2a4d227d0274\" class=\"instant Basic  \">&#13;<br \/>\n&#13;<\/p>\n<p class=\"instantHeadline Default \">13:36<\/p>\n<p>&#13;<br \/>\n    &#13;<\/p>\n<p>Le Fran\u00e7ais Lenny Martinez (Bahrain-Victorious), d\u00e9sign\u00e9 coureur le plus combatif de la 4e \u00e9tape, lance sa course.<\/p>\n<p>&#13;<br \/>\n    &#13;\n    <\/li>\n<p>&#13;<br \/>\n                    &#13;<\/p>\n<li id=\"60605f4e-6ae5-4bff-8345-bedca4422253\" class=\"instant Basic  \">&#13;<br \/>\n&#13;<\/p>\n<p class=\"instantHeadline Default \">13:35<\/p>\n<p>&#13;<br \/>\n    &#13;<\/p>\n<p>Le Belge Tim Merlier (Soudal Quick-Step), vainqueur de la 3e \u00e9tape de la Grande Boucle, s\u2019\u00e9lance \u00e0 son tour.<\/p>\n<p>&#13;<br \/>\n    &#13;\n    <\/li>\n<p>&#13;<br \/>\n                    &#13;<\/p>\n<li id=\"923655a4-d139-4e47-b378-bdb942bd304e\" class=\"instant Basic  \">&#13;<br \/>\n&#13;<\/p>\n<p class=\"instantHeadline Default \">13:34<\/p>\n<p>&#13;<br \/>\n    &#13;<\/p>\n<p>L\u2019unique fran\u00e7ais de l\u2019\u00e9quipe Soudal Quick-Step, Valentin Paret-Peintre, prend le d\u00e9part de ce contre-la-montre.<\/p>\n<p>&#13;<br \/>\n    &#13;\n    <\/li>\n<p>&#13;<br \/>\n                    &#13;<\/p>\n<li id=\"3761ef35-4723-4470-b324-0836139436c5\" class=\"instant Basic  \">&#13;<br \/>\n&#13;<\/p>\n<p class=\"instantHeadline Default \">13:31<\/p>\n<p>&#13;<br \/>\n    &#13;<\/p>\n<p>Arnaud D\u00e9mare (Ark\u00e9a-B&amp;B H\u00f4tels), deuxi\u00e8me Fran\u00e7ais de la journ\u00e9e \u00e0 partir, d\u00e9bute sa course.<\/p>\n<p>&#13;<br \/>\n    &#13;\n    <\/li>\n<p>&#13;<br \/>\n                    &#13;<\/p>\n<li id=\"93e27ba7-297d-475e-bb93-50a466975c2a\" class=\"instant Intermediate  \">&#13;<br \/>\n&#13;<\/p>\n<p class=\"instantHeadline Default \">13:24<\/p>\n<p>&#13;<br \/>\n    &#13;<br \/>\n            Le v\u00e9lo du Belge Remco Evenepoel, grand favori de ce contre-la-montre&#13;<br \/>\n    &#13;<br \/>\n    &#13;<\/p>\n<p>            &#13;<br \/>\n    &#13;<br \/>\n    &#13;<br \/>\n    <a href=\"https:\/\/cdn-s-www.ledauphine.com\/images\/c2c81cc2-aaec-4351-8b2b-b62a1e06a847\/NW_raw\/photo-sipa-shutterstock-1752060262.jpg\" title=\"Photo Sipa\/Shutterstock\" class=\"chocolat-image GA-tracking\" data-ga_type=\"click\" data-ga_category=\"D\u00e9tail\" data-ga_action=\"zoomer\" data-ga_label=\"aggrandir image\" target=\"_blank\" rel=\"noopener\">&#13;<br \/>\n        <img src=\"https:\/\/www.europesays.com\/fr\/wp-content\/uploads\/2025\/07\/photo-sipa-shutterstock-1752060262.jpg\"   alt=\"Photo Sipa\/Shutterstock\" fetchpriority=\"high\" decoding=\"async\" data-mobile=\"NW_listA_M|1752060262\" data-base=\"NW_listA|1752060262\"\/>&#13;<br \/>\n    <\/a>&#13;<br \/>\n    Photo Sipa\/Shutterstock<br \/>\n    \t    &#13;\n            <\/li>\n<p>&#13;<br \/>\n                    &#13;<\/p>\n<li id=\"5178c488-838f-4b2b-b168-e2a955484346\" class=\"instant Basic  \">&#13;<br \/>\n&#13;<\/p>\n<p class=\"instantHeadline Default \">13:07<\/p>\n<p>&#13;<br \/>\n    &#13;<\/p>\n<p>Le Fran\u00e7ais Matt\u00e9o Vercher (TotalEnergies) s&rsquo;\u00e9lance \u00e0 son tour.<\/p>\n<p>&#13;<br \/>\n    &#13;\n    <\/li>\n<p>&#13;<br \/>\n                    &#13;<\/p>\n<li id=\"a5b1b71b-cadb-45f7-86be-866401101656\" class=\"instant Highlight  \">&#13;<br \/>\n&#13;<\/p>\n<p class=\"instantHeadline  \">13:06<\/p>\n<p>&#13;<br \/>\n    &#13;<br \/>\n            Premier d\u00e9part&#13;<br \/>\n    &#13;<br \/>\n    &#13;<\/p>\n<p>Le Kazakhstanais Yevgeniy Fedorov (XDS-Astana) lance cette 5e\u00a0\u00e9tape du Tour de France.<\/p>\n<p>\t    &#13;<br \/>\n            &#13;<\/p>\n<p>Ce contenu est bloqu\u00e9 car vous n&rsquo;avez pas accept\u00e9 les cookies et autres traceurs.<\/p>\n<p>En cliquant sur \u00ab J\u2019accepte \u00bb, les cookies et autres traceurs seront d\u00e9pos\u00e9s et vous pourrez visualiser les contenus  (<a href=\"\" class=\"consentModule_policy\" target=\"_blank\" title=\"Consulter la politique de protection des donn\u00e9es du fournisseur\">plus d&rsquo;informations<\/a>).<\/p>\n<p>En cliquant sur \u00ab J\u2019accepte tous les cookies \u00bb, vous autorisez des d\u00e9p\u00f4ts de cookies et autres traceurs pour le stockage de vos donn\u00e9es sur nos sites et applications \u00e0 des fins de personnalisation et de ciblage publicitaire.<\/p>\n<p class=\"consentModule_secondaryText\">Vous gardez la possibilit\u00e9 de retirer votre consentement \u00e0 tout moment en consultant notre <a href=\"https:\/\/www.ledauphine.com\/protection-des-donnees\" target=\"_blank\" title=\"Consulter notre politique de protection des donn\u00e9es\" rel=\"noopener\">politique de protection des donn\u00e9es<\/a>. <br \/>&#13;<br \/>\n            <a href=\"https:\/\/www.ledauphine.com\/tour-de-france\/2025\/07\/09\/javascript:Didomi.notice.show()\" class=\"consentModule_cmp\" target=\"_blank\" rel=\"noopener\">G\u00e9rer mes choix<\/a>&#13;\n        <\/p>\n<p>&#13;<br \/>\n                        J&rsquo;accepte&#13;<br \/>\n            J&rsquo;accepte tous les cookies&#13;\n        <\/p>\n<p>    <img class=\"placeholder-svg\" loading=\"lazy\" decoding=\"async\" src=\"https:\/\/cdn-files.prsmedia.fr\/files\/REDAC\/images\/svg\/placeholders\/twitter-X.svg\" alt=\"Twitter PlaceHolder\"\/><\/p>\n<p>            &#13;<br \/>\n\t    &#13;\n            <\/li>\n<p>&#13;<br \/>\n                    &#13;<\/p>\n<li id=\"cdca64a6-4a32-4bb5-9e5c-9cadda38d76e\" class=\"instant Intermediate  \">&#13;<br \/>\n&#13;<\/p>\n<p class=\"instantHeadline Default \">13:04<\/p>\n<p>&#13;<br \/>\n    &#13;<br \/>\n            S\u00e9bastien Joly (directeur sportif de Decathlon-AG2R La Mondiale), \u00e0 propos de Bruno Armirail&#13;<br \/>\n    &#13;<br \/>\n    &#13;<\/p>\n<p>\u00ab\u00a0Bruno est vraiment un sp\u00e9cialiste. Il l&rsquo;a prouv\u00e9 sur toutes les courses de contre-la-montre World Tour et encore derni\u00e8rement sur le championnat de France de la discipline. Pour lui, c&rsquo;est une journ\u00e9e qui lui tient \u00e0 coeur. On rentre de la reconnaissance. On a film\u00e9. Il est en train de revisionner les images du d\u00e9part et des parties un peu plus roulantes. Ensuite, on va le laisser un peu se reposer. Et enfin, on recheckera tout ce qui est courbes\u00a0et\u00a0virages\u00a0\u00bb<\/p>\n<p>\t    &#13;\n            <\/li>\n<p>&#13;<br \/>\n                    &#13;<\/p>\n<li id=\"f3e0a7ee-bd14-4467-b054-72e951601e03\" class=\"instant Intermediate  \">&#13;<br \/>\n&#13;<\/p>\n<p class=\"instantHeadline Default \">12:56<\/p>\n<p>&#13;<br \/>\n    &#13;<br \/>\n            Le v\u00e9lo personnalis\u00e9 de Bruno Armirail, champion de France du contre-la-montre&#13;<br \/>\n    &#13;<br \/>\n    &#13;<\/p>\n<p>            &#13;<br \/>\n    &#13;<br \/>\n    &#13;<br \/>\n    <a href=\"https:\/\/cdn-s-www.ledauphine.com\/images\/08c00e9b-78da-4bfa-8003-1c6bdb5ebd61\/NW_raw\/photo-ebra-julien-morin-1752058608.jpg\" title=\"Photo Ebra\/Julien Morin\" class=\"chocolat-image GA-tracking\" data-ga_type=\"click\" data-ga_category=\"D\u00e9tail\" data-ga_action=\"zoomer\" data-ga_label=\"aggrandir image\" target=\"_blank\" rel=\"noopener\">&#13;<br \/>\n        <img src=\"https:\/\/www.europesays.com\/fr\/wp-content\/uploads\/2025\/07\/photo-ebra-julien-morin-1752058608.jpg\"   alt=\"Photo Ebra\/Julien Morin\" fetchpriority=\"high\" decoding=\"async\" data-mobile=\"NW_listA_M|1752058608\" data-base=\"NW_listA|1752058608\"\/>&#13;<br \/>\n    <\/a>&#13;<br \/>\n    Photo Ebra\/Julien Morin<br \/>\n    \t    &#13;\n            <\/li>\n<p>&#13;<br \/>\n                    &#13;<\/p>\n<li id=\"3bc29996-c14a-465a-8270-d2b40ea6d4b1\" class=\"instant Intermediate  \">&#13;<br \/>\n&#13;<\/p>\n<p class=\"instantHeadline Default \">12:53<\/p>\n<p>&#13;<br \/>\n    &#13;<br \/>\n            Les v\u00e9los de Visma-Lease a Bike sont pr\u00eats&#13;<br \/>\n    &#13;<br \/>\n    &#13;<\/p>\n<p>            &#13;<br \/>\n    &#13;<br \/>\n    &#13;<br \/>\n    <a href=\"https:\/\/cdn-s-www.ledauphine.com\/images\/4b2c0276-f9a7-4c6f-801a-2977225b0891\/NW_raw\/photo-ebra-maxime-rodhain-1752058583.jpg\" title=\"Photo Ebra\/Maxime Rodhain\" class=\"chocolat-image GA-tracking\" data-ga_type=\"click\" data-ga_category=\"D\u00e9tail\" data-ga_action=\"zoomer\" data-ga_label=\"aggrandir image\" target=\"_blank\" rel=\"noopener\">&#13;<br \/>\n        <img src=\"https:\/\/www.europesays.com\/fr\/wp-content\/uploads\/2025\/07\/photo-ebra-maxime-rodhain-1752058583.jpg\"   alt=\"Photo Ebra\/Maxime Rodhain\" fetchpriority=\"high\" decoding=\"async\" data-mobile=\"NW_listA_M|1752058583\" data-base=\"NW_listA|1752058583\"\/>&#13;<br \/>\n    <\/a>&#13;<br \/>\n    Photo Ebra\/Maxime Rodhain<br \/>\n    \t    &#13;\n            <\/li>\n<p>&#13;<br \/>\n                    &#13;<\/p>\n<li id=\"c7afd99b-ee14-482e-bc77-c950f4f1c444\" class=\"instant Intermediate  \">&#13;<br \/>\n&#13;<\/p>\n<p class=\"instantHeadline Default \">12:49<\/p>\n<p>&#13;<br \/>\n    &#13;<br \/>\n            Les horaires de passage des coureurs du Top 10&#13;<br \/>\n    &#13;<br \/>\n    &#13;<\/p>\n<p>10. Mattias Skjelmose (DAN\/Lidl-Trek) : 16h42<br \/>9. Remco Evenepoel (BEL\/Soudal Quick-Step) : 16h44<br \/>8. Joao Almeida (POR\/UAE Team Emirates-XRG) : 16h46<br \/>7. Oscar Onley (GBR\/Picnic-PostNL) : 16h48<br \/>6. Enric Mas (ESP\/Movistar) : 16h50<br \/><strong>5. K\u00e9vin Vauquelin<\/strong> (FRA\/Ark\u00e9a-B&amp;B H\u00f4tels) : 16h52<br \/>4. Matteo Jorgenson (USA\/Visma-Lease a Bike) : 16h54<br \/>3. Jonas Vingegaard (DAN\/Visma-Lease a Bike) : 16h56<br \/>2. Tadej Pogacar (SLO\/UAE Team Emirates-XRG) : 16h58<br \/>1. Mathieu van der Poel (PBS\/Alpecin-Deceuninck) : 17h00<\/p>\n<p>\t    &#13;\n            <\/li>\n<p>&#13;<br \/>\n                    &#13;<\/p>\n<li id=\"613565c6-1c16-4fb4-95c9-a4624272e3b8\" class=\"instant Intermediate  \">&#13;<br \/>\n&#13;<\/p>\n<p class=\"instantHeadline Default \">12:44<\/p>\n<p>&#13;<br \/>\n    &#13;<br \/>\n            Ce qu&rsquo;il s&rsquo;est pass\u00e9 hier&#13;<br \/>\n    &#13;<br \/>\n    &#13;<\/p>\n<p>Tadej Pogacar a remport\u00e9, dans un sprint royal devant le Maillot Jaune Mathieu van der Poel et Jonas Vingegaard, sa centi\u00e8me victoire professionnelle, mardi \u00e0 Rouen. \u00c0 26 ans, le champion du monde slov\u00e8ne a abattu une nouvelle barri\u00e8re symbolique dans sa qu\u00eate de grandeur.<\/p>\n<p><strong><a href=\"https:\/\/www.ledauphine.com\/sport\/2025\/07\/08\/de-l-alto-de-foia-a-rouen-pogacar-a-cent-a-l-heure\" target=\"_blank\" rel=\"noopener\">\u00c0 lire : De l\u2019Alto de Foia \u00e0 Rouen, Pogacar \u00e0 cent \u00e0 l\u2019heure<\/a><\/strong><\/p>\n<p>\t    &#13;\n            <\/li>\n<p>&#13;<br \/>\n                    &#13;<\/p>\n<li id=\"c389c318-894d-4cb9-9265-4da6b8411f01\" class=\"instant Intermediate  \">&#13;<br \/>\n&#13;<\/p>\n<p class=\"instantHeadline Default \">12:40<\/p>\n<p>&#13;<br \/>\n    &#13;<br \/>\n            Le profil de ce contre-la-montre&#13;<br \/>\n    &#13;<br \/>\n    &#13;<\/p>\n<p>Le Tour revient \u00e0 Caen (Calvados) ce mercredi pour la premi\u00e8re fois depuis 2006 et pour le premier contre-la-montre de cette 112e \u00e9dition qui promet d&rsquo;\u00eatre crucial pour la suite de la course au maillot jaune.<\/p>\n<p><strong><a href=\"https:\/\/www.ledauphine.com\/tour-de-france\/2025\/07\/09\/premier-contre-la-montre-place-aux-watts-ce-qu-il-faut-savoir-de-la-5e-etape\" target=\"_blank\" rel=\"noopener\">\u00c0 lire : Ce qu&rsquo;il faut savoir de la 5e \u00e9tape<\/a><\/strong><\/p>\n<p>\t    &#13;<br \/>\n            &#13;<\/p>\n<p>            &#13;<br \/>\n    &#13;<br \/>\n    &#13;<br \/>\n    <a href=\"https:\/\/cdn-s-www.ledauphine.com\/images\/0e933816-884d-4ea4-91e8-1c97e865d23c\/NW_raw\/infographie-visactu-1752057670.jpg\" title=\"Infographie Visactu\" class=\"chocolat-image GA-tracking\" data-ga_type=\"click\" data-ga_category=\"D\u00e9tail\" data-ga_action=\"zoomer\" data-ga_label=\"aggrandir image\" target=\"_blank\" rel=\"noopener\">&#13;<br \/>\n        <img src=\"https:\/\/www.europesays.com\/fr\/wp-content\/uploads\/2025\/07\/infographie-visactu-1752057670.jpg\"   alt=\"Infographie Visactu\" fetchpriority=\"high\" decoding=\"async\" data-mobile=\"NW_listA_M|1752057670\" data-base=\"NW_listA|1752057670\"\/>&#13;<br \/>\n    <\/a>&#13;<br \/>\n    Infographie Visactu<br \/>\n    \t    &#13;\n            <\/li>\n<p>&#13;<br \/>\n                    &#13;<\/p>\n<li id=\"0e2adfdc-d564-4e9b-8a2d-3b9713becda0\" class=\"instant Intermediate  \">&#13;<br \/>\n&#13;<\/p>\n<p class=\"instantHeadline Default \">12:35<\/p>\n<p>&#13;<br \/>\n    &#13;<br \/>\n            Premier d\u00e9part dans trente minutes&#13;<br \/>\n    &#13;<br \/>\n    &#13;<\/p>\n<p>Lanterne rouge apr\u00e8s quatre jours de course, le Kazakhstanais\u00a0Yevgeniy Fedorov (XDS-Astana) sera le premier \u00e0 partir, sur les coups de 13h05.<\/p>\n<p>\t    &#13;\n            <\/li>\n<p>&#13;<br \/>\n                    &#13;<\/p>\n<li id=\"78b7c6cc-8f26-4fe0-8a05-362866884cf7\" class=\"instant Intermediate  \">&#13;<br \/>\n&#13;<\/p>\n<p class=\"instantHeadline Default \">12:32<\/p>\n<p>&#13;<br \/>\n    &#13;<br \/>\n            D\u00e9but du live&#13;<br \/>\n    &#13;<br \/>\n    &#13;<\/p>\n<p>Bonjour \u00e0 toutes et \u00e0 tous, bienvenue sur ce live pour suivre la cinqui\u00e8me \u00e9tape du Tour de France 2025, un contre-la-montre de 33 km qui s&rsquo;\u00e9lance et s&rsquo;ach\u00e8ve \u00e0 Caen, ville qui f\u00eate son mill\u00e9naire cette ann\u00e9e.<\/p>\n<p>\t    &#13;<br \/>\n            &#13;<\/p>\n<p>Ce contenu est bloqu\u00e9 car vous n&rsquo;avez pas accept\u00e9 les cookies et autres traceurs.<\/p>\n<p>En cliquant sur \u00ab J\u2019accepte \u00bb, les cookies et autres traceurs seront d\u00e9pos\u00e9s et vous pourrez visualiser les contenus  (<a href=\"\" class=\"consentModule_policy\" target=\"_blank\" title=\"Consulter la politique de protection des donn\u00e9es du fournisseur\">plus d&rsquo;informations<\/a>).<\/p>\n<p>En cliquant sur \u00ab J\u2019accepte tous les cookies \u00bb, vous autorisez des d\u00e9p\u00f4ts de cookies et autres traceurs pour le stockage de vos donn\u00e9es sur nos sites et applications \u00e0 des fins de personnalisation et de ciblage publicitaire.<\/p>\n<p class=\"consentModule_secondaryText\">Vous gardez la possibilit\u00e9 de retirer votre consentement \u00e0 tout moment en consultant notre <a href=\"https:\/\/www.ledauphine.com\/protection-des-donnees\" target=\"_blank\" title=\"Consulter notre politique de protection des donn\u00e9es\" rel=\"noopener\">politique de protection des donn\u00e9es<\/a>. <br \/>&#13;<br \/>\n            <a href=\"https:\/\/www.ledauphine.com\/tour-de-france\/2025\/07\/09\/javascript:Didomi.notice.show()\" class=\"consentModule_cmp\" target=\"_blank\" rel=\"noopener\">G\u00e9rer mes choix<\/a>&#13;\n        <\/p>\n<p>&#13;<br \/>\n                        J&rsquo;accepte&#13;<br \/>\n            J&rsquo;accepte tous les cookies&#13;\n        <\/p>\n<p>    <img class=\"placeholder-svg\" loading=\"lazy\" decoding=\"async\" src=\"https:\/\/cdn-files.prsmedia.fr\/files\/REDAC\/images\/svg\/placeholders\/twitter-X.svg\" alt=\"Twitter PlaceHolder\"\/><\/p>\n<p>            &#13;<br \/>\n\t    &#13;\n            <\/li>\n<p>&#13;<\/p>\n","protected":false},"excerpt":{"rendered":"&#13; &#13; &#13; &#13; 19:09 &#13; &#13; Bonne soir\u00e9e \u00e0 toutes et \u00e0 tous !&#13; &#13; &#13; Merci&hellip;\n","protected":false},"author":2,"featured_media":238168,"comment_status":"","ping_status":"","sticky":false,"template":"","format":"standard","meta":{"footnotes":""},"categories":[9],"tags":[207,3545,107,1701,1011,27,12369,517,1947,60,210],"class_list":{"0":"post-238167","1":"post","2":"type-post","3":"status-publish","4":"format-standard","5":"has-post-thumbnail","7":"category-sports","8":"tag-cyclisme","9":"tag-direct-sport","10":"tag-fil-info","11":"tag-fil-info-sport","12":"tag-fr","13":"tag-france","14":"tag-la-course","15":"tag-sport","16":"tag-sport-national","17":"tag-sports","18":"tag-tour-de-france"},"share_on_mastodon":{"url":"https:\/\/pubeurope.com\/@fr\/114824574229341034","error":""},"_links":{"self":[{"href":"https:\/\/www.europesays.com\/fr\/wp-json\/wp\/v2\/posts\/238167","targetHints":{"allow":["GET"]}}],"collection":[{"href":"https:\/\/www.europesays.com\/fr\/wp-json\/wp\/v2\/posts"}],"about":[{"href":"https:\/\/www.europesays.com\/fr\/wp-json\/wp\/v2\/types\/post"}],"author":[{"embeddable":true,"href":"https:\/\/www.europesays.com\/fr\/wp-json\/wp\/v2\/users\/2"}],"replies":[{"embeddable":true,"href":"https:\/\/www.europesays.com\/fr\/wp-json\/wp\/v2\/comments?post=238167"}],"version-history":[{"count":0,"href":"https:\/\/www.europesays.com\/fr\/wp-json\/wp\/v2\/posts\/238167\/revisions"}],"wp:featuredmedia":[{"embeddable":true,"href":"https:\/\/www.europesays.com\/fr\/wp-json\/wp\/v2\/media\/238168"}],"wp:attachment":[{"href":"https:\/\/www.europesays.com\/fr\/wp-json\/wp\/v2\/media?parent=238167"}],"wp:term":[{"taxonomy":"category","embeddable":true,"href":"https:\/\/www.europesays.com\/fr\/wp-json\/wp\/v2\/categories?post=238167"},{"taxonomy":"post_tag","embeddable":true,"href":"https:\/\/www.europesays.com\/fr\/wp-json\/wp\/v2\/tags?post=238167"}],"curies":[{"name":"wp","href":"https:\/\/api.w.org\/{rel}","templated":true}]}}