{"id":23817,"date":"2025-04-14T07:04:14","date_gmt":"2025-04-14T07:04:14","guid":{"rendered":"https:\/\/www.europesays.com\/fr\/23817\/"},"modified":"2025-04-14T07:04:14","modified_gmt":"2025-04-14T07:04:14","slug":"personne-ne-sait-ou-il-est-linquietude-de-la-mere-du-francais-laurent-vinatier-incarcere","status":"publish","type":"post","link":"https:\/\/www.europesays.com\/fr\/23817\/","title":{"rendered":"\u00ab\u00a0Personne ne sait o\u00f9 il est\u00a0\u00bb\u2026 L\u2019inqui\u00e9tude de la m\u00e8re du Fran\u00e7ais Laurent Vinatier incarc\u00e9r\u00e9"},"content":{"rendered":"<p>Son transfert vers une colonie p\u00e9nitentiaire jette le flou sur ses conditions de d\u00e9tentions. Le Fran\u00e7ais <a href=\"https:\/\/www.20minutes.fr\/monde\/russie\/4140434-20250224-russie-condamnation-francais-laurent-vinatier-trois-ans-prison-maintenue-appel\" target=\"_blank\" class=\"color-ultramarine c-link\" rel=\"noopener\">Laurent Vinatier a \u00e9t\u00e9 condamn\u00e9 \u00e0 trois ans de prison<\/a> en <a href=\"https:\/\/www.20minutes.fr\/monde\/russie\/\" target=\"_blank\" class=\"color-ultramarine c-link\" rel=\"noopener\">Russie<\/a> pour ne pas s\u2019\u00eatre enregistr\u00e9 en tant qu&rsquo;\u00ab\u00a0agent de l\u2019\u00e9tranger\u00a0\u00bb.<\/p>\n<p>\u00ab\u00a0C\u2019est une inqui\u00e9tude tr\u00e8s importante pour nous. Auparavant, il \u00e9tait dans un centre provisoire \u00e0 <a href=\"https:\/\/www.20minutes.fr\/monde\/moscou\/\" target=\"_blank\" class=\"color-ultramarine c-link\" rel=\"noopener\">Moscou<\/a> m\u00eame. On savait o\u00f9 il \u00e9tait. Il recevait des visites du Consul et de son avocat. Maintenant, personne ne sait o\u00f9 il est. Les colonies p\u00e9nitentiaires, en France, \u00e7a n\u2019existe pas\u00a0\u00bb, s\u2019inqui\u00e8te sa m\u00e8re sur <a href=\"http:\/\/bfmtv.com\/international\/asie\/russie\/une-inquietude-tres-importante-la-mere-de-laurent-vinatier-chercheur-francais-emprisonne-en-russie-s-alarme-de-son-transfert-en-colonie-penitentiaire_AV-202504130145.html\" rel=\"nofollow noopener\" target=\"_blank\" class=\"color-ultramarine c-link\">BFMTV<\/a> ce dimanche.<\/p>\n<p>Sanction \u00ab\u00a0la plus s\u00e9v\u00e8re\u00a0\u00bb<\/p>\n<p>Selon un message transmis \u00e0 l\u2019AFP par sa famille, l\u2019avocat de Laurent Vinatier les a inform\u00e9s que ce dernier a \u00e9t\u00e9 transf\u00e9r\u00e9 \u00e0 Toula, \u00e0 environ 200 kilom\u00e8tres au sud de Moscou, dans une colonie p\u00e9nitentiaire de transit pour y effectuer une quarantaine de 15 jours. Apr\u00e8s cette p\u00e9riode, il devrait \u00eatre transf\u00e9r\u00e9 vers un autre \u00e9tablissement encore inconnu pour y purger sa peine, selon lui.<\/p>\n<\/p>\n<p>Sa famille affirme \u00eatre en \u00ab\u00a0liens constants avec la cellule de crise du <a href=\"https:\/\/www.20minutes.fr\/dossier\/ministere_des_affaires_etrangeres\" target=\"_blank\" class=\"color-ultramarine c-link\" rel=\"noopener\">minist\u00e8re des Affaires \u00e9trang\u00e8res<\/a>\u00a0\u00bb. \u00ab\u00a0Ils ont \u00e9t\u00e9 tout \u00e0 fait surpris. Il faut s\u00fbrement donner plus de temps, mais ce qui nous inqui\u00e8te, c\u2019est qu\u2019il a \u00e9t\u00e9 condamn\u00e9 \u00e0 la sanction la plus s\u00e9v\u00e8re alors qu\u2019il avait plaid\u00e9 coupable\u00a0\u00bb, explique encore sa m\u00e8re \u00e0 nos confr\u00e8res.<\/p>\n<p><a href=\"https:\/\/www.20minutes.fr\/monde\/russie\/\" target=\"_blank\" class=\"c-link c-btn c-btn--primary\" rel=\"noopener\">Notre dossier sur la Russie<\/a><\/p>\n<p>Les transferts p\u00e9nitentiaires en Russie sont des proc\u00e9dures qui prennent souvent plusieurs semaines, les proches des condamn\u00e9s pouvant rester tout ce temps sans nouvelles.<\/p>\n","protected":false},"excerpt":{"rendered":"Son transfert vers une colonie p\u00e9nitentiaire jette le flou sur ses conditions de d\u00e9tentions. Le Fran\u00e7ais Laurent Vinatier&hellip;\n","protected":false},"author":2,"featured_media":23818,"comment_status":"","ping_status":"","sticky":false,"template":"","format":"standard","meta":{"footnotes":""},"categories":[1591],"tags":[47,11,1887,3844,4998,74,12,806,1885,1886,132],"class_list":{"0":"post-23817","1":"post","2":"type-post","3":"status-publish","4":"format-standard","5":"has-post-thumbnail","7":"category-russie","8":"tag-actualite","9":"tag-actualites","10":"tag-federation-de-russie","11":"tag-francais","12":"tag-kremlin","13":"tag-monde","14":"tag-news","15":"tag-prison","16":"tag-russia","17":"tag-russian-federation","18":"tag-russie"},"share_on_mastodon":{"url":"https:\/\/pubeurope.com\/@fr\/114335046942023514","error":""},"_links":{"self":[{"href":"https:\/\/www.europesays.com\/fr\/wp-json\/wp\/v2\/posts\/23817","targetHints":{"allow":["GET"]}}],"collection":[{"href":"https:\/\/www.europesays.com\/fr\/wp-json\/wp\/v2\/posts"}],"about":[{"href":"https:\/\/www.europesays.com\/fr\/wp-json\/wp\/v2\/types\/post"}],"author":[{"embeddable":true,"href":"https:\/\/www.europesays.com\/fr\/wp-json\/wp\/v2\/users\/2"}],"replies":[{"embeddable":true,"href":"https:\/\/www.europesays.com\/fr\/wp-json\/wp\/v2\/comments?post=23817"}],"version-history":[{"count":0,"href":"https:\/\/www.europesays.com\/fr\/wp-json\/wp\/v2\/posts\/23817\/revisions"}],"wp:featuredmedia":[{"embeddable":true,"href":"https:\/\/www.europesays.com\/fr\/wp-json\/wp\/v2\/media\/23818"}],"wp:attachment":[{"href":"https:\/\/www.europesays.com\/fr\/wp-json\/wp\/v2\/media?parent=23817"}],"wp:term":[{"taxonomy":"category","embeddable":true,"href":"https:\/\/www.europesays.com\/fr\/wp-json\/wp\/v2\/categories?post=23817"},{"taxonomy":"post_tag","embeddable":true,"href":"https:\/\/www.europesays.com\/fr\/wp-json\/wp\/v2\/tags?post=23817"}],"curies":[{"name":"wp","href":"https:\/\/api.w.org\/{rel}","templated":true}]}}