{"id":238180,"date":"2025-07-09T18:04:31","date_gmt":"2025-07-09T18:04:31","guid":{"rendered":"https:\/\/www.europesays.com\/fr\/238180\/"},"modified":"2025-07-09T18:04:31","modified_gmt":"2025-07-09T18:04:31","slug":"hommages-et-nouveau-directeur-interdepartemental-adjoint","status":"publish","type":"post","link":"https:\/\/www.europesays.com\/fr\/238180\/","title":{"rendered":"hommages et nouveau directeur interd\u00e9partemental adjoint"},"content":{"rendered":"<p>C\u2019est la premi\u00e8re fois que se d\u00e9roulait, ce mercredi matin, sur la place de l\u2019H\u00f4tel-de-ville, ce type de c\u00e9r\u00e9monie. Une prise d\u2019armes qui a vu six policiers d\u00e9cor\u00e9s dont deux honor\u00e9s \u00ab\u00a0pour actes de courage et d\u00e9vouement\u00a0\u00bb et les quatre autres pour leurs ann\u00e9es de service au sein de la police.<\/p>\n<p>Une c\u00e9r\u00e9monie qui tenait \u00e0 c\u0153ur d\u2019 <a href=\"https:\/\/www.leprogres.fr\/faits-divers-justice\/2024\/08\/21\/yves-cellier-nouveau-directeur-interdepartemental-de-la-police-nationale-de-la-loire\" target=\"_blank\" rel=\"nofollow noopener\">Yves Cellier, le patron de la Direction interd\u00e9partementale de la police nationale de la Loire<\/a>. \u00ab\u00a0L\u2019\u00e9tymologie de la police, rappelait -il, c\u2019est la protection de la cit\u00e9. C\u2019est normal qu\u2019elle ait lieu justement au c\u0153ur de la cit\u00e9.\u00a0\u00bb Une \u00ab\u00a0cit\u00e9\u00a0\u00bb que vient de rejoindre, Jonathan Rey, 42 ans, nomm\u00e9 directeur interd\u00e9partemental de la police nationale adjoint.<\/p>\n<p>Il occupait le poste de directeur de la police nationale \u00e0 Bar-Le-Duc (Meuse)<\/p>\n<p>Grenoblois, form\u00e9 \u00e0 l\u2019\u00c9cole nationale sup\u00e9rieure de la police, commissaire depuis 2008, il a pos\u00e9 ses valises aux quatre coins de la France, \u00e0 Antibes, Romans-sur-Is\u00e8re, Lorient, Aurillac. Jusque-l\u00e0, il occupait le poste de directeur de la police nationale \u00e0 Bar-Le-Duc, dans la Meuse, o\u00f9 il est rest\u00e9 trois ans.<\/p>\n<p>C\u2019est une nouvelle page qu\u2019il va \u00e9crire dans la Loire, qu\u2019il conna\u00eet peu, o\u00f9 il sera charg\u00e9 d\u2019\u00eatre \u00ab\u00a0en soutien total \u00e0 Yves Cellier\u00a0\u00bb.<\/p>\n<p>Sur sa feuille de route, un certain nombre de sujets prioritaires sont d\u00e9j\u00e0 inscrits, \u00ab\u00a0le d\u00e9ploiement du plan d\u2019action d\u00e9partemental de restauration de la s\u00e9curit\u00e9 du quotidien, la lutte contre les trafics de stup\u00e9fiants, du consommateur au trafiquant, le d\u00e9mant\u00e8lement de la cha\u00eene de d\u00e9linquance li\u00e9e aux v\u00e9hicules, les vols, d\u00e9gradations, et la s\u00e9curisation des transports en commun. Il y aura aussi deux marqueurs forts, a-t-il soulign\u00e9, le football, que j\u2019aurais le plaisir de d\u00e9couvrir bient\u00f4t, et la lutte contre les violences conjugales.\u00a0\u00bb<\/p>\n","protected":false},"excerpt":{"rendered":"C\u2019est la premi\u00e8re fois que se d\u00e9roulait, ce mercredi matin, sur la place de l\u2019H\u00f4tel-de-ville, ce type de&hellip;\n","protected":false},"author":2,"featured_media":238181,"comment_status":"","ping_status":"","sticky":false,"template":"","format":"standard","meta":{"footnotes":""},"categories":[9653],"tags":[1111,11,2430,7539,1777,674,274,1011,27,3367,12,25,4001,7538],"class_list":{"0":"post-238180","1":"post","2":"type-post","3":"status-publish","4":"format-standard","5":"has-post-thumbnail","7":"category-saint-etienne","8":"tag-actu","9":"tag-actualites","10":"tag-auvergne-rhone-alpes","11":"tag-edition-loire-sud","12":"tag-eu","13":"tag-europe","14":"tag-faits-divers-justice","15":"tag-fr","16":"tag-france","17":"tag-loire","18":"tag-news","19":"tag-republique-francaise","20":"tag-saint-etienne","21":"tag-saint-etienne-ville"},"share_on_mastodon":{"url":"https:\/\/pubeurope.com\/@fr\/114824600895456833","error":""},"_links":{"self":[{"href":"https:\/\/www.europesays.com\/fr\/wp-json\/wp\/v2\/posts\/238180","targetHints":{"allow":["GET"]}}],"collection":[{"href":"https:\/\/www.europesays.com\/fr\/wp-json\/wp\/v2\/posts"}],"about":[{"href":"https:\/\/www.europesays.com\/fr\/wp-json\/wp\/v2\/types\/post"}],"author":[{"embeddable":true,"href":"https:\/\/www.europesays.com\/fr\/wp-json\/wp\/v2\/users\/2"}],"replies":[{"embeddable":true,"href":"https:\/\/www.europesays.com\/fr\/wp-json\/wp\/v2\/comments?post=238180"}],"version-history":[{"count":0,"href":"https:\/\/www.europesays.com\/fr\/wp-json\/wp\/v2\/posts\/238180\/revisions"}],"wp:featuredmedia":[{"embeddable":true,"href":"https:\/\/www.europesays.com\/fr\/wp-json\/wp\/v2\/media\/238181"}],"wp:attachment":[{"href":"https:\/\/www.europesays.com\/fr\/wp-json\/wp\/v2\/media?parent=238180"}],"wp:term":[{"taxonomy":"category","embeddable":true,"href":"https:\/\/www.europesays.com\/fr\/wp-json\/wp\/v2\/categories?post=238180"},{"taxonomy":"post_tag","embeddable":true,"href":"https:\/\/www.europesays.com\/fr\/wp-json\/wp\/v2\/tags?post=238180"}],"curies":[{"name":"wp","href":"https:\/\/api.w.org\/{rel}","templated":true}]}}