{"id":238182,"date":"2025-07-09T18:05:24","date_gmt":"2025-07-09T18:05:24","guid":{"rendered":"https:\/\/www.europesays.com\/fr\/238182\/"},"modified":"2025-07-09T18:05:24","modified_gmt":"2025-07-09T18:05:24","slug":"pour-lfi-cest-clairement-non","status":"publish","type":"post","link":"https:\/\/www.europesays.com\/fr\/238182\/","title":{"rendered":"pour LFI, c\u2019est clairement \u00ab non \u00bb"},"content":{"rendered":"<p>Pour eux, l\u2019union populaire est \u00ab\u00a0une urgence sociale, d\u00e9mocratique et environnementale\u00a0\u00bb. Mais cette urgence ne se fera pas \u00e0 n\u2019importe quel prix. C\u2019est ce qu\u2019indiquent, dans un communiqu\u00e9, Valentine Mercier et Nicolas Preux, co-chefs de file de la France insoumise pour les municipales 2026 qui mettent clairement la pression aux autres formations politiques de gauche. Tout semble donc bien parti pour que la gauche parte\u2026 d\u00e9sunie.<\/p>\n<p>Valentine Mercier et Nicolas Preux reconnaissent que les discussions men\u00e9es depuis un an par les militants de la France insoumise, les \u00c9cologistes, le PCF, le PS et le collectif Saint\u00e9 populaire, pour une liste commune \u00e0 gauche patinent. \u00ab\u00a0Nous le regrettons\u00a0\u00bb, pr\u00e9cisent-ils.<\/p>\n<p>PS et \u00c9cologistes habill\u00e9s pour l\u2019hiver<\/p>\n<p>\u00ab\u00a0Il y a plusieurs semaines d\u00e9j\u00e0, le PS annon\u00e7ait son candidat t\u00eate de liste dans la presse (<a href=\"https:\/\/www.leprogres.fr\/politique\/2025\/05\/21\/municipales-2026-pierrick-courbon-pas-candidat-regis-juanico-a-la-baguette\" target=\"_blank\" rel=\"nofollow noopener\">R\u00e9gis&#8230;<\/a><\/p>\n","protected":false},"excerpt":{"rendered":"Pour eux, l\u2019union populaire est \u00ab\u00a0une urgence sociale, d\u00e9mocratique et environnementale\u00a0\u00bb. Mais cette urgence ne se fera pas&hellip;\n","protected":false},"author":2,"featured_media":238183,"comment_status":"","ping_status":"","sticky":false,"template":"","format":"standard","meta":{"footnotes":""},"categories":[9653],"tags":[1111,11,2430,7539,4188,1777,674,1011,27,12,316,25,4001,7538],"class_list":{"0":"post-238182","1":"post","2":"type-post","3":"status-publish","4":"format-standard","5":"has-post-thumbnail","7":"category-saint-etienne","8":"tag-actu","9":"tag-actualites","10":"tag-auvergne-rhone-alpes","11":"tag-edition-loire-sud","12":"tag-elections-municipales","13":"tag-eu","14":"tag-europe","15":"tag-fr","16":"tag-france","17":"tag-news","18":"tag-politique","19":"tag-republique-francaise","20":"tag-saint-etienne","21":"tag-saint-etienne-ville"},"share_on_mastodon":{"url":"https:\/\/pubeurope.com\/@fr\/114824604786662701","error":""},"_links":{"self":[{"href":"https:\/\/www.europesays.com\/fr\/wp-json\/wp\/v2\/posts\/238182","targetHints":{"allow":["GET"]}}],"collection":[{"href":"https:\/\/www.europesays.com\/fr\/wp-json\/wp\/v2\/posts"}],"about":[{"href":"https:\/\/www.europesays.com\/fr\/wp-json\/wp\/v2\/types\/post"}],"author":[{"embeddable":true,"href":"https:\/\/www.europesays.com\/fr\/wp-json\/wp\/v2\/users\/2"}],"replies":[{"embeddable":true,"href":"https:\/\/www.europesays.com\/fr\/wp-json\/wp\/v2\/comments?post=238182"}],"version-history":[{"count":0,"href":"https:\/\/www.europesays.com\/fr\/wp-json\/wp\/v2\/posts\/238182\/revisions"}],"wp:featuredmedia":[{"embeddable":true,"href":"https:\/\/www.europesays.com\/fr\/wp-json\/wp\/v2\/media\/238183"}],"wp:attachment":[{"href":"https:\/\/www.europesays.com\/fr\/wp-json\/wp\/v2\/media?parent=238182"}],"wp:term":[{"taxonomy":"category","embeddable":true,"href":"https:\/\/www.europesays.com\/fr\/wp-json\/wp\/v2\/categories?post=238182"},{"taxonomy":"post_tag","embeddable":true,"href":"https:\/\/www.europesays.com\/fr\/wp-json\/wp\/v2\/tags?post=238182"}],"curies":[{"name":"wp","href":"https:\/\/api.w.org\/{rel}","templated":true}]}}