{"id":238186,"date":"2025-07-09T18:07:22","date_gmt":"2025-07-09T18:07:22","guid":{"rendered":"https:\/\/www.europesays.com\/fr\/238186\/"},"modified":"2025-07-09T18:07:22","modified_gmt":"2025-07-09T18:07:22","slug":"produits-locaux-et-programme-musical-varie-a-maxeville","status":"publish","type":"post","link":"https:\/\/www.europesays.com\/fr\/238186\/","title":{"rendered":"produits locaux et programme musical vari\u00e9 \u00e0 Max\u00e9ville"},"content":{"rendered":"<p>L\u2019\u00e9v\u00e9nement est port\u00e9 par l\u2019association Loco Loco Loco. \u00ab\u00a0Jeu de mots\u00a0!\u00a0\u00bb, aurait triomph\u00e9 Ma\u00eetre Capello\u2026 Loco, parce que l\u2019entreprise compte bien glisser juste ce qu\u2019il faut de folie pour que la f\u00eate soit belle. Loco, aussi, comme locaux, ces produits dont l\u2019association veut faire la promo en ajoutant joie et musique \u00e0 l\u2019\u00e9quation. Une id\u00e9e port\u00e9e par trois brasseries locales (Hoppy Road, Cl\u00e9mery et La Fabrique des Gr\u00d4), un caviste nanc\u00e9ien qui a le go\u00fbt des vins naturels (Vindiou) et une asso de promotion des musiques ind\u00e9pendantes, Le Son et la Forme.<\/p>\n<p>Tous avaient un regret en effet\u00a0: \u00ab\u00a0En local, on avait du mal \u00e0 trouver nos places dans les guinguettes, plut\u00f4t tenues par des limonadiers qui fournissent des produits pas forc\u00e9ment tr\u00e8s locaux\u00a0\u00bb, consid\u00e8re Thomas R\u00e9my, l\u2019un des cofondateurs de l\u2019asso. \u00ab\u00a0Alors on a eu envie de faire rayonner nos savoir-faire\u2026 \u00e0 nous, en cr\u00e9ant un super \u00e9v\u00e9nement culturel, convivial et festif\u2026 chez nous. Et c\u2019\u00e9tait en effet un peu\u2026 loco.\u00a0\u00bb<\/p>\n<p>  Convivialit\u00e9 au sens large<\/p>\n<p>Cette envie s\u2019est mat\u00e9rialis\u00e9e sous la forme d\u2019un festival entr\u00e9 dans l\u2019histoire (locale\u00a0!) sous le titre d\u2019Hopocalypse. Soit deux jours de concerts et de plaisirs musicaux.<\/p>\n<p>Hopocalypse, HPCLPS pour les intimes, est un festival vadrouilleur. Apr\u00e8s avoir pos\u00e9 sa sc\u00e8ne notamment \u00e0 la P\u00e9pini\u00e8re, ou sur le site d\u2019Hoppy Road \u00e0 Max\u00e9ville, c\u2019est dans les murs des anciennes Brasseries de Max\u00e9ville qu\u2019elle allumera ses six consonnes en lettres capitales.<\/p>\n<p>Dans quel esprit\u00a0? \u00ab\u00a0Dans un esprit qui touche absolument tous les publics\u00a0\u00bb, s\u2019engage Thomas R\u00e9my. \u00ab\u00a0Avec en plus un volet ultrafamilial l\u2019apr\u00e8s-midi\u00a0\u00bb, o\u00f9 la pr\u00e9sence de food-trucks (\u00ab\u00a0locaux, avec produits\u2026 locaux) pousse \u00e0 la gourmandise. \u00ab\u00a0Convivialit\u00e9 et partage\u00a0\u00bb en sont les ma\u00eetres mots.<\/p>\n<p>Quant au programme musical, il s\u2019inscrit sur un large spectre allant du hip-hop \u00e0 l\u2019\u00e9lectro en passant par le rock, entre autres, Battucada comprise.<\/p>\n<p>On y retrouvera vendredi\u00a011 le duo de plus en plus actif et reconnu sur la place que sont Bogdan et Woodsdad, ainsi que Fournaise, Aibohphobia et le fameux live karaok\u00e9 des Karaokids United.<\/p>\n<p>Samedi, se succ\u00e9deront Studio 45 en DJ Set, puis les concerts de l\u2019Eko Battucada, le Renard, ANMST, Maxi Glut en pleine ascension, et tout \u00e7a finira avec Rodorama que d\u2019aucuns ont d\u00e9j\u00e0 pu appr\u00e9cier aux NJP.<\/p>\n<p>  Une seconde en septembre<\/p>\n<p>Cette septi\u00e8me \u00e9dition, compte tenu des jauges comptabilis\u00e9es par le pass\u00e9, peut esp\u00e9rer voir quelque 1\u00a0500 personnes venir s\u2019abreuver de d\u00e9cibels. Pour lesquelles une sc\u00e9nographie plus d\u00e9velopp\u00e9e a \u00e9t\u00e9 imagin\u00e9e cette ann\u00e9e, \u00ab\u00a0parce que l\u2019itin\u00e9rance, \u00e7a nous oblige sans cesse \u00e0 nous r\u00e9inventer\u00a0\u00bb.<\/p>\n<p>Voil\u00e0 pour la premi\u00e8re \u00ab\u00a0m\u00e8che\u00a0\u00bb de l\u2019\u00e9t\u00e9. Mais il y aura un \u00ab\u00a0bis\u00a0\u00bb programm\u00e9 par les m\u00eames Locos sur le week-end des 4 et 5\u00a0septembre. Et le tout est gratuit.<\/p>\n<p>D\u2019o\u00f9 l\u2019organisation d\u2019une soir\u00e9e printani\u00e8re \u00e0 la MJC Lillebonne pour r\u00e9unir quelques fonds n\u00e9cessaires.<\/p>\n<p>Et pour qui se pose la question, sachez qu\u2019en anglais \u00ab\u00a0Hop\u00a0\u00bb signifie \u00ab\u00a0Houblon\u00a0\u00bb. CQFD\u00a0!<\/p>\n<p class=\"note\">Hopocalypse, le 11\u00a0juillet (\u00e0 partir de 17\u00a0h), et le 12\u00a0juillet (\u00e0 partir de 13\u00a0h\u00a030), anciennes brasseries de Max\u00e9ville. Entr\u00e9e libre.<\/p>\n","protected":false},"excerpt":{"rendered":"L\u2019\u00e9v\u00e9nement est port\u00e9 par l\u2019association Loco Loco Loco. \u00ab\u00a0Jeu de mots\u00a0!\u00a0\u00bb, aurait triomph\u00e9 Ma\u00eetre Capello\u2026 Loco, parce que&hellip;\n","protected":false},"author":2,"featured_media":238187,"comment_status":"","ping_status":"","sticky":false,"template":"","format":"standard","meta":{"footnotes":""},"categories":[9635],"tags":[1111,11,1687,1704,1777,674,1011,27,775,10061,10262,873,1702,12,25,3140],"class_list":{"0":"post-238186","1":"post","2":"type-post","3":"status-publish","4":"format-standard","5":"has-post-thumbnail","7":"category-nancy","8":"tag-actu","9":"tag-actualites","10":"tag-culture-loisirs","11":"tag-edition-nancy-et-agglomeration","12":"tag-eu","13":"tag-europe","14":"tag-fr","15":"tag-france","16":"tag-grand-est","17":"tag-maxeville","18":"tag-metropole-du-grand-nancy-54b5","19":"tag-musique","20":"tag-nancy","21":"tag-news","22":"tag-republique-francaise","23":"tag-spectacle"},"share_on_mastodon":{"url":"https:\/\/pubeurope.com\/@fr\/114824612932047886","error":""},"_links":{"self":[{"href":"https:\/\/www.europesays.com\/fr\/wp-json\/wp\/v2\/posts\/238186","targetHints":{"allow":["GET"]}}],"collection":[{"href":"https:\/\/www.europesays.com\/fr\/wp-json\/wp\/v2\/posts"}],"about":[{"href":"https:\/\/www.europesays.com\/fr\/wp-json\/wp\/v2\/types\/post"}],"author":[{"embeddable":true,"href":"https:\/\/www.europesays.com\/fr\/wp-json\/wp\/v2\/users\/2"}],"replies":[{"embeddable":true,"href":"https:\/\/www.europesays.com\/fr\/wp-json\/wp\/v2\/comments?post=238186"}],"version-history":[{"count":0,"href":"https:\/\/www.europesays.com\/fr\/wp-json\/wp\/v2\/posts\/238186\/revisions"}],"wp:featuredmedia":[{"embeddable":true,"href":"https:\/\/www.europesays.com\/fr\/wp-json\/wp\/v2\/media\/238187"}],"wp:attachment":[{"href":"https:\/\/www.europesays.com\/fr\/wp-json\/wp\/v2\/media?parent=238186"}],"wp:term":[{"taxonomy":"category","embeddable":true,"href":"https:\/\/www.europesays.com\/fr\/wp-json\/wp\/v2\/categories?post=238186"},{"taxonomy":"post_tag","embeddable":true,"href":"https:\/\/www.europesays.com\/fr\/wp-json\/wp\/v2\/tags?post=238186"}],"curies":[{"name":"wp","href":"https:\/\/api.w.org\/{rel}","templated":true}]}}