{"id":238193,"date":"2025-07-09T18:11:12","date_gmt":"2025-07-09T18:11:12","guid":{"rendered":"https:\/\/www.europesays.com\/fr\/238193\/"},"modified":"2025-07-09T18:11:12","modified_gmt":"2025-07-09T18:11:12","slug":"que-faire-a-montpellier-pour-un-14-juillet-inoubliable","status":"publish","type":"post","link":"https:\/\/www.europesays.com\/fr\/238193\/","title":{"rendered":"que faire \u00e0 Montpellier pour un 14 juillet inoubliable ?"},"content":{"rendered":"<p><strong>\u00c0 Montpellier et dans son agglom\u00e9ration, la F\u00eate nationale s\u2019annonce conviviale et spectaculaire ! C\u00e9r\u00e9monies r\u00e9publicaines, retraites aux flambeaux, concerts et feux d\u2019artifice rythmeront les 13 et 14 juillet. D\u00e9couvrez une s\u00e9lection des festivit\u00e9s \u00e0 ne pas manquer.<\/strong><\/p>\n<p><img fetchpriority=\"high\" decoding=\"async\" width=\"1200\" height=\"837\" src=\"https:\/\/www.europesays.com\/fr\/wp-content\/uploads\/2025\/07\/fex-dartifice-Montpellier-1200x837.jpg\" alt=\"Les feux d'artifice illumineront le ciel de l'agglom\u00e9ration montpelli\u00e9raine. Celui de Montpellier sera consacr\u00e9 au tramway.\"  \/><\/p>\n<p>Les feux d\u2019artifice illumineront le ciel de l\u2019agglom\u00e9ration montpelli\u00e9raine. Celui de Montpellier sera consacr\u00e9 au tramway. \u00a9Ville de Montpellier<\/p>\n<p>\u00c0 l\u2019occasion de la F\u00eate nationale, <strong>la Ville de Montpellier<\/strong> propose deux journ\u00e9es de festivit\u00e9s m\u00ealant solennit\u00e9 r\u00e9publicaine, spectacles artistiques et moments populaires. Le dimanche 13 juillet \u00e0 19h,<strong> la c\u00e9r\u00e9monie officielle<\/strong> se tiendra place de la Com\u00e9die, en pr\u00e9sence des autorit\u00e9s civiles et militaires. Ce temps fort comprendra les honneurs au drapeau, la revue des troupes, la remise de d\u00e9corations et l\u2019interpr\u00e9tation de La Marseillaise par la fanfare <a href=\"https:\/\/www.lejournaltoulousain.fr\/occitanie\/herault\/actualites-herault\/incendie-pres-montpellier-150-pompiers-alerte-3-maisons-sauvees-327668\/\" target=\"_blank\" rel=\"noopener\">des sapeurs-pompiers du SDIS34, largement sollicit\u00e9s en cette p\u00e9riode d\u2019alerte aux feux de for\u00eats<\/a>. Cette c\u00e9r\u00e9monie sera aussi l\u2019occasion de <strong>comm\u00e9morer les 160 ans de la Croix-Rouge fran\u00e7aise<\/strong>.<\/p>\n<p>Dans la foul\u00e9e, \u00e0 20h30, <strong>la traditionnelle retraite aux flambeaux<\/strong> r\u00e9unira plus de 600 enfants et leurs familles dans les rues de l\u2019\u00c9cusson, encadr\u00e9s par les \u00e9quipes municipales. Ce cort\u00e8ge lumineux, rythm\u00e9 par l\u2019animation musicale du R\u00e9veil Cournonterralais, s\u2019\u00e9lancera du kiosque Bosc vers le jardin du Peyrou dans une ambiance conviviale et symbolique.<\/p>\n<p>\u00c0 22h, <strong>un spectacle de son et lumi\u00e8re intitul\u00e9 \u201cSi Montpellier m\u2019\u00e9tait cont\u00e9e\u201d<\/strong> sera projet\u00e9 sur le Ch\u00e2teau d\u2019eau du Peyrou. R\u00e9alis\u00e9 par la soci\u00e9t\u00e9 Luminagora, il mettra en sc\u00e8ne l\u2019histoire de la ville \u00e0 travers le regard d\u2019enfants et celui d\u2019Olympe de Gouges, figure des droits des femmes. \u00ab Nous voulons cr\u00e9er un lien \u00e9motionnel entre les spectateurs et le lieu, faire de chaque repr\u00e9sentation une parenth\u00e8se enchant\u00e9e \u00bb, explique Philippe Rota, fondateur de Luminagora.<\/p>\n<p>Le lundi 14 juillet \u00e0 19h, <strong>un banquet r\u00e9publicain<\/strong> se tiendra \u00e0 l\u2019H\u00f4tel de Ville en l\u2019honneur des personnes r\u00e9cemment naturalis\u00e9es. \u00c0 la m\u00eame heure, <strong>le bal des pompiers<\/strong> d\u00e9butera au parc Georges Charpak, avant de reprendre \u00e0 23h30 apr\u00e8s le feu d\u2019artifice. \u00c0 21h, <strong>un concert en plein air de l\u2019Op\u00e9ra Orchestre national de Montpellier Occitanie <\/strong>sera donn\u00e9 sur le parvis Georges Fr\u00eache.<\/p>\n<p>Enfin, \u00e0 <strong>23h, <a href=\"https:\/\/www.ruggieri.fr\/\" target=\"_blank\" rel=\"noreferrer noopener\">un feu d\u2019artifice sign\u00e9 Ruggieri<\/a><\/strong>, hommage aux cinq lignes de tramway de Montpellier, cl\u00f4turera les festivit\u00e9s. D\u2019une dur\u00e9e de 23 minutes, cette cr\u00e9ation originale fera voyager les spectateurs \u00e0 travers les stations embl\u00e9matiques de la ville, m\u00ealant fresques pyrotechniques, narration, effets visuels et bande-son \u00e9clectique. Le spectacle sera \u00e9galement retransmis en direct sur le site de la Ville.<\/p>\n<p>Les feux d\u2019artifice autour de Montpellier le 13 juillet<\/p>\n<p>Plusieurs communes de l\u2019agglom\u00e9ration montpelli\u00e9raine proposeront des spectacles pyrotechniques le <strong>dimanche 13 juillet 2025<\/strong>, accompagn\u00e9s d\u2019animations festives pour tous les publics. Voici un tour d\u2019horizon des rendez-vous incontournables. <strong>\u00c0 Lattes<\/strong>, le rendez-vous est donn\u00e9 sur la Vasque de Port Ariane pour un feu d\u2019artifice f\u00e9erique. \u00c0 partir de <strong>22h30<\/strong>, le ciel s\u2019embrasera au rythme de l\u2019<strong>Orchestre Miami<\/strong>, pour une soir\u00e9e conviviale en bord d\u2019eau. Un cadre idyllique pour c\u00e9l\u00e9brer la f\u00eate nationale en famille ou entre amis.<\/p>\n<p><strong>Castelnau-le-Lez<\/strong> met un point d\u2019honneur \u00e0 faire de cette soir\u00e9e un moment de rassemblement r\u00e9publicain. Le programme d\u00e9butera d\u00e8s 19h avec une c\u00e9r\u00e9monie au cimeti\u00e8re de la Crouzette, suivie du discours du maire Fr\u00e9d\u00e9ric Lafforgue et de l\u2019inauguration de la Place Vibrante. La f\u00eate se poursuivra sur la Place de l\u2019Europe\/Simone-Veil avec un <strong>ap\u00e9ritif musical \u00e0 19h30<\/strong>, offert par la municipalit\u00e9. Le feu d\u2019artifice, tir\u00e9 depuis le toit de l\u2019H\u00f4tel de ville \u00e0 <strong>22h30<\/strong>, sera suivi d\u2019un <strong>bal populaire anim\u00e9 par Samy Ela (Mix Live)<\/strong>.<\/p>\n<p>Au lac Jean-Marie Rouch\u00e9 du <strong>Cr\u00e8s <\/strong>la soir\u00e9e promet d\u2019\u00eatre festive et musicale. D\u00e8s 19h, des food-trucks accueilleront les visiteurs, accompagn\u00e9s du concert du groupe Wepa Wepa et d\u2019une d\u00e9ambulation musicale avec la pe\u00f1a Fr\u00e9ro\u2019s Productions. Le <strong>feu d\u2019artifice sera tir\u00e9 \u00e0 22h30<\/strong>, suivi d\u2019un <strong>bal populaire<\/strong> jusqu\u2019\u00e0 1h du matin. L\u2019acc\u00e8s est libre.<\/p>\n<p>La commune de <strong>Grabels <\/strong>vous accueille au <strong>Parc du Ch\u00e2teau<\/strong> d\u00e8s 18h pour une soir\u00e9e r\u00e9publicaine conviviale. Le programme d\u00e9butera avec le spectacle jeune public \u201cLa v\u00e9ritable vraie histoire vraie du Chat Bott\u00e9\u201d, m\u00ealant th\u00e9\u00e2tre, magie et marionnettes. \u00c0 19h, un <strong>ap\u00e9ritif r\u00e9publicain<\/strong> sera servi. Le <strong>feu d\u2019artifice<\/strong> illuminera le ciel \u00e0 <strong>22h30<\/strong>, avant de laisser place au <strong>bal r\u00e9publicain anim\u00e9 par DJ Far\u00e8s<\/strong> \u00e0 <strong>23h<\/strong>. Food-trucks et buvette seront disponibles sur place.<\/p>\n<p>Les spectacles pyrotechniques du 14 juillet<\/p>\n<p>D\u2019autres Municipalit\u00e9s ont tenu a f\u00eater la R\u00e9publique le jour J. Elles vous donnent rendez-vous pour des moments festifs et conviviaux, cl\u00f4tur\u00e9s comme le veut la tradition par des feux d\u2019artifice spectaculaires. Voici un tour d\u2019horizon des c\u00e9l\u00e9brations pr\u00e9vues le 14 juillet. A <strong>Saint-Jean-de-V\u00e9das<\/strong>, par exemple, la journ\u00e9e d\u00e9butera \u00e0 11h par la c\u00e9r\u00e9monie officielle au monument aux Morts, en pr\u00e9sence du maire, du conseil municipal et du conseil municipal des enfants. Elle sera suivie d\u2019un ap\u00e9ritif convivial dans la cour de la mairie. Le soir, direction le parc de la Peyri\u00e8re d\u00e8s 19h30 pour une grande soir\u00e9e festive, qui culminera \u00e0 <strong>22h30 avec un feu d\u2019artifice<\/strong>.<\/p>\n<p>\u00c0 <strong>P\u00e9rols<\/strong>, la f\u00eate nationale se pare de traditions taurines. Une <strong>course camarguaise (Troph\u00e9e de l\u2019Avenir)<\/strong> est pr\u00e9vue \u00e0 18h aux ar\u00e8nes municipales. D\u00e8s 19h, le parcours de sant\u00e9 accueillera un <strong>pique-nique r\u00e9publicain<\/strong>, suivi d\u2019une <strong>bandido<\/strong> dans la Grand\u2019rue \u00e0 20h. Le <strong>feu d\u2019artifice<\/strong> sera tir\u00e9 \u00e0 <strong>22h30<\/strong> depuis le m\u00eame site, pour cl\u00f4turer la soir\u00e9e en beaut\u00e9.<\/p>\n<p><strong>Clapiers <\/strong>vous propose un programme riche et familial d\u00e8s l\u2019apr\u00e8s-midi, au parc Claude Leenhardt. De nombreuses animations sont pr\u00e9vues :<\/p>\n<ul class=\"wp-block-list\">\n<li><strong>14h30<\/strong> : Concours de p\u00e9tanque anim\u00e9 par la Boule Clapi\u00e9roise, buvette<\/li>\n<li><strong>16h<\/strong> : Jeux en bois g\u00e9ants, structures gonflables, espace petite enfance, balade en poney<\/li>\n<li><strong>16h30<\/strong> : Concours de quilles<\/li>\n<li><strong>19h<\/strong> : Ap\u00e9ritif en musique<\/li>\n<li><strong>20h<\/strong> : Prise de parole du maire et mise \u00e0 l\u2019honneur de Paulette Martinez, citoyenne d\u2019honneur<\/li>\n<li><strong>20h30<\/strong> : Repas citoyen (sur r\u00e9servation jusqu\u2019au 11 juillet \u00e0 midi \u2013 16\u20ac\/11\u20ac pour les moins de 12 ans)<\/li>\n<li><strong>22h30<\/strong> : <strong>Feu d\u2019artifice<\/strong><\/li>\n<li><strong>23h15<\/strong> : Bal populaire anim\u00e9.<\/li>\n<\/ul>\n<p>A <strong>Montferrier-sur-Lez<\/strong>, la f\u00eate nationale d\u00e9butera d\u00e8s 9h30 avec un concours de p\u00e9tanque sur la place des Aigueill\u00e8res, suivi d\u2019un ap\u00e9ritif offert aux participants. L\u2019apr\u00e8s-midi, rendez-vous au Dev\u00e9zou d\u00e8s 16h30 pour des <strong>animations pour enfants<\/strong>, un <strong>laser game <\/strong>(4\u20ac la partie), avec buvette et food-trucks. \u00c0 19h, un ap\u00e9ritif sera offert \u00e0 la population, en musique. \u00c0 21h, la traditionnelle <strong>retraite aux flambeaux<\/strong> d\u00e9ambulera en musique avec la fanfare. Puis place au <strong>feu d\u2019artifice \u00e0 22h30<\/strong>, suivi d\u2019un <strong>bal anim\u00e9 par Nuit Blanche<\/strong>.<\/p>\n","protected":false},"excerpt":{"rendered":"\u00c0 Montpellier et dans son agglom\u00e9ration, la F\u00eate nationale s\u2019annonce conviviale et spectaculaire ! C\u00e9r\u00e9monies r\u00e9publicaines, retraites aux&hellip;\n","protected":false},"author":2,"featured_media":238194,"comment_status":"","ping_status":"","sticky":false,"template":"","format":"standard","meta":{"footnotes":""},"categories":[9599],"tags":[1111,11,36017,37809,1777,674,37808,1011,27,2208,12,2680,25],"class_list":{"0":"post-238193","1":"post","2":"type-post","3":"status-publish","4":"format-standard","5":"has-post-thumbnail","7":"category-montpellier","8":"tag-actu","9":"tag-actualites","10":"tag-bals","11":"tag-concerts-que-faire-u00e0-montpellier-pour-un-14-juillet-inoubliable","12":"tag-eu","13":"tag-europe","14":"tag-feux-du2019artifice","15":"tag-fr","16":"tag-france","17":"tag-montpellier","18":"tag-news","19":"tag-occitanie","20":"tag-republique-francaise"},"share_on_mastodon":{"url":"https:\/\/pubeurope.com\/@fr\/114824628348225497","error":""},"_links":{"self":[{"href":"https:\/\/www.europesays.com\/fr\/wp-json\/wp\/v2\/posts\/238193","targetHints":{"allow":["GET"]}}],"collection":[{"href":"https:\/\/www.europesays.com\/fr\/wp-json\/wp\/v2\/posts"}],"about":[{"href":"https:\/\/www.europesays.com\/fr\/wp-json\/wp\/v2\/types\/post"}],"author":[{"embeddable":true,"href":"https:\/\/www.europesays.com\/fr\/wp-json\/wp\/v2\/users\/2"}],"replies":[{"embeddable":true,"href":"https:\/\/www.europesays.com\/fr\/wp-json\/wp\/v2\/comments?post=238193"}],"version-history":[{"count":0,"href":"https:\/\/www.europesays.com\/fr\/wp-json\/wp\/v2\/posts\/238193\/revisions"}],"wp:featuredmedia":[{"embeddable":true,"href":"https:\/\/www.europesays.com\/fr\/wp-json\/wp\/v2\/media\/238194"}],"wp:attachment":[{"href":"https:\/\/www.europesays.com\/fr\/wp-json\/wp\/v2\/media?parent=238193"}],"wp:term":[{"taxonomy":"category","embeddable":true,"href":"https:\/\/www.europesays.com\/fr\/wp-json\/wp\/v2\/categories?post=238193"},{"taxonomy":"post_tag","embeddable":true,"href":"https:\/\/www.europesays.com\/fr\/wp-json\/wp\/v2\/tags?post=238193"}],"curies":[{"name":"wp","href":"https:\/\/api.w.org\/{rel}","templated":true}]}}