{"id":238205,"date":"2025-07-09T18:19:11","date_gmt":"2025-07-09T18:19:11","guid":{"rendered":"https:\/\/www.europesays.com\/fr\/238205\/"},"modified":"2025-07-09T18:19:11","modified_gmt":"2025-07-09T18:19:11","slug":"un-concert-complet-en-deux-heures-et-le-deuxieme-bientot","status":"publish","type":"post","link":"https:\/\/www.europesays.com\/fr\/238205\/","title":{"rendered":"un concert complet en deux heures et le deuxi\u00e8me bient\u00f4t\u00a0!"},"content":{"rendered":"<p>Dire que les Sundgauviens de Last Train \u00e9taient attendus par leurs fans alsaciens ressemble \u00e0 un euph\u00e9misme. Le concert annonc\u00e9 ce lundi 7\u00a0juillet pour la r\u00e9ouverture de la Laiterie apr\u00e8s deux ans de travaux, <a href=\"https:\/\/www.dna.fr\/culture-loisirs\/2025\/07\/07\/les-alsaciens-de-last-train-rouvriront-la-laiterie-le-24-avril\" target=\"_blank\" rel=\"nofollow noopener\">le vendredi 24\u00a0avril 2026<\/a> , s\u2019est rempli en deux heures officiellement ce mercredi 9\u00a0juillet. \u00ab\u00a0Nous avions mis sur plusieurs plateformes en m\u00eame temps. Les gens se sont tous connect\u00e9s en m\u00eame temps, si bien que \u00e7a a cr\u00e9\u00e9 un engorgement sur notre site. Certains ont eu le message que c\u2019\u00e9tait complet au bout de deux minutes, mais c\u2019\u00e9tait un bug\u00a0\u00bb, confie Anne-Sophie Henninger, de la Laiterie.<\/p>\n<p>Ce contenu est bloqu\u00e9 car vous n&rsquo;avez pas accept\u00e9 les cookies et autres traceurs.<\/p>\n<p>En cliquant sur \u00ab J\u2019accepte \u00bb, les cookies et autres traceurs seront d\u00e9pos\u00e9s et vous pourrez visualiser les contenus  (<a href=\"\" class=\"consentModule_policy\" target=\"_blank\" title=\"Consulter la politique de protection des donn\u00e9es du fournisseur\">plus d&rsquo;informations<\/a>).<\/p>\n<p>En cliquant sur \u00ab J\u2019accepte tous les cookies \u00bb, vous autorisez des d\u00e9p\u00f4ts de cookies et autres traceurs pour le stockage de vos donn\u00e9es sur nos sites et applications \u00e0 des fins de personnalisation et de ciblage publicitaire.<\/p>\n<p class=\"consentModule_secondaryText\">Vous gardez la possibilit\u00e9 de retirer votre consentement \u00e0 tout moment en consultant notre <a href=\"https:\/\/www.dna.fr\/protection-des-donnees\" target=\"_blank\" title=\"Consulter notre politique de protection des donn\u00e9es\" rel=\"nofollow noopener\">politique de protection des donn\u00e9es<\/a>. <br \/>&#13;<br \/>\n            <a href=\"https:\/\/www.dna.fr\/culture-loisirs\/2025\/07\/09\/javascript:Didomi.notice.show()\" class=\"consentModule_cmp\" rel=\"nofollow noopener\" target=\"_blank\">G\u00e9rer mes choix<\/a>&#13;\n        <\/p>\n<p>&#13;<br \/>\n                        J&rsquo;accepte&#13;<br \/>\n            J&rsquo;accepte tous les cookies&#13;\n        <\/p>\n<p>Cependant, en deux heures, c\u2019\u00e9tait pli\u00e9\u00a0: les 1\u00a0160 places \u00e9taient vendues. Les r\u00e9seaux sociaux bruissaient de d\u00e9ceptions, quand, surprise, vers 13\u00a0h, le groupe a ajout\u00e9 une nouvelle date\u00a0: le samedi 25\u00a0avril. Vers 15\u00a0h\u00a030, la moiti\u00e9 des places de la deuxi\u00e8me date n\u2019\u00e9taient d\u00e9j\u00e0 plus disponibles. Ce mercredi soir, il n\u2019en reste plus que quelques-unes\u2026 Rien de surprenant finalement\u00a0: toutes ses dates fran\u00e7aises depuis la sortie de son album III, d\u00e9but 2025, sont compl\u00e8tes.<\/p>\n","protected":false},"excerpt":{"rendered":"Dire que les Sundgauviens de Last Train \u00e9taient attendus par leurs fans alsaciens ressemble \u00e0 un euph\u00e9misme. Le&hellip;\n","protected":false},"author":2,"featured_media":238206,"comment_status":"","ping_status":"","sticky":false,"template":"","format":"standard","meta":{"footnotes":""},"categories":[2820],"tags":[1111,11,2389,1687,2880,1777,674,107,1011,27,775,873,12,25,640,2879],"class_list":{"0":"post-238205","1":"post","2":"type-post","3":"status-publish","4":"format-standard","5":"has-post-thumbnail","7":"category-strasbourg","8":"tag-actu","9":"tag-actualites","10":"tag-alsace","11":"tag-culture-loisirs","12":"tag-edition-strasbourg","13":"tag-eu","14":"tag-europe","15":"tag-fil-info","16":"tag-fr","17":"tag-france","18":"tag-grand-est","19":"tag-musique","20":"tag-news","21":"tag-republique-francaise","22":"tag-strasbourg","23":"tag-strasbourg-ville"},"share_on_mastodon":{"url":"https:\/\/pubeurope.com\/@fr\/114824660202756428","error":""},"_links":{"self":[{"href":"https:\/\/www.europesays.com\/fr\/wp-json\/wp\/v2\/posts\/238205","targetHints":{"allow":["GET"]}}],"collection":[{"href":"https:\/\/www.europesays.com\/fr\/wp-json\/wp\/v2\/posts"}],"about":[{"href":"https:\/\/www.europesays.com\/fr\/wp-json\/wp\/v2\/types\/post"}],"author":[{"embeddable":true,"href":"https:\/\/www.europesays.com\/fr\/wp-json\/wp\/v2\/users\/2"}],"replies":[{"embeddable":true,"href":"https:\/\/www.europesays.com\/fr\/wp-json\/wp\/v2\/comments?post=238205"}],"version-history":[{"count":0,"href":"https:\/\/www.europesays.com\/fr\/wp-json\/wp\/v2\/posts\/238205\/revisions"}],"wp:featuredmedia":[{"embeddable":true,"href":"https:\/\/www.europesays.com\/fr\/wp-json\/wp\/v2\/media\/238206"}],"wp:attachment":[{"href":"https:\/\/www.europesays.com\/fr\/wp-json\/wp\/v2\/media?parent=238205"}],"wp:term":[{"taxonomy":"category","embeddable":true,"href":"https:\/\/www.europesays.com\/fr\/wp-json\/wp\/v2\/categories?post=238205"},{"taxonomy":"post_tag","embeddable":true,"href":"https:\/\/www.europesays.com\/fr\/wp-json\/wp\/v2\/tags?post=238205"}],"curies":[{"name":"wp","href":"https:\/\/api.w.org\/{rel}","templated":true}]}}