{"id":238207,"date":"2025-07-09T18:20:12","date_gmt":"2025-07-09T18:20:12","guid":{"rendered":"https:\/\/www.europesays.com\/fr\/238207\/"},"modified":"2025-07-09T18:20:12","modified_gmt":"2025-07-09T18:20:12","slug":"universite-de-strasbourg-un-partenariat-avec-lazerbaidjan-tres-conteste-a-lunistra","status":"publish","type":"post","link":"https:\/\/www.europesays.com\/fr\/238207\/","title":{"rendered":"Universit\u00e9 de Strasbourg. Un partenariat avec l\u2019Azerba\u00efdjan tr\u00e8s contest\u00e9 \u00e0 l\u2019Unistra"},"content":{"rendered":"<p>Apr\u00e8s le feuilleton du partenariat de Sciences Po Strasbourg avec l\u2019universit\u00e9 isra\u00e9lienne Reichman &#8211; partenariat suspendu, puis r\u00e9tabli pour \u00eatre <a href=\"https:\/\/www.dna.fr\/education\/2025\/04\/08\/sciences-po-strasbourg-maintient-son-partenariat-avec-l-universite-reichman\" target=\"_blank\" rel=\"nofollow noopener\"> finalement valid\u00e9<\/a> apr\u00e8s neuf mois de mobilisation et de blocages &#8211; la cr\u00e9ation d\u2019une nouvelle licence \u00e0 Bakou en Azerba\u00efdjan dans le cadre d\u2019un consortium entre plusieurs universit\u00e9s, dont l\u2019Unistra et l\u2019UFAZ, fait des vagues \u00e0 Strasbourg.<\/p>\n<p>  Une licence de chimie<\/p>\n<p>Cette proposition de cr\u00e9ation d\u2019une licence de chimie (chimie physique, chimie analytique) avait \u00e9t\u00e9 largement rejet\u00e9e par 26 voix contre neuf, mardi 1er\u00a0juillet, par la Commission de la formation et de la vie universitaire (CFVU). Malgr\u00e9 cet avis n\u00e9gatif, la cr\u00e9ation de cette licence a \u00e9t\u00e9 soumise, mardi 8\u00a0juillet, au vote du CA de l\u2019Unistra qui l\u2019a adopt\u00e9e par la plus courte des majorit\u00e9s 16 voix contre 15. Malgr\u00e9 leur opposition au partenariat avec l\u2019Azerba\u00efdjan, o\u00f9 les \u00ab\u00a0droits fondamentaux sont remis en cause\u00a0\u00bb, les deux \u00e9lus de l\u2019Afges, ont fait le choix de s\u2019abstenir pour ne \u00ab\u00a0pas p\u00e9naliser la trentaine d\u2019\u00e9tudiants d\u00e9j\u00e0 inscrits \u00e0 Bakou dans une ann\u00e9e pr\u00e9paratoire\u00a0\u00bb.<\/p>\n<p>  Un pays \u00ab\u00a0ennemi de la France\u00a0\u00bb<\/p>\n<p>Les opposants \u00e0 la cr\u00e9ation de cette licence, comme Mathieu Schneider (Au pluriel), Pierre Gilliot (Refonder) et Simon Levan (Alternative \u00e9tudiante Strasbourg) d\u00e9noncent \u00ab\u00a0le non-respect de l\u2019avis de nos instances\u00a0\u00bb, voire \u00ab\u00a0la disparition de la d\u00e9mocratie universitaire\u00a0\u00bb, et consid\u00e8rent que \u00ab\u00a0les valeurs humanistes de l\u2019Unistra ont \u00e9t\u00e9 bafou\u00e9es\u00a0\u00bb. Sur le fond, ils \u00e9voquent tour \u00e0 tour \u00ab\u00a0une d\u00e9gradation du respect des droits de l\u2019homme en Azerba\u00efdjan\u00a0\u00bb. Un pays \u00ab\u00a0ennemi de la France, qui a ferm\u00e9 le lyc\u00e9e fran\u00e7ais de Bakou en 2024, qui m\u00e8ne des op\u00e9rations de d\u00e9stabilisation en Nouvelle-Cal\u00e9donie, qui utilise l\u2019argent de son p\u00e9trole pour attaquer l\u2019Arm\u00e9nie et envahir le Haut-Karabakh\u2026\u00a0\u00bb. Alors que la convention sign\u00e9e en 2024 avec l\u2019UFAZ doit s\u2019achever en 2028, \u00ab\u00a0on remet une pi\u00e8ce dans la machine en cr\u00e9ant cette licence\u00a0\u00bb.<\/p>\n<p>La pr\u00e9sidence de l\u2019Unistra n\u2019a pas souhait\u00e9 commenter cette d\u00e9cision. En attendant, les opposants au partenariat avec l\u2019Azerba\u00efdjan r\u00e9clament \u00ab\u00a0un d\u00e9bat de fond\u00a0\u00bb pour conclure des partenariats \u00ab\u00a0\u00e9thiques et transparents\u00a0\u00bb.<\/p>\n","protected":false},"excerpt":{"rendered":"Apr\u00e8s le feuilleton du partenariat de Sciences Po Strasbourg avec l\u2019universit\u00e9 isra\u00e9lienne Reichman &#8211; partenariat suspendu, puis r\u00e9tabli&hellip;\n","protected":false},"author":2,"featured_media":238208,"comment_status":"","ping_status":"","sticky":false,"template":"","format":"standard","meta":{"footnotes":""},"categories":[2820],"tags":[1111,11,2389,2649,2880,1057,4854,1777,674,107,1011,27,775,12,25,640,2879],"class_list":{"0":"post-238207","1":"post","2":"type-post","3":"status-publish","4":"format-standard","5":"has-post-thumbnail","7":"category-strasbourg","8":"tag-actu","9":"tag-actualites","10":"tag-alsace","11":"tag-bas-rhin","12":"tag-edition-strasbourg","13":"tag-education","14":"tag-enseignement-superieur","15":"tag-eu","16":"tag-europe","17":"tag-fil-info","18":"tag-fr","19":"tag-france","20":"tag-grand-est","21":"tag-news","22":"tag-republique-francaise","23":"tag-strasbourg","24":"tag-strasbourg-ville"},"share_on_mastodon":{"url":"https:\/\/pubeurope.com\/@fr\/114824664140047794","error":""},"_links":{"self":[{"href":"https:\/\/www.europesays.com\/fr\/wp-json\/wp\/v2\/posts\/238207","targetHints":{"allow":["GET"]}}],"collection":[{"href":"https:\/\/www.europesays.com\/fr\/wp-json\/wp\/v2\/posts"}],"about":[{"href":"https:\/\/www.europesays.com\/fr\/wp-json\/wp\/v2\/types\/post"}],"author":[{"embeddable":true,"href":"https:\/\/www.europesays.com\/fr\/wp-json\/wp\/v2\/users\/2"}],"replies":[{"embeddable":true,"href":"https:\/\/www.europesays.com\/fr\/wp-json\/wp\/v2\/comments?post=238207"}],"version-history":[{"count":0,"href":"https:\/\/www.europesays.com\/fr\/wp-json\/wp\/v2\/posts\/238207\/revisions"}],"wp:featuredmedia":[{"embeddable":true,"href":"https:\/\/www.europesays.com\/fr\/wp-json\/wp\/v2\/media\/238208"}],"wp:attachment":[{"href":"https:\/\/www.europesays.com\/fr\/wp-json\/wp\/v2\/media?parent=238207"}],"wp:term":[{"taxonomy":"category","embeddable":true,"href":"https:\/\/www.europesays.com\/fr\/wp-json\/wp\/v2\/categories?post=238207"},{"taxonomy":"post_tag","embeddable":true,"href":"https:\/\/www.europesays.com\/fr\/wp-json\/wp\/v2\/tags?post=238207"}],"curies":[{"name":"wp","href":"https:\/\/api.w.org\/{rel}","templated":true}]}}