{"id":238209,"date":"2025-07-09T18:21:12","date_gmt":"2025-07-09T18:21:12","guid":{"rendered":"https:\/\/www.europesays.com\/fr\/238209\/"},"modified":"2025-07-09T18:21:12","modified_gmt":"2025-07-09T18:21:12","slug":"trafic-complique-ce-mercredi-a-nice-et-cagnes-voie-mathis-saturee-nouveau-tunnel-bouche-et-prom-embouteilles-route-du-bord-de-mer-paralysee","status":"publish","type":"post","link":"https:\/\/www.europesays.com\/fr\/238209\/","title":{"rendered":"Trafic compliqu\u00e9 ce mercredi \u00e0 Nice et Cagnes: voie Mathis satur\u00e9e, nouveau tunnel bouch\u00e9 et Prom embouteill\u00e9s, route du bord de mer paralys\u00e9e"},"content":{"rendered":"<p>Patience \u00e0 Nice, si vous y circuliez ce mercredi en fin d&rsquo;apr\u00e8s-midi. Ne nombreux ralentissements mettaient le self control des automobilistes \u00e0 rude \u00e9preuve.<\/p>\n<p>En cause notamment, de gros embouteillages sur la voie Mathis: le trafic y \u00e9tait fortement ralenti voire \u00e0 l&rsquo;arr\u00eat au niveau de l&rsquo;avenue Edouard Grinda.<\/p>\n<p><a href=\"https:\/\/www.nicematin.com\/transports\/deux-minutes-pour-sortir-de-la-voie-mathis-a-nice-on-a-teste-le-nouveau-tunnel-et-on-a-gagne-du-temps-de-trajet-987235\" target=\"_blank\" rel=\"noopener\">Le nouveau tunnel\u00a0de la sortie ouest de la voie Mathis<\/a> \u00e9tait \u00e9galement satur\u00e9.<\/p>\n<p>Sur la Promenade des Anglais, la trafic \u00e9tait paralys\u00e9, notamment en raison d&rsquo;un accident sur le pont Napol\u00e9on. M\u00eame chose sur le boulevard Ren\u00e9 Cassin ou un accident \u00e9tait signal\u00e9 par les usagers.<\/p>\n<p>La route du bord de mer entre Cagnes et Nice \u00e9tait \u00e9galement concern\u00e9e: \u00ab\u00a0Grosse circulation, voitures \u00e0 l\u2019arr\u00eat depuis plus de 30 minutes. Pr\u00e9voir un autre itin\u00e9raire!\u00a0\u00bb t\u00e9moignait un internaute sur Facebook.<\/p>\n","protected":false},"excerpt":{"rendered":"Patience \u00e0 Nice, si vous y circuliez ce mercredi en fin d&rsquo;apr\u00e8s-midi. Ne nombreux ralentissements mettaient le self&hellip;\n","protected":false},"author":2,"featured_media":238210,"comment_status":"","ping_status":"","sticky":false,"template":"","format":"standard","meta":{"footnotes":""},"categories":[2819],"tags":[1111,11,1777,674,1011,27,803,12,2401,882,25],"class_list":{"0":"post-238209","1":"post","2":"type-post","3":"status-publish","4":"format-standard","5":"has-post-thumbnail","7":"category-nice","8":"tag-actu","9":"tag-actualites","10":"tag-eu","11":"tag-europe","12":"tag-fr","13":"tag-france","14":"tag-info-trafic","15":"tag-news","16":"tag-nice","17":"tag-provence-alpes-cote-dazur","18":"tag-republique-francaise"},"share_on_mastodon":{"url":"https:\/\/pubeurope.com\/@fr\/114824668053867202","error":""},"_links":{"self":[{"href":"https:\/\/www.europesays.com\/fr\/wp-json\/wp\/v2\/posts\/238209","targetHints":{"allow":["GET"]}}],"collection":[{"href":"https:\/\/www.europesays.com\/fr\/wp-json\/wp\/v2\/posts"}],"about":[{"href":"https:\/\/www.europesays.com\/fr\/wp-json\/wp\/v2\/types\/post"}],"author":[{"embeddable":true,"href":"https:\/\/www.europesays.com\/fr\/wp-json\/wp\/v2\/users\/2"}],"replies":[{"embeddable":true,"href":"https:\/\/www.europesays.com\/fr\/wp-json\/wp\/v2\/comments?post=238209"}],"version-history":[{"count":0,"href":"https:\/\/www.europesays.com\/fr\/wp-json\/wp\/v2\/posts\/238209\/revisions"}],"wp:featuredmedia":[{"embeddable":true,"href":"https:\/\/www.europesays.com\/fr\/wp-json\/wp\/v2\/media\/238210"}],"wp:attachment":[{"href":"https:\/\/www.europesays.com\/fr\/wp-json\/wp\/v2\/media?parent=238209"}],"wp:term":[{"taxonomy":"category","embeddable":true,"href":"https:\/\/www.europesays.com\/fr\/wp-json\/wp\/v2\/categories?post=238209"},{"taxonomy":"post_tag","embeddable":true,"href":"https:\/\/www.europesays.com\/fr\/wp-json\/wp\/v2\/tags?post=238209"}],"curies":[{"name":"wp","href":"https:\/\/api.w.org\/{rel}","templated":true}]}}