{"id":238214,"date":"2025-07-09T18:24:24","date_gmt":"2025-07-09T18:24:24","guid":{"rendered":"https:\/\/www.europesays.com\/fr\/238214\/"},"modified":"2025-07-09T18:24:24","modified_gmt":"2025-07-09T18:24:24","slug":"a-nantes-une-ligne-rouge-symbolique-pour-continuer-dalerter-sur-la-situation-a-gaza","status":"publish","type":"post","link":"https:\/\/www.europesays.com\/fr\/238214\/","title":{"rendered":"\u00c0 Nantes, une ligne rouge symbolique pour continuer d\u2019alerter sur la situation \u00e0 Gaza"},"content":{"rendered":"<p>Une centaine de personnes v\u00eatues d\u2019habits rouges ont form\u00e9 une ligne, ce mercredi en fin d\u2019apr\u00e8s-midi, au croisement des rues de la Barillerie et de la Paix, \u00e0 Nantes. Avec cette manifestation, intitul\u00e9e \u00ab\u00a0une ligne rouge pour Gaza\u00a0\u00bb, les participants entendent d\u00e9noncer <strong>\u00ab\u00a0l\u2019inaction des dirigeants mondiaux\u00a0\u00bb<\/strong> face aux actes d\u2019Isra\u00ebl dans l\u2019enclave palestinienne. Des actions similaires ont eu lieu mardi, \u00e0 Paris et Toulouse, notamment.<\/p>\n<p>\u00a0<\/p>\n","protected":false},"excerpt":{"rendered":"Une centaine de personnes v\u00eatues d\u2019habits rouges ont form\u00e9 une ligne, ce mercredi en fin d\u2019apr\u00e8s-midi, au croisement&hellip;\n","protected":false},"author":2,"featured_media":238215,"comment_status":"","ping_status":"","sticky":false,"template":"","format":"standard","meta":{"footnotes":""},"categories":[2818],"tags":[1111,11,32325,19158,1777,674,1011,27,665,3052,766,12,2636,25,7289,3272,1447,37810],"class_list":{"0":"post-238214","1":"post","2":"type-post","3":"status-publish","4":"format-standard","5":"has-post-thumbnail","7":"category-nantes","8":"tag-actu","9":"tag-actualites","10":"tag-alerter","11":"tag-continuer","12":"tag-eu","13":"tag-europe","14":"tag-fr","15":"tag-france","16":"tag-gaza","17":"tag-ligne","18":"tag-nantes","19":"tag-news","20":"tag-pays-de-la-loire","21":"tag-republique-francaise","22":"tag-rouge","23":"tag-saint-nazaire","24":"tag-situation","25":"tag-symbolique"},"share_on_mastodon":{"url":"https:\/\/pubeurope.com\/@fr\/114824679897983941","error":""},"_links":{"self":[{"href":"https:\/\/www.europesays.com\/fr\/wp-json\/wp\/v2\/posts\/238214","targetHints":{"allow":["GET"]}}],"collection":[{"href":"https:\/\/www.europesays.com\/fr\/wp-json\/wp\/v2\/posts"}],"about":[{"href":"https:\/\/www.europesays.com\/fr\/wp-json\/wp\/v2\/types\/post"}],"author":[{"embeddable":true,"href":"https:\/\/www.europesays.com\/fr\/wp-json\/wp\/v2\/users\/2"}],"replies":[{"embeddable":true,"href":"https:\/\/www.europesays.com\/fr\/wp-json\/wp\/v2\/comments?post=238214"}],"version-history":[{"count":0,"href":"https:\/\/www.europesays.com\/fr\/wp-json\/wp\/v2\/posts\/238214\/revisions"}],"wp:featuredmedia":[{"embeddable":true,"href":"https:\/\/www.europesays.com\/fr\/wp-json\/wp\/v2\/media\/238215"}],"wp:attachment":[{"href":"https:\/\/www.europesays.com\/fr\/wp-json\/wp\/v2\/media?parent=238214"}],"wp:term":[{"taxonomy":"category","embeddable":true,"href":"https:\/\/www.europesays.com\/fr\/wp-json\/wp\/v2\/categories?post=238214"},{"taxonomy":"post_tag","embeddable":true,"href":"https:\/\/www.europesays.com\/fr\/wp-json\/wp\/v2\/tags?post=238214"}],"curies":[{"name":"wp","href":"https:\/\/api.w.org\/{rel}","templated":true}]}}