{"id":238220,"date":"2025-07-09T18:27:09","date_gmt":"2025-07-09T18:27:09","guid":{"rendered":"https:\/\/www.europesays.com\/fr\/238220\/"},"modified":"2025-07-09T18:27:09","modified_gmt":"2025-07-09T18:27:09","slug":"une-partie-de-lautoroute-a64-coupee-pendant-presque-deux-heures","status":"publish","type":"post","link":"https:\/\/www.europesays.com\/fr\/238220\/","title":{"rendered":"une partie de l&rsquo;autoroute A64 coup\u00e9e pendant presque deux heures"},"content":{"rendered":"<p>            Par<br \/>\n        <strong><br \/>\n            <a href=\"https:\/\/actu.fr\/auteur\/mareva-laville-actu-fr\" title=\"Consulter tous les articles de Mar\u00e9va Laville\" target=\"_blank\" rel=\"noopener\">Mar\u00e9va Laville<\/a><br \/>\n        <\/strong><\/p>\n<p>        Publi\u00e9 le<\/p>\n<p>            9 juil. 2025 \u00e0 20h16        <\/p>\n<p>Mais pourquoi l<a href=\"https:\/\/actu.fr\/tag\/autoroute-64-a64\" target=\"_blank\" rel=\"noopener\">\u2018autoroute l\u2019A64<\/a> qui relie <a href=\"http:\/\/www.actu.fr\/toulouse\" target=\"_blank\" rel=\"noopener\">Toulouse<\/a> \u00e0 Bayonne \u00e9tait-elle coup\u00e9e pendant si longtemps ce mercredi 9 juillet 2025 soir ?<\/p>\n<p>Un carambolage sur l\u2019A64<\/p>\n<p class=\" wall-content\">Un <strong>accident de la route<\/strong> impliquant plusieurs v\u00e9hicules s\u2019est produit peu avant 17h30, indique Vinci Autoroutes.\u00a0<\/p>\n<p class=\" wall-content\">Les automobilistes accident\u00e9s se trouvaient <strong>entre les \u00e9changeurs de Montr\u00e9jeau (n\u00b017) et Lannemezan (n\u00b016)<\/strong> dans le sens Toulouse-Bayonne.<\/p>\n<p>L\u2019autoroute coup\u00e9e pendant pr\u00e8s de deux heures<\/p>\n<p class=\" wall-content\">L\u2019\u00e9v\u00e9nement a entra\u00een\u00e9 une <strong>interruption de la circulation<\/strong> dans cette zone environ 40 minutes apr\u00e8s le choc pour l\u2019ensemble des v\u00e9hicules arrivant de Toulouse. Les voitures devaient d\u00e8s lors sortir \u00e0 Montr\u00e9jeau, avec interdiction d\u2019entrer sur l\u2019autoroute par ce m\u00eame \u00e9changeur.<\/p>\n<p class=\" wall-content\">Cette portion d\u2019<strong>A64<\/strong> \u00e9tait coup\u00e9e <strong>entre 18h10 et 19h45. <\/strong>Soit pr\u00e8s de deux heures de d\u00e9viation. Depuis, la circulation est r\u00e9tablie sur les deux voies.<\/p>\n<p>Vid\u00e9os : en ce moment sur Actu<\/p>\n<p class=\" wall-content\">\n<p class=\" wall-content\">Suivez toute l\u2019actualit\u00e9 de vos villes et m\u00e9dias favoris en vous inscrivant \u00e0 <a href=\"https:\/\/moncompte.actu.fr\" title=\"D\u00e9couvez Mon Actu\" rel=\"nofollow noopener\" data-trk=\"{&quot;cta&quot;:{&quot;action&quot;:&quot;https:\\\/\\\/moncompte.actu.fr&quot;,&quot;category&quot;:&quot;mon compte&quot;,&quot;from&quot;:&quot;article footer&quot;,&quot;name&quot;:&quot;Mon actu&quot;,&quot;type&quot;:&quot;cta&quot;}}\" target=\"_blank\">Mon Actu<\/a>.<\/p>\n<ul class=\"ac-article-tag wall-content\">\n<li><a href=\"https:\/\/actu.fr\/tag\/accident\" data-trk=\"{&quot;cta&quot;:{&quot;action&quot;:&quot;Accident&quot;,&quot;category&quot;:&quot;tag&quot;,&quot;from&quot;:&quot;article footer&quot;,&quot;name&quot;:&quot;Accident&quot;,&quot;type&quot;:&quot;cta&quot;}}\" target=\"_blank\" rel=\"noopener\">#Accident<\/a><\/li>\n<li><a href=\"https:\/\/actu.fr\/tag\/autoroute-64-a64\" data-trk=\"{&quot;cta&quot;:{&quot;action&quot;:&quot;Autoroute 64 (A64)&quot;,&quot;category&quot;:&quot;tag&quot;,&quot;from&quot;:&quot;article footer&quot;,&quot;name&quot;:&quot;Autoroute 64 (A64)&quot;,&quot;type&quot;:&quot;cta&quot;}}\" target=\"_blank\" rel=\"noopener\">#Autoroute 64 (A64)<\/a><\/li>\n<\/ul>\n","protected":false},"excerpt":{"rendered":"Par Mar\u00e9va Laville Publi\u00e9 le 9 juil. 2025 \u00e0 20h16 Mais pourquoi l\u2018autoroute l\u2019A64 qui relie Toulouse \u00e0&hellip;\n","protected":false},"author":2,"featured_media":238221,"comment_status":"","ping_status":"","sticky":false,"template":"","format":"standard","meta":{"footnotes":""},"categories":[2816],"tags":[119,1111,11,4799,1777,674,118,1011,27,12,2680,25,2312],"class_list":{"0":"post-238220","1":"post","2":"type-post","3":"status-publish","4":"format-standard","5":"has-post-thumbnail","7":"category-toulouse","8":"tag-accident","9":"tag-actu","10":"tag-actualites","11":"tag-autoroute-64-a64","12":"tag-eu","13":"tag-europe","14":"tag-faits-divers","15":"tag-fr","16":"tag-france","17":"tag-news","18":"tag-occitanie","19":"tag-republique-francaise","20":"tag-toulouse"},"share_on_mastodon":{"url":"https:\/\/pubeurope.com\/@fr\/114824691608737031","error":""},"_links":{"self":[{"href":"https:\/\/www.europesays.com\/fr\/wp-json\/wp\/v2\/posts\/238220","targetHints":{"allow":["GET"]}}],"collection":[{"href":"https:\/\/www.europesays.com\/fr\/wp-json\/wp\/v2\/posts"}],"about":[{"href":"https:\/\/www.europesays.com\/fr\/wp-json\/wp\/v2\/types\/post"}],"author":[{"embeddable":true,"href":"https:\/\/www.europesays.com\/fr\/wp-json\/wp\/v2\/users\/2"}],"replies":[{"embeddable":true,"href":"https:\/\/www.europesays.com\/fr\/wp-json\/wp\/v2\/comments?post=238220"}],"version-history":[{"count":0,"href":"https:\/\/www.europesays.com\/fr\/wp-json\/wp\/v2\/posts\/238220\/revisions"}],"wp:featuredmedia":[{"embeddable":true,"href":"https:\/\/www.europesays.com\/fr\/wp-json\/wp\/v2\/media\/238221"}],"wp:attachment":[{"href":"https:\/\/www.europesays.com\/fr\/wp-json\/wp\/v2\/media?parent=238220"}],"wp:term":[{"taxonomy":"category","embeddable":true,"href":"https:\/\/www.europesays.com\/fr\/wp-json\/wp\/v2\/categories?post=238220"},{"taxonomy":"post_tag","embeddable":true,"href":"https:\/\/www.europesays.com\/fr\/wp-json\/wp\/v2\/tags?post=238220"}],"curies":[{"name":"wp","href":"https:\/\/api.w.org\/{rel}","templated":true}]}}