{"id":238224,"date":"2025-07-09T18:30:11","date_gmt":"2025-07-09T18:30:11","guid":{"rendered":"https:\/\/www.europesays.com\/fr\/238224\/"},"modified":"2025-07-09T18:30:11","modified_gmt":"2025-07-09T18:30:11","slug":"a-lille-face-aux-delais-en-prefecture-les-associations-mobilisent-la-justice-liberation","status":"publish","type":"post","link":"https:\/\/www.europesays.com\/fr\/238224\/","title":{"rendered":"\u00e0 Lille, face aux d\u00e9lais en pr\u00e9fecture, les associations mobilisent la justice \u2013 Lib\u00e9ration"},"content":{"rendered":"<p class=\"sc-ksZaOG ehjQrN text-element\">A Lille, les associations d\u2019aide aux \u00e9trangers veulent placer la pr\u00e9fecture du Nord devant ses responsabilit\u00e9s. Elles sont quinze, dont la Cimade et le Secours catholique, \u00e0 avoir d\u00e9pos\u00e9 ce mercredi 9 juillet une requ\u00eate devant le tribunal administratif de Lille pour \u00able respect des droits des personnes \u00e9trang\u00e8res dans le traitement de leurs demandes de titre de s\u00e9jour\u00bb et \u00abun acc\u00e8s effectif \u00e0 la pr\u00e9fecture du Nord\u00bb. Cette requ\u00eate, port\u00e9e par un collectif de quatre avocates sp\u00e9cialis\u00e9es dans le droit des \u00e9trangers, vient apr\u00e8s une mise en demeure, re\u00e7ue par la pr\u00e9fecture le 8 avril et rest\u00e9e sans r\u00e9ponse. \u00abNous demandons au tribunal administratif de constater les d\u00e9faillances de la pr\u00e9fecture et de lui enjoindre de prendre les mesures n\u00e9cessaires\u00bb, pr\u00e9cise Claire P\u00e9rinaud, l\u2019une des avocates.<\/p>\n<p class=\"sc-ksZaOG ehjQrN text-element\">Depuis f\u00e9vrier 2023, les associations alertent, sans grand succ\u00e8s, sur les tr\u00e8s importants d\u00e9lais dans la d\u00e9livrance des titres de s\u00e9jour. Il faut bien souvent compter une dizaine de mois, m\u00eame pour des renouvellements. A cause de ces retards, les personnes se retrouvent du jour en lendemain en situation irr\u00e9guli\u00e8re, avec impossibilit\u00e9 de travailler, et rupture de leurs droits sociaux, allocations familiales ou aides au logement. \u00abLes administrations coupent tout de mani\u00e8re automatique, alors qu\u2019elles savent tr\u00e8s bien que c\u2019est un probl\u00e8me de d\u00e9lai en pr\u00e9fecture\u00bb, regrette Elo\u00efse Hazard du Secours catholique. M\u00eame les r\u00e9c\u00e9piss\u00e9s, qui attestent qu\u2019un dossier a <\/p>\n","protected":false},"excerpt":{"rendered":"A Lille, les associations d\u2019aide aux \u00e9trangers veulent placer la pr\u00e9fecture du Nord devant ses responsabilit\u00e9s. Elles sont&hellip;\n","protected":false},"author":2,"featured_media":238225,"comment_status":"","ping_status":"","sticky":false,"template":"","format":"standard","meta":{"footnotes":""},"categories":[2815],"tags":[1111,11,1777,674,1011,27,811,1061,1307,12,25],"class_list":{"0":"post-238224","1":"post","2":"type-post","3":"status-publish","4":"format-standard","5":"has-post-thumbnail","7":"category-lille","8":"tag-actu","9":"tag-actualites","10":"tag-eu","11":"tag-europe","12":"tag-fr","13":"tag-france","14":"tag-hauts-de-france","15":"tag-immigration","16":"tag-lille","17":"tag-news","18":"tag-republique-francaise"},"share_on_mastodon":{"url":"https:\/\/pubeurope.com\/@fr\/114824703376077604","error":""},"_links":{"self":[{"href":"https:\/\/www.europesays.com\/fr\/wp-json\/wp\/v2\/posts\/238224","targetHints":{"allow":["GET"]}}],"collection":[{"href":"https:\/\/www.europesays.com\/fr\/wp-json\/wp\/v2\/posts"}],"about":[{"href":"https:\/\/www.europesays.com\/fr\/wp-json\/wp\/v2\/types\/post"}],"author":[{"embeddable":true,"href":"https:\/\/www.europesays.com\/fr\/wp-json\/wp\/v2\/users\/2"}],"replies":[{"embeddable":true,"href":"https:\/\/www.europesays.com\/fr\/wp-json\/wp\/v2\/comments?post=238224"}],"version-history":[{"count":0,"href":"https:\/\/www.europesays.com\/fr\/wp-json\/wp\/v2\/posts\/238224\/revisions"}],"wp:featuredmedia":[{"embeddable":true,"href":"https:\/\/www.europesays.com\/fr\/wp-json\/wp\/v2\/media\/238225"}],"wp:attachment":[{"href":"https:\/\/www.europesays.com\/fr\/wp-json\/wp\/v2\/media?parent=238224"}],"wp:term":[{"taxonomy":"category","embeddable":true,"href":"https:\/\/www.europesays.com\/fr\/wp-json\/wp\/v2\/categories?post=238224"},{"taxonomy":"post_tag","embeddable":true,"href":"https:\/\/www.europesays.com\/fr\/wp-json\/wp\/v2\/tags?post=238224"}],"curies":[{"name":"wp","href":"https:\/\/api.w.org\/{rel}","templated":true}]}}