{"id":238244,"date":"2025-07-09T18:40:15","date_gmt":"2025-07-09T18:40:15","guid":{"rendered":"https:\/\/www.europesays.com\/fr\/238244\/"},"modified":"2025-07-09T18:40:15","modified_gmt":"2025-07-09T18:40:15","slug":"en-direct-psg-real-madrid-kylian-mbappe-titulaire-qui-ira-en-finale-de-coupe-du-monde-des-clubs","status":"publish","type":"post","link":"https:\/\/www.europesays.com\/fr\/238244\/","title":{"rendered":"EN DIRECT &#8211; PSG-Real Madrid : Kylian Mbapp\u00e9 titulaire, qui ira en finale de Coupe du monde des clubs ?"},"content":{"rendered":"<ul class=\"jsx-862013697 ArticleChapo__List\">\n<li class=\"jsx-862013697 ArticleChapo__List_Item flex\">Demi-finale de r\u00eave \u00e0 New York : le PSG affronte le Real Madrid, ce mercredi (21h), pour une place en finale du Mondial des clubs.<\/li>\n<li class=\"jsx-862013697 ArticleChapo__List_Item flex\">Un choc marqu\u00e9 par les retrouvailles entre le club parisien et Kylian Mbapp\u00e9.<\/li>\n<li class=\"jsx-862013697 ArticleChapo__List_Item flex\">Suivez cette affiche en live comment\u00e9 ci-dessous.<\/li>\n<\/ul>\n<p><a href=\"https:\/\/www.tf1info.fr\/actualite\/le-psg-a-l-assaut-de-la-coupe-du-monde-des-clubs-2025-14306\/\" rel=\"noopener\" class=\"jsx-484472199 Link jsx-1428418400 jsx-2089987738\" target=\"_blank\"><\/p>\n<p style=\"font-weight:400\" class=\"jsx-1837267516\">Suivez la couverture compl\u00e8te<\/p>\n<p style=\"font-weight:800\" class=\"jsx-1837267516\">Le PSG \u00e0 l&rsquo;assaut de la Coupe du monde des clubs<\/p>\n<p><\/a><img decoding=\"async\" src=\"https:\/\/www.europesays.com\/fr\/wp-content\/uploads\/2025\/07\/trophee-coupe-du-monde-des-clubs-illustration-f2b83b-0@1x.jpeg\" alt=\"Le troph\u00e9e de la Coupe du monde des clubs de la Fifa.\" loading=\"lazy\" importance=\"low\" fetchpriority=\"low\" class=\"\"\/>A VENIR<\/p>\n<p class=\"jsx-1738046559 ScoreBoard__SubTitle\">Demi-finale du Mondial des clubs<\/p>\n<p class=\"jsx-1738046559 ScoreBoard__SubTitle\">Le 9 juillet 2025 , MetLife Stadium, \u00e0 New York (\u00c9tats-Unis)<\/p>\n<p class=\"jsx-1738046559 ScoreBoard__Teams__NameA\">PSG<\/p>\n<p class=\"jsx-1738046559 ScoreBoard__Teams__NameB\">Real Madrid<\/p>\n<p><img decoding=\"async\" src=\"https:\/\/www.europesays.com\/fr\/wp-content\/uploads\/2025\/06\/psg-logo-4-48921d-8@1x.png\" alt=\"\" loading=\"eager\" importance=\"low\" fetchpriority=\"low\" class=\"\"\/><\/p>\n<p>0 &#8211; 0<\/p>\n<p><img decoding=\"async\" src=\"https:\/\/www.europesays.com\/fr\/wp-content\/uploads\/2025\/07\/logo-real-madrid-2-3bd49b-0@1x.png\" alt=\"\" loading=\"eager\" importance=\"low\" fetchpriority=\"low\" class=\"\"\/>Minute par minuteAVANT-MATCH20:23<\/p>\n<p>Touch\u00e9 en d\u00e9but de comp\u00e9tition par une gastro-ent\u00e9rite aig\u00fce, Kylian Mbapp\u00e9 est titulaire pour la premi\u00e8re fois de ce Mondial. Une rencontre particuli\u00e8re, face \u00e0 un club dont il est le meilleur buteur de l&rsquo;histoire, \u00e0 l&rsquo;issue d&rsquo;une saison paradoxale pour lui. R\u00e9cit.<\/p>\n<p>Sports<img decoding=\"async\" src=\"https:\/\/www.europesays.com\/fr\/wp-content\/uploads\/2025\/07\/kylian-mbappe-juillet-2025-ce7bca-0@1x.jpeg\" alt=\"Kylian Mbapp\u00e9 avec le Real Madrid, le 5 juillet 2025.\" loading=\"lazy\" importance=\"low\" fetchpriority=\"low\" class=\"\" aria-hidden=\"true\"\/>Publi\u00e9 aujourd&rsquo;hui \u00e0 7h00AVANT-MATCH20:13<\/p>\n<p>C\u00f4t\u00e9 parisien, Ousmane Demb\u00e9l\u00e9 est lui aussi titulaire. C&rsquo;est Bradley Barcola qui va d\u00e9buter sur le banc.<\/p>\n<p><strong>La composition du PSG : Donnarumma &#8211; Hakimi, Beraldo, Marquinhos (capitaine), Mendes &#8211; Ruiz, Vitinha, Neves &#8211; Kvaratskhelia, Demb\u00e9l\u00e9, Dou\u00e9.<\/strong><\/p>\n<blockquote data-testid=\"EmbedTwitter\" id=\"tweet-1943003416113865104-:R1ph4qqamij9n79m:\" class=\"jsx-aeff1a1c40f54d7a twitter-tweet flex justify-center items-center\"><p>Le XI des Rouge et Bleu pour cette demi-finale ! \ud83d\udcc4 #PSGREAL I  #FIFACWC pic.twitter.com\/C9pOraWD1v \u2014 Paris Saint-Germain (@PSG_inside)  July 9, 2025<\/p><\/blockquote>\n<p>AVANT-MATCH20:12<\/p>\n<p>Kylian Mbapp\u00e9 est bien titulaire. Pour la premi\u00e8re fois, le capitaine de l&rsquo;\u00e9quipe de France va affronter son ancien club.<\/p>\n<p><strong>La composition du Real Madrid : Courtois &#8211; Garcia, Rudiger, Asencio &#8211; Tchouam\u00e9ni, Valverde (capitaine), Bellingham, Guler &#8211; Vinicius, Mbapp\u00e9, Garcia.<\/strong><\/p>\n<blockquote data-testid=\"EmbedTwitter\" id=\"tweet-1942999837802205467-:R1phkqqamij9n79m:\" class=\"jsx-aeff1a1c40f54d7a twitter-tweet flex justify-center items-center\"><p>\ud83d\udccb\u2705 \u00a1Nuestro XI inicial! \ud83c\udd9a  @PSG_espanol pic.twitter.com\/0KMxoLFbGd \u2014 Real Madrid C.F. (@realmadrid)  July 9, 2025<\/p><\/blockquote>\n<p>AVANT-MATCH19:20<\/p>\n<p>\ud83d\udcfa Sur quelle cha\u00eene voir cette demi-finale ?<\/p>\n<p>Sports<img decoding=\"async\" src=\"https:\/\/www.europesays.com\/fr\/wp-content\/uploads\/2025\/07\/mbappe-real-madrid-afp-254-df8bd7-0@1x.jpeg\" alt=\"Kylian Mbapp\u00e9, le 5 juillet 2025\" loading=\"lazy\" importance=\"low\" fetchpriority=\"low\" class=\"\" aria-hidden=\"true\"\/>Publi\u00e9 aujourd&rsquo;hui \u00e0 14h10AVANT-MATCH19:15<\/p>\n<p>Pour se hisser en demi-finale, le Real Madrid a d&rsquo;abord termin\u00e9 en t\u00eate de son groupe en s&rsquo;imposant face \u00e0 Pachuca (3-1) et Salzbourg (3-0), apr\u00e8s avoir \u00e9t\u00e9 accroch\u00e9 par Al Hilal (1-1). Puis les hommes de Xabi Alonso ont \u00e9limin\u00e9 la Juventus en huiti\u00e8mes de finale (1-0), avant de se d\u00e9faire du Borussia Dortmund en quarts (3-2).<\/p>\n<p>AVANT-MATCH19:10<\/p>\n<p>Pour se hisser en demi-finale, le PSG a d&rsquo;abord termin\u00e9 en t\u00eate de son groupe en l&#8217;emportant face \u00e0 l&rsquo;Atl\u00e9tico de Madrid (4-0) et Seattle (2-0), malgr\u00e9 une d\u00e9faite contre Botafogo (0-1). Puis les champions d&rsquo;Europe ont \u00e9limin\u00e9 l&rsquo;Inter Miami en huiti\u00e8mes de finale (4-0), avant de se d\u00e9faire du Bayern Munich en quarts (2-0).<\/p>\n<p>AVANT-MATCH19:05<\/p>\n<p>Le vainqueur de cette rencontre affrontera Chelsea en finale. Le club anglais a \u00e9limin\u00e9 les Br\u00e9siliens de Fluminense (2-0), mardi soir, lors de la premi\u00e8re demi-finale.<\/p>\n<p>19:00<\/p>\n<p>Bonjour et bienvenue sur TF1info pour suivre la demi-finale de la Coupe du monde des clubs entre le Paris Saint-Germain et le Real Madrid. Le coup d&rsquo;envoi sera donn\u00e9 \u00e0 21h (heure fran\u00e7aise) depuis New York (\u00c9tats-Unis).<\/p>\n<p data-module=\"article-paragraph\" class=\"jsx-3046738180 Paragraph Paragraph__End\">Un choc XXL pour une place en finale. De l&rsquo;autre c\u00f4t\u00e9 de l&rsquo;Atlantique, \u00e0 New York, vont s&rsquo;affronter ce mercredi les deux derniers vainqueurs de la Ligue des champions : <a href=\"https:\/\/www.tf1info.fr\/sport\/direct-psg-inter-milan-live-football-les-dernieres-infos-avant-la-finale-de-la-ligue-des-champions-ajourd-hui-samedi-31-mai-2025-2374074.html\" target=\"_blank\" rel=\"noopener\">le Paris Saint-Germain<\/a> et <a href=\"https:\/\/www.tf1info.fr\/sport\/en-direct-football-finale-de-la-ligue-des-champions-samedi-1-juin-2024-borussia-dortmund-real-madrid-qui-pour-soulever-la-coupe-aux-grandes-oreilles-a-wembley-2301939.html\" target=\"_blank\" rel=\"noopener\">le Real Madrid<\/a>. Une affiche de r\u00eave pour une demi-finale de Coupe du monde des clubs, marqu\u00e9e par le premier affrontement de Kylian Mbapp\u00e9 face \u00e0 Paris depuis son d\u00e9part de la capitale fran\u00e7aise, \u00e0 l&rsquo;\u00e9t\u00e9 2024.<\/p>\n<p>La derni\u00e8re confrontation avait tourn\u00e9 \u00e0 l&rsquo;avantage du Real<\/p>\n<p data-module=\"article-paragraph\" class=\"jsx-3046738180 Paragraph\">Outre ces retrouvailles in\u00e9dites, nul doute que les enjeux sportifs vont prendre le dessus. Et ils sont nombreux : une place en finale du Mondial, bien s\u00fbr, mais aussi de nombreux duels \u00e0 distance entre ceux qui font partie des meilleurs joueurs de la plan\u00e8te. Gianluigi Donnarumma fera face \u00e0 Thibaut Courtois dans les cages, Khvicha Kvaratskhelia contre Vinicius sur les c\u00f4t\u00e9s, ou encore <a href=\"https:\/\/www.tf1info.fr\/sport\/football-si-ousmane-dembele-ne-gagne-pas-le-ballon-d-or-nasser-al-khelaifi-le-boss-du-psg-met-un-coup-de-pression-2381044.html\" target=\"_blank\" rel=\"noopener\">Ousmane Demb\u00e9l\u00e9<\/a> face \u00e0 Kylian Mbapp\u00e9 en attaque. Sans oublier les techniciens sur les bancs : <a href=\"https:\/\/www.tf1info.fr\/sport\/football-le-psg-vainqueur-de-la-ligue-des-champions-comment-luis-enrique-a-hisse-paris-sur-le-toit-de-l-europe-inter-milan-2373807.html\" target=\"_blank\" rel=\"noopener\">Luis Enrique<\/a>, artisan du succ\u00e8s europ\u00e9en parisien, face \u00e0 la figure montante Xabi Alonso.<\/p>\n<p data-module=\"article-paragraph\" class=\"jsx-3046738180 Paragraph Paragraph__End\">Mais seul l&rsquo;un de ces effectifs de r\u00eave verra la finale, dimanche 13 juillet (21h en direct sur les antennes du groupe TF1 et TF1+). Lors de leur derni\u00e8re confrontation, \u00e0 l&rsquo;hiver 2022, le Real Madrid de Karim Benzema, auteur d&rsquo;un tripl\u00e9, <a href=\"https:\/\/www.tf1info.fr\/sport\/real-madrid-psg-en-direct-suivez-le-huitieme-de-finale-retour-de-ligue-des-champions-2022-avec-mbappe-et-benzema-2213079.html\" target=\"_blank\" rel=\"noopener\">avait \u00e9limin\u00e9 le PSG en huiti\u00e8mes de finale de Ligue des champions<\/a>, malgr\u00e9 l&rsquo;ouverture du score de Kylian Mbapp\u00e9. Qui prendra le dessus trois ans plus tard ? R\u00e9ponse \u00e0 partir de 21h.<\/p>\n<p data-module=\"article-paragraph\" class=\"jsx-3046738180 Paragraph Paragraph__End\"><strong>Suivez la demi-finale de Coupe du monde des clubs entre le Paris Saint-Germain et le Real Madrid en direct dans notre live comment\u00e9 ci-dessus.<\/strong><\/p>\n<p>Id\u00e8r NABILI<\/p>\n<p><script async src=\"https:\/\/platform.twitter.com\/widgets.js\" charset=\"utf-8\"><\/script><\/p>\n","protected":false},"excerpt":{"rendered":"Demi-finale de r\u00eave \u00e0 New York : le PSG affronte le Real Madrid, ce mercredi (21h), pour une&hellip;\n","protected":false},"author":2,"featured_media":238245,"comment_status":"","ping_status":"","sticky":false,"template":"","format":"standard","meta":{"footnotes":""},"categories":[1888],"tags":[1111,11,1921,31402,73,1777,674,63,1011,27,1922,6477,37811,921,12,2782,626,93,4790,25,133,4712],"class_list":{"0":"post-238244","1":"post","2":"type-post","3":"status-publish","4":"format-standard","5":"has-post-thumbnail","7":"category-paris","8":"tag-actu","9":"tag-actualites","10":"tag-article-video","11":"tag-coupe-du-monde-des-clubs-2025","12":"tag-etats-unis","13":"tag-eu","14":"tag-europe","15":"tag-football","16":"tag-fr","17":"tag-france","18":"tag-info","19":"tag-kylian-mbappe","20":"tag-le-psg-a-lassaut-de-la-coupe-du-monde-des-clubs","21":"tag-luis-enrique","22":"tag-news","23":"tag-ousmane-dembele","24":"tag-paris","25":"tag-psg","26":"tag-real-madrid","27":"tag-republique-francaise","28":"tag-video","29":"tag-video-sports"},"share_on_mastodon":{"url":"https:\/\/pubeurope.com\/@fr\/114824742971004737","error":""},"_links":{"self":[{"href":"https:\/\/www.europesays.com\/fr\/wp-json\/wp\/v2\/posts\/238244","targetHints":{"allow":["GET"]}}],"collection":[{"href":"https:\/\/www.europesays.com\/fr\/wp-json\/wp\/v2\/posts"}],"about":[{"href":"https:\/\/www.europesays.com\/fr\/wp-json\/wp\/v2\/types\/post"}],"author":[{"embeddable":true,"href":"https:\/\/www.europesays.com\/fr\/wp-json\/wp\/v2\/users\/2"}],"replies":[{"embeddable":true,"href":"https:\/\/www.europesays.com\/fr\/wp-json\/wp\/v2\/comments?post=238244"}],"version-history":[{"count":0,"href":"https:\/\/www.europesays.com\/fr\/wp-json\/wp\/v2\/posts\/238244\/revisions"}],"wp:featuredmedia":[{"embeddable":true,"href":"https:\/\/www.europesays.com\/fr\/wp-json\/wp\/v2\/media\/238245"}],"wp:attachment":[{"href":"https:\/\/www.europesays.com\/fr\/wp-json\/wp\/v2\/media?parent=238244"}],"wp:term":[{"taxonomy":"category","embeddable":true,"href":"https:\/\/www.europesays.com\/fr\/wp-json\/wp\/v2\/categories?post=238244"},{"taxonomy":"post_tag","embeddable":true,"href":"https:\/\/www.europesays.com\/fr\/wp-json\/wp\/v2\/tags?post=238244"}],"curies":[{"name":"wp","href":"https:\/\/api.w.org\/{rel}","templated":true}]}}