{"id":238248,"date":"2025-07-09T18:42:09","date_gmt":"2025-07-09T18:42:09","guid":{"rendered":"https:\/\/www.europesays.com\/fr\/238248\/"},"modified":"2025-07-09T18:42:09","modified_gmt":"2025-07-09T18:42:09","slug":"a-tours-trois-etudiants-brillent-au-concours-europeen-des-droits-humains","status":"publish","type":"post","link":"https:\/\/www.europesays.com\/fr\/238248\/","title":{"rendered":"\u00e0 Tours, trois \u00e9tudiants brillent au concours europ\u00e9en des droits humains"},"content":{"rendered":"<p>\u00ab\u00a0En Ukraine, un avenir restera possible.\u00a0\u00bb Ces quelques mots concluent la vid\u00e9o qui a permis \u00e0 trois \u00e9tudiants de l\u2019ETS de remporter la 5e\u00a0place europ\u00e9enne du\u00a0Prix des droits humains, d\u00e9cern\u00e9 par la F\u00e9d\u00e9ration europ\u00e9enne des \u00e9coles (Fede) pour mettre en avant des actions humanitaires et humanistes&#8230;. <\/p>\n<p>    Cet article a \u00e9t\u00e9 tronqu\u00e9. Abonnez-vous pour lire l&rsquo;article complet sur notre site.<\/p>\n<p style=\"margin: 0 !important; padding: 0 !important; font-size: 12px !important;\">Cet article a \u00e9t\u00e9 tronqu\u00e9. Abonnez-vous pour lire l&rsquo;article complet.<\/p>\n<p>    <a href=\"https:\/\/www.lanouvellerepublique.fr\/abonnements\" style=\"display: inline-block; margin-top: 5px !important; padding: 6px 12px !important; background: #cb1c27; color: white; text-decoration: none; border-radius: 4px; font-size: 12px !important;\" target=\"_blank\" rel=\"noopener\"><br \/>\n      S&rsquo;abonner<br \/>\n    <\/a><\/p>\n","protected":false},"excerpt":{"rendered":"\u00ab\u00a0En Ukraine, un avenir restera possible.\u00a0\u00bb Ces quelques mots concluent la vid\u00e9o qui a permis \u00e0 trois \u00e9tudiants&hellip;\n","protected":false},"author":2,"featured_media":238249,"comment_status":"","ping_status":"","sticky":false,"template":"","format":"standard","meta":{"footnotes":""},"categories":[1590],"tags":[11,1674,1777,674,12,3400,1390,220],"class_list":{"0":"post-238248","1":"post","2":"type-post","3":"status-publish","4":"format-standard","5":"has-post-thumbnail","7":"category-ukraine","8":"tag-actualites","9":"tag-communes","10":"tag-eu","11":"tag-europe","12":"tag-news","13":"tag-solidarite","14":"tag-tours","15":"tag-ukraine"},"share_on_mastodon":{"url":"https:\/\/pubeurope.com\/@fr\/114824750558692168","error":""},"_links":{"self":[{"href":"https:\/\/www.europesays.com\/fr\/wp-json\/wp\/v2\/posts\/238248","targetHints":{"allow":["GET"]}}],"collection":[{"href":"https:\/\/www.europesays.com\/fr\/wp-json\/wp\/v2\/posts"}],"about":[{"href":"https:\/\/www.europesays.com\/fr\/wp-json\/wp\/v2\/types\/post"}],"author":[{"embeddable":true,"href":"https:\/\/www.europesays.com\/fr\/wp-json\/wp\/v2\/users\/2"}],"replies":[{"embeddable":true,"href":"https:\/\/www.europesays.com\/fr\/wp-json\/wp\/v2\/comments?post=238248"}],"version-history":[{"count":0,"href":"https:\/\/www.europesays.com\/fr\/wp-json\/wp\/v2\/posts\/238248\/revisions"}],"wp:featuredmedia":[{"embeddable":true,"href":"https:\/\/www.europesays.com\/fr\/wp-json\/wp\/v2\/media\/238249"}],"wp:attachment":[{"href":"https:\/\/www.europesays.com\/fr\/wp-json\/wp\/v2\/media?parent=238248"}],"wp:term":[{"taxonomy":"category","embeddable":true,"href":"https:\/\/www.europesays.com\/fr\/wp-json\/wp\/v2\/categories?post=238248"},{"taxonomy":"post_tag","embeddable":true,"href":"https:\/\/www.europesays.com\/fr\/wp-json\/wp\/v2\/tags?post=238248"}],"curies":[{"name":"wp","href":"https:\/\/api.w.org\/{rel}","templated":true}]}}