{"id":23825,"date":"2025-04-14T07:08:21","date_gmt":"2025-04-14T07:08:21","guid":{"rendered":"https:\/\/www.europesays.com\/fr\/23825\/"},"modified":"2025-04-14T07:08:21","modified_gmt":"2025-04-14T07:08:21","slug":"dejeuner-de-travail-avec-le-chancelier-de-la-republique-federale-dallemagne-olaf-scholz","status":"publish","type":"post","link":"https:\/\/www.europesays.com\/fr\/23825\/","title":{"rendered":"D\u00e9jeuner de travail avec le Chancelier de la R\u00e9publique f\u00e9d\u00e9rale d\u2019Allemagne, Olaf Scholz."},"content":{"rendered":"<p>Suite aux contributions adopt\u00e9es au <strong>Conseil des ministres franco-allemand de Meseberg en mai 2024<\/strong>, ils ont appell\u00e9 \u00e0 acc\u00e9l\u00e9rer l\u2019action de l\u2019Union europ\u00e9enne pour mettre en \u0153uvre <strong>l\u2019agenda de comp\u00e9titivit\u00e9 europ\u00e9enne<\/strong>\u00a0:<\/p>\n<ul>&#13;<\/p>\n<li>simplification r\u00e9glementaire ;<\/li>\n<p>&#13;<\/p>\n<li>d\u00e9carbonation et production industrielle en Europe ;<\/li>\n<p>&#13;<\/p>\n<li>investissement dans les secteurs cl\u00e9s pour r\u00e9duire les d\u00e9pendances strat\u00e9giques ;<\/li>\n<p>&#13;<\/p>\n<li>conditions de concurrence loyale ;<\/li>\n<p>&#13;<\/p>\n<li>d\u00e9veloppement de l\u2019investissement public et priv\u00e9 en appui aux transitions climatique, num\u00e9rique et \u00e0 la d\u00e9fense europ\u00e9enne.<\/li>\n<p>&#13;\n<\/ul>\n<p>Le Pr\u00e9sident de la R\u00e9publique et le Chancelier allemand ont \u00e9chang\u00e9\u00a0dans ce contexte sur l<strong>es enjeux du Sommet pour l\u2019action sur l\u2019intelligence artificielle<\/strong> qui se tiendra \u00e0 Paris les 10 et 11 f\u00e9vrier, pour renforcer l\u2019attractivit\u00e9 europ\u00e9enne.<\/p>\n<p>Les deux dirigeants ont abord\u00e9\u00a0enfin les dossiers internationaux, en particulier <strong>la poursuite du soutien \u00e0 l\u2019Ukraine<\/strong> pour faire \u00e9chec \u00e0 la guerre d\u2019agression men\u00e9e par la Russie depuis bient\u00f4t trois ans, ainsi que <strong>la situation au Proche-Orient<\/strong>.\u00a0<\/p>\n<p>Revoir la d\u00e9claration conjointe :\u00a0<\/p>\n","protected":false},"excerpt":{"rendered":"Suite aux contributions adopt\u00e9es au Conseil des ministres franco-allemand de Meseberg en mai 2024, ils ont appell\u00e9 \u00e0&hellip;\n","protected":false},"author":2,"featured_media":23826,"comment_status":"","ping_status":"","sticky":false,"template":"","format":"standard","meta":{"footnotes":""},"categories":[1587],"tags":[11,672,2813,1804,8654,1805,1803,1777,674,1801,14,12,1802,364],"class_list":{"0":"post-23825","1":"post","2":"type-post","3":"status-publish","4":"format-standard","5":"has-post-thumbnail","7":"category-allemagne","8":"tag-actualites","9":"tag-allemagne","10":"tag-article","11":"tag-bundesrepublik-deutschland","12":"tag-couple-franco-allemand","13":"tag-de","14":"tag-deutschland","15":"tag-eu","16":"tag-europe","17":"tag-germany","18":"tag-international","19":"tag-news","20":"tag-republique-federale-dallemagne","21":"tag-union-europeenne"},"share_on_mastodon":{"url":"https:\/\/pubeurope.com\/@fr\/114335062780207378","error":""},"_links":{"self":[{"href":"https:\/\/www.europesays.com\/fr\/wp-json\/wp\/v2\/posts\/23825","targetHints":{"allow":["GET"]}}],"collection":[{"href":"https:\/\/www.europesays.com\/fr\/wp-json\/wp\/v2\/posts"}],"about":[{"href":"https:\/\/www.europesays.com\/fr\/wp-json\/wp\/v2\/types\/post"}],"author":[{"embeddable":true,"href":"https:\/\/www.europesays.com\/fr\/wp-json\/wp\/v2\/users\/2"}],"replies":[{"embeddable":true,"href":"https:\/\/www.europesays.com\/fr\/wp-json\/wp\/v2\/comments?post=23825"}],"version-history":[{"count":0,"href":"https:\/\/www.europesays.com\/fr\/wp-json\/wp\/v2\/posts\/23825\/revisions"}],"wp:featuredmedia":[{"embeddable":true,"href":"https:\/\/www.europesays.com\/fr\/wp-json\/wp\/v2\/media\/23826"}],"wp:attachment":[{"href":"https:\/\/www.europesays.com\/fr\/wp-json\/wp\/v2\/media?parent=23825"}],"wp:term":[{"taxonomy":"category","embeddable":true,"href":"https:\/\/www.europesays.com\/fr\/wp-json\/wp\/v2\/categories?post=23825"},{"taxonomy":"post_tag","embeddable":true,"href":"https:\/\/www.europesays.com\/fr\/wp-json\/wp\/v2\/tags?post=23825"}],"curies":[{"name":"wp","href":"https:\/\/api.w.org\/{rel}","templated":true}]}}