{"id":238252,"date":"2025-07-09T18:44:11","date_gmt":"2025-07-09T18:44:11","guid":{"rendered":"https:\/\/www.europesays.com\/fr\/238252\/"},"modified":"2025-07-09T18:44:11","modified_gmt":"2025-07-09T18:44:11","slug":"le-roi-charles-iii-apparait-loeil-gorge-de-sang-lors-de-la-visite-detat-demmanuel-macron-au-royaume-uni","status":"publish","type":"post","link":"https:\/\/www.europesays.com\/fr\/238252\/","title":{"rendered":"Le roi Charles III appara\u00eet l&rsquo;\u0153il gorg\u00e9 de sang lors de la visite d&rsquo;\u00c9tat d&rsquo;Emmanuel Macron au Royaume-Uni"},"content":{"rendered":"<p class=\"ap-StoryElement ap-StoryElement--mb ap-StoryText\">Ce mardi 8\u00a0juillet, la famille royale britannique recevait en grande pompe Emmanuel Macron en visite d&rsquo;\u00c9tat au Royaume-Uni. Mais un d\u00e9tail concernant Charles III n&rsquo;est pas pass\u00e9 inaper\u00e7u\u2026<\/p>\n<p class=\"ap-StoryElement ap-StoryElement--mb ap-StoryText\">Sur plusieurs clich\u00e9s, on aper\u00e7oit l&rsquo;\u0153il du souverain britannique gorg\u00e9 de sang. La cause\u00a0?<a href=\"https:\/\/www.dhnet.be\/lifestyle\/people\/2025\/06\/06\/alors-que-la-princesse-kate-se-bat-contre-un-cancer-le-prince-william-a-deja-planifie-ses-funerailles-V6B7GS5MP5CL3OTUZNVWS3S5Q4\/\" target=\"_blank\" rel=\"noopener\"> Le p\u00e8re du prince William<\/a> aurait eu simplement une rupture d&rsquo;un vaisseau sanguin, selon le Palais. Rien de grave, contrairement aux sp\u00e9culations de certains qui faisaient un lien avec son traitement contre le cancer.<\/p>\n","protected":false},"excerpt":{"rendered":"Ce mardi 8\u00a0juillet, la famille royale britannique recevait en grande pompe Emmanuel Macron en visite d&rsquo;\u00c9tat au Royaume-Uni.&hellip;\n","protected":false},"author":2,"featured_media":238253,"comment_status":"","ping_status":"","sticky":false,"template":"","format":"standard","meta":{"footnotes":""},"categories":[1588],"tags":[11,1777,674,1227,12,2311,473,1853,1851,1850,1852],"class_list":{"0":"post-238252","1":"post","2":"type-post","3":"status-publish","4":"format-standard","5":"has-post-thumbnail","7":"category-royaume-uni","8":"tag-actualites","9":"tag-eu","10":"tag-europe","11":"tag-horizontal","12":"tag-news","13":"tag-racing","14":"tag-royaume-uni","15":"tag-royaume-uni-de-grande-bretagne-et-dirlande-du-nord","16":"tag-uk","17":"tag-united-kingdom","18":"tag-united-kingdom-of-great-britain-and-northern-ireland"},"share_on_mastodon":{"url":"https:\/\/pubeurope.com\/@fr\/114824758135502162","error":""},"_links":{"self":[{"href":"https:\/\/www.europesays.com\/fr\/wp-json\/wp\/v2\/posts\/238252","targetHints":{"allow":["GET"]}}],"collection":[{"href":"https:\/\/www.europesays.com\/fr\/wp-json\/wp\/v2\/posts"}],"about":[{"href":"https:\/\/www.europesays.com\/fr\/wp-json\/wp\/v2\/types\/post"}],"author":[{"embeddable":true,"href":"https:\/\/www.europesays.com\/fr\/wp-json\/wp\/v2\/users\/2"}],"replies":[{"embeddable":true,"href":"https:\/\/www.europesays.com\/fr\/wp-json\/wp\/v2\/comments?post=238252"}],"version-history":[{"count":0,"href":"https:\/\/www.europesays.com\/fr\/wp-json\/wp\/v2\/posts\/238252\/revisions"}],"wp:featuredmedia":[{"embeddable":true,"href":"https:\/\/www.europesays.com\/fr\/wp-json\/wp\/v2\/media\/238253"}],"wp:attachment":[{"href":"https:\/\/www.europesays.com\/fr\/wp-json\/wp\/v2\/media?parent=238252"}],"wp:term":[{"taxonomy":"category","embeddable":true,"href":"https:\/\/www.europesays.com\/fr\/wp-json\/wp\/v2\/categories?post=238252"},{"taxonomy":"post_tag","embeddable":true,"href":"https:\/\/www.europesays.com\/fr\/wp-json\/wp\/v2\/tags?post=238252"}],"curies":[{"name":"wp","href":"https:\/\/api.w.org\/{rel}","templated":true}]}}