{"id":238254,"date":"2025-07-09T18:45:11","date_gmt":"2025-07-09T18:45:11","guid":{"rendered":"https:\/\/www.europesays.com\/fr\/238254\/"},"modified":"2025-07-09T18:45:11","modified_gmt":"2025-07-09T18:45:11","slug":"motogp-allemagne-pecco-bagnaia-vise-la-reduction-de-lecart-avec-marc-marquez-au-sachsenring-apres-un-nouveau-podium-a-assen","status":"publish","type":"post","link":"https:\/\/www.europesays.com\/fr\/238254\/","title":{"rendered":"MotoGP, Allemagne : Pecco Bagnaia vise la r\u00e9duction de l\u2019\u00e9cart avec Marc Marquez au Sachsenring apr\u00e8s un nouveau podium \u00e0 Assen"},"content":{"rendered":"<p><strong>Le paddock MotoGP et Pecco Bagnaia pose leurs valises en<br \/>\nAllemagne pour la 11e manche du Championnat du Monde 2025.<br \/>\nDirection le Sachsenring, trac\u00e9 embl\u00e9matique long de seulement 3,67<br \/>\nkm, le plus court du calendrier, mais aussi l\u2019un des plus exigeants<br \/>\ntechniquement. Depuis 1998, Ducati y a triomph\u00e9 \u00e0 trois reprises :<br \/>\nCasey Stoner en 2008, Jorge Martin en 2023 et Francesco Bagnaia<br \/>\nl\u2019an dernier.<\/strong><\/p>\n<p>Cette ann\u00e9e, <strong>Bagnaia<\/strong> revient en Saxe avec<br \/>\nl\u2019objectif de r\u00e9duire l\u2019\u00e9cart qui le s\u00e9pare de son co\u00e9quipier<br \/>\n<strong>Marc Marquez<\/strong> au championnat. Actuellement<br \/>\ntroisi\u00e8me du classement g\u00e9n\u00e9ral avec 181 points, le pilote italien<br \/>\nsort d\u2019un week-end solide aux Pays-Bas, ponctu\u00e9 par un nouveau<br \/>\npodium.<\/p>\n<p>Le double Champion du monde <strong>Ducati<\/strong><br \/>\ncommente\u00a0: \u00ab\u00a0\u00e0 Assen, nous avons fait de nouveaux pas<br \/>\nen avant \u00e0 la fois en qualifications et dans la course longue. Dans<br \/>\nle Sprint, j\u2019ai eu un peu plus de mal mais, comme au Mugello, je<br \/>\nsuis parti tr\u00e8s fort et j\u2019ai fait une bonne premi\u00e8re partie de<br \/>\ncourse. Puis dans la bataille<strong>, j\u2019ai commenc\u00e9 \u00e0 perdre<br \/>\nconfiance<\/strong> \u00e0 l\u2019avant et j\u2019ai d\u00fb baisser le rythme.<br \/>\n\u00bb<\/p>\n<p><img loading=\"lazy\" decoding=\"async\" class=\"aligncenter size-full wp-image-1307611\" src=\"https:\/\/www.europesays.com\/fr\/wp-content\/uploads\/2025\/07\/Pecco-Bagnaia-2.jpg\" alt=\"\" width=\"622\" height=\"422\"  \/><\/p>\n<p><strong>Pecco Bagnaia : \u00ab le<br \/>\nSachsenring est un circuit tr\u00e8s particulier \u00bb<\/strong><\/p>\n<p>Bagnaia sait que le <a href=\"https:\/\/www.paddock-gp.com\/motogp-sachsenring-les-horaires-du-grand-prix-dallemagne-2\/\" rel=\"nofollow noopener\" target=\"_blank\"><br \/>\n<strong>Sachsenring<\/strong><\/a> pr\u00e9sente un d\u00e9fi unique, notamment<br \/>\navec ses encha\u00eenements serr\u00e9s de virages \u00e0 gauche et ses zones o\u00f9<br \/>\nl\u2019adh\u00e9rence peut rapidement devenir pr\u00e9caire. Pour lui, l\u2019enjeu est<br \/>\ndouble : rester dans la course au titre et retrouver une confiance<br \/>\ntotale au guidon de sa Desmosedici GP25.<\/p>\n<p>\u00ab Le Sachsenring est un circuit tr\u00e8s particulier, nous<br \/>\ndevons comprendre o\u00f9 nous pouvons \u00eatre compar\u00e9s aux plus<br \/>\nrapides \u00bb, explique-t-il, conscient que la moindre erreur peut<br \/>\nco\u00fbter cher sur un trac\u00e9 aussi sinueux.<\/p>\n<p>L\u2019\u00e9curie italienne arrive en <strong>Allemagne<\/strong> avec la<br \/>\nferme intention d\u2019ajouter un quatri\u00e8me succ\u00e8s \u00e0 son palmar\u00e8s sur ce<br \/>\ncircuit. Mais la concurrence sera rude, notamment face \u00e0<br \/>\n<strong>Marc Marquez<\/strong>, ma\u00eetre incontest\u00e9 du<br \/>\n<strong>Sachsenring<\/strong> jusqu\u2019en 2021 avec onze victoires<br \/>\ncons\u00e9cutives toutes cat\u00e9gories confondues.<\/p>\n<p>Pour <strong>Bagnaia<\/strong>, le Sachsenring sera l\u2019occasion<br \/>\nid\u00e9ale de prouver que, malgr\u00e9 un d\u00e9but de saison compliqu\u00e9, il peut<br \/>\nencore inverser la tendance et jouer la victoire face \u00e0 son<br \/>\nredoutable co\u00e9quipier et aux autres pr\u00e9tendants.<\/p>\n<p>La tension promet d\u2019\u00eatre \u00e0 son comble ce week-end en Saxe, o\u00f9<br \/>\nchaque virage pourrait rebattre les cartes d\u2019une saison <a href=\"https:\/\/www.motogp.com\/en\" rel=\"nofollow noopener\" target=\"_blank\">MotoGP<\/a> jusque-l\u00e0 marqu\u00e9e du fer<br \/>\nrouge de la <strong>Ducati<\/strong> \u00e9carlate de <a href=\"https:\/\/www.paddock-gp.com\/motogp-si-marc-marquez-continue-a-ce-rythme-ducati-lui-versera-plus-de-6-millions-deuros-de-bonus-a-la-fin-de-lannee\/\" rel=\"nofollow noopener\" target=\"_blank\"><br \/>\n<strong>Marc Marquez<\/strong><\/a>.<\/p>\n<p><img loading=\"lazy\" decoding=\"async\" class=\"aligncenter size-full wp-image-1307614\" src=\"https:\/\/www.europesays.com\/fr\/wp-content\/uploads\/2025\/07\/pecco-Bagnaia-1-3.jpg\" alt=\"\" width=\"595\" height=\"315\"  \/><\/p>\n<p>\u00a0<\/p>\n","protected":false},"excerpt":{"rendered":"Le paddock MotoGP et Pecco Bagnaia pose leurs valises en Allemagne pour la 11e manche du Championnat du&hellip;\n","protected":false},"author":2,"featured_media":238255,"comment_status":"","ping_status":"","sticky":false,"template":"","format":"standard","meta":{"footnotes":""},"categories":[1587],"tags":[11,672,1804,1805,1803,1777,674,1801,12,1802],"class_list":{"0":"post-238254","1":"post","2":"type-post","3":"status-publish","4":"format-standard","5":"has-post-thumbnail","7":"category-allemagne","8":"tag-actualites","9":"tag-allemagne","10":"tag-bundesrepublik-deutschland","11":"tag-de","12":"tag-deutschland","13":"tag-eu","14":"tag-europe","15":"tag-germany","16":"tag-news","17":"tag-republique-federale-dallemagne"},"share_on_mastodon":{"url":"https:\/\/pubeurope.com\/@fr\/114824763365958797","error":""},"_links":{"self":[{"href":"https:\/\/www.europesays.com\/fr\/wp-json\/wp\/v2\/posts\/238254","targetHints":{"allow":["GET"]}}],"collection":[{"href":"https:\/\/www.europesays.com\/fr\/wp-json\/wp\/v2\/posts"}],"about":[{"href":"https:\/\/www.europesays.com\/fr\/wp-json\/wp\/v2\/types\/post"}],"author":[{"embeddable":true,"href":"https:\/\/www.europesays.com\/fr\/wp-json\/wp\/v2\/users\/2"}],"replies":[{"embeddable":true,"href":"https:\/\/www.europesays.com\/fr\/wp-json\/wp\/v2\/comments?post=238254"}],"version-history":[{"count":0,"href":"https:\/\/www.europesays.com\/fr\/wp-json\/wp\/v2\/posts\/238254\/revisions"}],"wp:featuredmedia":[{"embeddable":true,"href":"https:\/\/www.europesays.com\/fr\/wp-json\/wp\/v2\/media\/238255"}],"wp:attachment":[{"href":"https:\/\/www.europesays.com\/fr\/wp-json\/wp\/v2\/media?parent=238254"}],"wp:term":[{"taxonomy":"category","embeddable":true,"href":"https:\/\/www.europesays.com\/fr\/wp-json\/wp\/v2\/categories?post=238254"},{"taxonomy":"post_tag","embeddable":true,"href":"https:\/\/www.europesays.com\/fr\/wp-json\/wp\/v2\/tags?post=238254"}],"curies":[{"name":"wp","href":"https:\/\/api.w.org\/{rel}","templated":true}]}}