{"id":238267,"date":"2025-07-09T18:53:11","date_gmt":"2025-07-09T18:53:11","guid":{"rendered":"https:\/\/www.europesays.com\/fr\/238267\/"},"modified":"2025-07-09T18:53:11","modified_gmt":"2025-07-09T18:53:11","slug":"codie-taylor-cadre-des-all-blacks-devrait-enchainer-une-98e-selection-face-aux-bleus","status":"publish","type":"post","link":"https:\/\/www.europesays.com\/fr\/238267\/","title":{"rendered":"Codie Taylor, cadre des All Blacks, devrait encha\u00eener une 98e s\u00e9lection face aux Bleus"},"content":{"rendered":"\n<p>\n            Rugby,\n        <\/p>\n<p>\n            Tests,\n        <\/p>\n<p>\n            Nouvelle-Z\u00e9lande\n        <\/p>\n<p> abonn\u00e9<\/p>\n<p>\u00ab\u00a0\u00catre talonneur, c&rsquo;est allier force et finesse\u00a0\u00bb\u00a0: Codie Taylor, cadre des All Blacks, devrait encha\u00eener une 98e s\u00e9lection face aux Bleus<\/p>\n<p>Leader de terrain et du vestiaire, le champion du monde 2015 est toujours \u00e0 la pointe du combat au sein des All Blacks avec lesquels il devrait encha\u00eener une 98e s\u00e9lection samedi face aux quinze de France.<\/p>\n","protected":false},"excerpt":{"rendered":"Rugby, Tests, Nouvelle-Z\u00e9lande abonn\u00e9 \u00ab\u00a0\u00catre talonneur, c&rsquo;est allier force et finesse\u00a0\u00bb\u00a0: Codie Taylor, cadre des All Blacks, devrait&hellip;\n","protected":false},"author":2,"featured_media":238268,"comment_status":"","ping_status":"","sticky":false,"template":"","format":"standard","meta":{"footnotes":""},"categories":[1416],"tags":[1011,27,479,1468,60],"class_list":{"0":"post-238267","1":"post","2":"type-post","3":"status-publish","4":"format-standard","5":"has-post-thumbnail","7":"category-rugby","8":"tag-fr","9":"tag-france","10":"tag-rugby","11":"tag-rugby-football","12":"tag-sports"},"share_on_mastodon":{"url":"https:\/\/pubeurope.com\/@fr\/114824793536596021","error":""},"_links":{"self":[{"href":"https:\/\/www.europesays.com\/fr\/wp-json\/wp\/v2\/posts\/238267","targetHints":{"allow":["GET"]}}],"collection":[{"href":"https:\/\/www.europesays.com\/fr\/wp-json\/wp\/v2\/posts"}],"about":[{"href":"https:\/\/www.europesays.com\/fr\/wp-json\/wp\/v2\/types\/post"}],"author":[{"embeddable":true,"href":"https:\/\/www.europesays.com\/fr\/wp-json\/wp\/v2\/users\/2"}],"replies":[{"embeddable":true,"href":"https:\/\/www.europesays.com\/fr\/wp-json\/wp\/v2\/comments?post=238267"}],"version-history":[{"count":0,"href":"https:\/\/www.europesays.com\/fr\/wp-json\/wp\/v2\/posts\/238267\/revisions"}],"wp:featuredmedia":[{"embeddable":true,"href":"https:\/\/www.europesays.com\/fr\/wp-json\/wp\/v2\/media\/238268"}],"wp:attachment":[{"href":"https:\/\/www.europesays.com\/fr\/wp-json\/wp\/v2\/media?parent=238267"}],"wp:term":[{"taxonomy":"category","embeddable":true,"href":"https:\/\/www.europesays.com\/fr\/wp-json\/wp\/v2\/categories?post=238267"},{"taxonomy":"post_tag","embeddable":true,"href":"https:\/\/www.europesays.com\/fr\/wp-json\/wp\/v2\/tags?post=238267"}],"curies":[{"name":"wp","href":"https:\/\/api.w.org\/{rel}","templated":true}]}}