{"id":23827,"date":"2025-04-14T07:09:19","date_gmt":"2025-04-14T07:09:19","guid":{"rendered":"https:\/\/www.europesays.com\/fr\/23827\/"},"modified":"2025-04-14T07:09:19","modified_gmt":"2025-04-14T07:09:19","slug":"rejoignez-nous-ce-que-revele-le-proces-de-deux-agents-de-wagner-sur-leur-activite-en-europe","status":"publish","type":"post","link":"https:\/\/www.europesays.com\/fr\/23827\/","title":{"rendered":"\u00ab\u00a0Rejoignez-nous\u00a0\u00bb : ce que r\u00e9v\u00e8le le proc\u00e8s de deux agents de Wagner sur leur activit\u00e9 en Europe"},"content":{"rendered":"<p>Un tribunal de Cracovie a condamn\u00e9 le 14 f\u00e9vrier deux Russes pour leur campagne de recrutement pour Wagner.Une op\u00e9ration directement pilot\u00e9e depuis la Russie.Les d\u00e9tails du proc\u00e8s permettent de comprendre les contours de la \u00ab\u00a0guerre hybride\u00a0\u00bb que m\u00e8ne Moscou \u00e0 l&rsquo;Europe.<\/p>\n<p data-module=\"article-paragraph\" class=\"jsx-362436225 Paragraph\">Alors que l&rsquo;\u00e9t\u00e9 2023 signait l&rsquo;arr\u00eat de mort pour Wagner en Russie, au m\u00eame moment, la milice faisait sa premi\u00e8re apparition en Europe. Cette ann\u00e9e-l\u00e0, dans les rues des villes, l&rsquo;arriv\u00e9e des touristes s&rsquo;est accompagn\u00e9e de la d\u00e9couverte d&rsquo;autocollants tr\u00e8s \u00e9tonnants. Une t\u00eate de mort, celle du groupe Wagner, surplomb\u00e9e d&rsquo;un message de recrutement. \u00ab\u00a0Nous sommes-ici, rejoignez-nous\u00a0\u00bb, pouvaient lire les passants des zones les plus touristiques des grandes villes. Le tout, accompagn\u00e9 d&rsquo;un QR code menant vers un site de recrutement <a href=\"https:\/\/www.tf1info.fr\/international\/guerre-en-russie-de-groupe-wagner-a-la-disgrace-evgueni-prigojine-l-ex-cuisinier-de-poutine-qui-veut-renverser-l-armee-russe-2261491.html\" target=\"_blank\" rel=\"noopener\">de cette milice ultra-violente (nouvelle fen\u00eatre)<\/a>. Une op\u00e9ration sigl\u00e9e Moscou.\u00a0<\/p>\n<p data-module=\"article-paragraph\" class=\"jsx-362436225 Paragraph Paragraph__End\">Un an et demi plus tard, leurs auteurs, deux citoyens russes, ont \u00e9t\u00e9 condamn\u00e9s \u00e0 cinq ans et demi de prison par un tribunal de Cracovie, en Pologne. Un proc\u00e8s historique, qui permet de d\u00e9voiler les activit\u00e9s tr\u00e8s discr\u00e8tes de la Russie sur notre continent.<\/p>\n<p>Un \u00ab\u00a0superviseur russe\u00a0\u00bb au bout du fil<\/p>\n<p data-module=\"article-paragraph\" class=\"jsx-362436225 Paragraph\">Ce proc\u00e8s, c&rsquo;est le m\u00e9dia ind\u00e9pendant <a href=\"https:\/\/meduza.io\/en\/feature\/2025\/04\/11\/we-are-here-join-us \" target=\"_blank\" rel=\"nofollow noopener\">Meduza (nouvelle fen\u00eatre)<\/a> qui s&rsquo;en fait l&rsquo;\u00e9cho. Dans un article publi\u00e9 le 11 avril par une journaliste polonaise, on d\u00e9couvre non seulement le profil des suspects, mais aussi leur mode op\u00e9ratoire. Tout commence en ao\u00fbt 2023. Dans le centre historique de Cracovie, ces autocollants blancs qui glorifient le groupe arm\u00e9 font leur apparition devant les yeux \u00e9bahis des touristes. Une affaire prise tr\u00e8s au s\u00e9rieux par les autorit\u00e9s de ce pays, voisin de l&rsquo;Ukraine et r\u00e9solument antirusse.\u00a0<\/p>\n<p data-module=\"article-paragraph\" class=\"jsx-362436225 Paragraph Paragraph__End\">D\u00e8s le lendemain, Andre\u00ef G. et Alexe\u00ef T. sont arr\u00eat\u00e9s en flagrant d\u00e9lit. Une affaire qui pourrait paraitre anodine si elle ne s&rsquo;inscrivait pas dans ce que le tribunal a d\u00e9crit comme une<a href=\"https:\/\/www.tf1info.fr\/international\/conflit-ukraine-russie-qu-est-ce-que-la-guerre-hybride-dont-le-possible-sabotage-des-gazoducs-nord-stream-serait-le-signe-2233930.html\" target=\"_blank\" rel=\"noopener\"> \u00ab\u00a0guerre hybride\u00a0\u00bb  (nouvelle fen\u00eatre)<\/a>men\u00e9e par la Russie via des op\u00e9rateurs priv\u00e9s.\u00a0<\/p>\n<ul class=\"jsx-658110588 ReadMoreArticle__List flex flex-column\">\n<li class=\"jsx-658110588\"><a href=\"https:\/\/www.tf1info.fr\/international\/russie-le-jour-ou-le-23-juin-2023-la-milice-wagner-d-evgueni-prigojine-se-rebelle-contre-moscou-et-vladimir-poutine-2305330.html\" rel=\"noopener\" class=\"jsx-4233824444 Link flex\" target=\"_blank\"><img decoding=\"async\" src=\"https:\/\/www.europesays.com\/fr\/wp-content\/uploads\/2025\/04\/wagner-2025-a00883-0@1x.jpeg\" alt=\"Lire aussi\" loading=\"lazy\" importance=\"low\" fetchpriority=\"low\" class=\"\" copyright=\"AFP\"\/>\n<p class=\"jsx-658110588 ReadMoreArticle__Title\">Lire aussi<\/p>\n<p class=\"jsx-658110588\">Le jour o\u00f9&#8230; il y a un an, Prigojine lan\u00e7ait sa milice Wagner \u00e0 l&rsquo;assaut de Moscou <\/p>\n<p><\/a><\/li>\n<\/ul>\n<p data-module=\"article-paragraph\" class=\"jsx-362436225 Paragraph\">Il faut dire que le mode op\u00e9ratoire laisse peu de doute sur l&rsquo;instigateur de cette op\u00e9ration. D&rsquo;apr\u00e8s l&rsquo;enqu\u00eate polonaise, les deux hommes sont partis de Russie, ont transit\u00e9 par la Turquie, sont entr\u00e9s dans l&rsquo;Union europ\u00e9enne \u00e0 Vienne avec un visa Schengen, puis ont rejoint Cracovie en voiture de location.\u00a0<\/p>\n<p data-module=\"article-paragraph\" class=\"jsx-362436225 Paragraph Paragraph__End\">Une mission durant laquelle ils \u00e9taient \u00ab\u00a0en contact permanent avec un superviseur\u00a0\u00bb en Russie, d&rsquo;apr\u00e8s la juge du proc\u00e8s, Ewa Karp-Sieklucka. \u00ab\u00a0Ce dernier exigeait de voir les r\u00e9sultats et, lorsqu&rsquo;il \u00e9tait n\u00e9cessaire de prendre de nouvelles dispositions, devait contacter le superviseur principal \u00ab\u00a0, a-t-elle pr\u00e9cis\u00e9 au tribunal, selon ses propos traduits par Meduza. Des communications qui d\u00e9montrent par ailleurs que cet acteur a demand\u00e9 aux deux agents d&rsquo;\u00e9viter les cam\u00e9ras de vid\u00e9osurveillance <a href=\"https:\/\/www.tf1info.fr\/international\/verif-guerre-russie-ukraine-moscou-la-russie-et-la-bielorussie-accueillent-elles-le-plus-de-refugies-ukrainiens-au-monde-2341737.html\" target=\"_blank\" rel=\"noopener\">et les ressortissants ukrainiens (nouvelle fen\u00eatre)<\/a>.\u00a0<\/p>\n<p><img decoding=\"async\" src=\"https:\/\/www.europesays.com\/fr\/wp-content\/uploads\/2025\/04\/wagner-actions-france-25438d-0@1x.jpeg\" alt=\"Des membres recrut\u00e9s par Wagner ont coll\u00e9 des autocollants dans plusieurs villes d'Europe au printemps et \u00e0 l'\u00e9t\u00e9 2023\" loading=\"lazy\" importance=\"low\" fetchpriority=\"low\" class=\"\"\/>Des membres recrut\u00e9s par Wagner ont coll\u00e9 des autocollants dans plusieurs villes d&rsquo;Europe au printemps et \u00e0 l&rsquo;\u00e9t\u00e9 2023 &#8211; Telegram<\/p>\n<p data-module=\"article-paragraph\" class=\"jsx-362436225 Paragraph\">Car il faut le dire, ni Andre\u00ef ni Alexe\u00ef n&rsquo;ont le profil de l&rsquo;espion sovi\u00e9tique. Le premier, p\u00e8re de cinq enfants et \u00e0 la t\u00eate d&rsquo;une petite entreprise de couture dans la capitale russe, est en difficult\u00e9 financi\u00e8re et cribl\u00e9 de dettes. Le second ne dispose que d&rsquo;une seule source de revenus, \u00e0 savoir des investissements \u00e0 la Bourse de Moscou. Gravitant dans la sph\u00e8re ultra-nationaliste russe, ils auraient \u00e9t\u00e9 recrut\u00e9s par un proche <a href=\"https:\/\/eur-lex.europa.eu\/legal-content\/EN\/TXT\/PDF\/?uri=CELEX:32014R0826\" target=\"_blank\" rel=\"nofollow noopener\">de l&rsquo;oligarque russe Konstantin Malofeev (nouvelle fen\u00eatre)<\/a>, contre une coquette somme. D&rsquo;apr\u00e8s le minist\u00e8re polonais de l&rsquo;Int\u00e9rieur, les deux hommes devaient recevoir jusqu&rsquo;\u00e0 500.000 roubles chacun, soit plus de 5.000 euros, pour coller ces petites affichettes lors d&rsquo;un voyage tout frais pay\u00e9s.\u00a0<\/p>\n<p data-module=\"article-paragraph\" class=\"jsx-362436225 Paragraph Paragraph__End\">L&rsquo;analyse des t\u00e9l\u00e9phones des hommes a \u00e9galement r\u00e9v\u00e9l\u00e9 deux informations de taille. D&rsquo;abord, les deux suspects ont suivi une formation militaire dans un complexe du nord de Moscou appartenant au minist\u00e8re de la D\u00e9fense civile russe. Ensuite, des photos ont prouv\u00e9 qu&rsquo;avant la Pologne, les deux hommes s&rsquo;\u00e9taient rendus \u00e0 Berlin et \u00e0 Paris, o\u00f9 ils avaient appos\u00e9 d&rsquo;autres autocollants.<\/p>\n<blockquote class=\"jsx-2786790838 Quote__Text\"><p>Ces actions s&rsquo;inscrivent dans le cadre de la guerre hybride men\u00e9e par les services de s\u00e9curit\u00e9 russes<\/p><\/blockquote>\n<p> Ewa Karp-Sieklucka, juge lors du proc\u00e8s contre les deux agents russes<\/p>\n<p data-module=\"article-paragraph\" class=\"jsx-362436225 Paragraph\">Lors du proc\u00e8s, les procureurs ont donc syst\u00e9matiquement d\u00e9montr\u00e9 le r\u00e9seau de connexions entre ces deux hommes, Wagner, la sph\u00e8re ultranationaliste russe et d&rsquo;autres agents \u00e9troitement li\u00e9s aux services de renseignement du Kremlin. Au-del\u00e0 de ce qui pourrait \u00eatre consid\u00e9r\u00e9s comme des crimes isol\u00e9s, il s&rsquo;agissait d&rsquo;illustrer l&rsquo;objectif plus large dans lesquels ils s&rsquo;inscrivent : porter atteinte \u00e0 la s\u00e9curit\u00e9 nationale par des moyens non traditionnels. Soit, le c\u0153ur de la guerre hybride que m\u00e8ne la Russie \u00e0 l&rsquo;Europe.<\/p>\n<p data-module=\"article-paragraph\" class=\"jsx-362436225 Paragraph\">Devant la cour, la juge Ewa Karp-Sieklucka a \u00e9t\u00e9 claire. Alors que la guerre fait rage en Ukraine, \u00ab\u00a0ces actions visaient \u00e0 semer le doute sur la capacit\u00e9 de notre pays \u00e0 assurer sa s\u00e9curit\u00e9\u00a0\u00bb, a-t-elle expliqu\u00e9. \u00ab\u00a0Elles visaient \u00e0 nuire \u00e0 la Pologne et s&rsquo;inscrivent dans le cadre de la guerre hybride men\u00e9e par les services de s\u00e9curit\u00e9 russes.\u00a0\u00bb \u00ab\u00a0L&rsquo;objectif est toujours le m\u00eame : discr\u00e9diter, ridiculiser et affaiblir le potentiel social, politique et \u00e9conomique d&rsquo;un autre pays\u00a0\u00bb, a confirm\u00e9 le procureur, Tomasz Dudek, \u00e0 Meduza.\u00a0<\/p>\n<p data-module=\"article-paragraph\" class=\"jsx-362436225 Paragraph Paragraph__End\">Comme le souligne <a href=\"https:\/\/investigations.news-exchange.ebu.ch\/playing-with-fire-are-russias-hybrid-attacks-the-new-european-war\/ \" target=\"_blank\" rel=\"nofollow noopener\">un r\u00e9cent rapport (nouvelle fen\u00eatre)<\/a> de l&rsquo;Investigative Journalism Network, ces actions secr\u00e8tes d&rsquo;une nouvelle forme sont de plus en plus attribu\u00e9es \u00e0 des agents secrets \u00ab\u00a0jetables\u00a0\u00bb. Recrut\u00e9s sur Telegram ou d&rsquo;autres r\u00e9seaux sociaux russes, il s&rsquo;agit d&rsquo;individus anonymes en qu\u00eate d&rsquo;argent, principalement issus des diasporas ukrainiennes et bi\u00e9lorusses russophones. Peu co\u00fbteux, peu risqu\u00e9s, mais tr\u00e8s efficaces, leurs missions vont de la pose d&rsquo;affiches, \u00e0 la prise de photos d&rsquo;infrastructures strat\u00e9giques en passant par des actes de vandalisme. Reste d\u00e9sormais \u00e0 l&rsquo;Europe de se doter de l&rsquo;arsenal juridique pour sanctionner ces actions \u00e0 la hauteur de leur enjeu. \u00c0 l&rsquo;instar de ce qu&rsquo;a pu faire la Pologne. Andre\u00ef G. et Alexe\u00ef T ont tous les deux \u00e9t\u00e9 reconnus coupables de terrorisme et d&rsquo;espionnage.<\/p>\n<p>Felicia SIDERIS<\/p>\n","protected":false},"excerpt":{"rendered":"Un tribunal de Cracovie a condamn\u00e9 le 14 f\u00e9vrier deux Russes pour leur campagne de recrutement pour Wagner.Une&hellip;\n","protected":false},"author":2,"featured_media":23828,"comment_status":"","ping_status":"","sticky":false,"template":"","format":"standard","meta":{"footnotes":""},"categories":[1586],"tags":[1111,11,1921,5925,1777,674,8655,1011,27,1922,8201,12,626,2437,25,132,364,133,1920,8656],"class_list":{"0":"post-23827","1":"post","2":"type-post","3":"status-publish","4":"format-standard","5":"has-post-thumbnail","7":"category-europe","8":"tag-actu","9":"tag-actualites","10":"tag-article-video","11":"tag-conflits-et-guerre","12":"tag-eu","13":"tag-europe","14":"tag-evgueni-prigojine","15":"tag-fr","16":"tag-france","17":"tag-info","18":"tag-ingerence-etrangere","19":"tag-news","20":"tag-paris","21":"tag-pologne","22":"tag-republique-francaise","23":"tag-russie","24":"tag-union-europeenne","25":"tag-video","26":"tag-video-international","27":"tag-wagner"},"share_on_mastodon":{"url":"https:\/\/pubeurope.com\/@fr\/114335066580462080","error":""},"_links":{"self":[{"href":"https:\/\/www.europesays.com\/fr\/wp-json\/wp\/v2\/posts\/23827","targetHints":{"allow":["GET"]}}],"collection":[{"href":"https:\/\/www.europesays.com\/fr\/wp-json\/wp\/v2\/posts"}],"about":[{"href":"https:\/\/www.europesays.com\/fr\/wp-json\/wp\/v2\/types\/post"}],"author":[{"embeddable":true,"href":"https:\/\/www.europesays.com\/fr\/wp-json\/wp\/v2\/users\/2"}],"replies":[{"embeddable":true,"href":"https:\/\/www.europesays.com\/fr\/wp-json\/wp\/v2\/comments?post=23827"}],"version-history":[{"count":0,"href":"https:\/\/www.europesays.com\/fr\/wp-json\/wp\/v2\/posts\/23827\/revisions"}],"wp:featuredmedia":[{"embeddable":true,"href":"https:\/\/www.europesays.com\/fr\/wp-json\/wp\/v2\/media\/23828"}],"wp:attachment":[{"href":"https:\/\/www.europesays.com\/fr\/wp-json\/wp\/v2\/media?parent=23827"}],"wp:term":[{"taxonomy":"category","embeddable":true,"href":"https:\/\/www.europesays.com\/fr\/wp-json\/wp\/v2\/categories?post=23827"},{"taxonomy":"post_tag","embeddable":true,"href":"https:\/\/www.europesays.com\/fr\/wp-json\/wp\/v2\/tags?post=23827"}],"curies":[{"name":"wp","href":"https:\/\/api.w.org\/{rel}","templated":true}]}}