{"id":238270,"date":"2025-07-09T18:55:24","date_gmt":"2025-07-09T18:55:24","guid":{"rendered":"https:\/\/www.europesays.com\/fr\/238270\/"},"modified":"2025-07-09T18:55:24","modified_gmt":"2025-07-09T18:55:24","slug":"jean-pierre-hunckler-pour-remplacer-jean-pierre-siutat-a-la-tete-de-la-ffbb","status":"publish","type":"post","link":"https:\/\/www.europesays.com\/fr\/238270\/","title":{"rendered":"Jean-Pierre Hunckler pour remplacer Jean-Pierre Siutat \u00e0 la t\u00eate de la FFBB ?"},"content":{"rendered":"<p style=\"text-align:justify\"><strong>Dans un article paru aujourd\u2019hui sur L\u2019\u00c9quipe, Yann Ohnona s\u2019interroge sur l\u2019avenir de l\u2019\u00c9quipe de France et, par extension, de la FFBB. Stop ou encore pour Vincent Collet ? Pour Jean-P\u00eferre Siutat ? Et le cas \u00e9ch\u00e9ant\u2026 qui pour les remplacer ?<\/strong><\/p>\n<p style=\"text-align:justify\">Jean-Pierre Junckler, premier vice-pr\u00e9sident de la FFBB depuis 2010 et la nomination de Jean-Pierre Siutat \u00e0 la pr\u00e9sidence, est donc fortement pressenti pour remplace son +1 pour un prochain mandat, \u00e0 compter du 14 d\u00e9cembre prochain selon le Progr\u00e8s. Apr\u00e8s des JO sportivement r\u00e9ussis, le besoin de tourner une page se fait ressentir. D\u00e9j\u00e0 car cela fait donc 14 ans que JPS fait le taf tout en haut de la pyramide, avec les \u00e9normes succ\u00e8s que l\u2019on sait (deux finales olympiques, deux bronzes mondiaux, un titre de champion d\u2019Europe en 2013, deux m\u00e9dailles d\u2019argent et une de bronze aux Championnats d\u2019Europe). Puis, aussi, car on a appris il y a quelques jours que le pr\u00e9si n\u2019avait semble t-il plus vraiment pignon sur rue aupr\u00e8s des joueurs, apr\u00e8s la r\u00e9v\u00e9lation dans les m\u00e9dias d\u2019un clash qui aurait eu lieu \u00e0 Lille apr\u00e8s le dernier France \u2013 Allemagne.<\/p>\n<p style=\"text-align:justify\">Quoiqu\u2019il en soit, et <a href=\"https:\/\/trashtalk.co\/2024\/08\/14\/frederic-fauthoux-favori-pour-succeder-a-vincent-collet-a-la-tete-de-lequipe-de-france\/\" target=\"_blank\" rel=\"noopener\">alors que le nom de Fr\u00e9d\u00e9ric Fauthoux est donn\u00e9<\/a> \u2013 toujours par l\u2019Equipe \u2013 comme celui du principal favori pour le remplacement d\u2019un Vincent Collet lui aussi sur le d\u00e9part, on a donc un peu plus de certitudes quant au repreneur du plus haut poste du basket fran\u00e7ais. Jean-Pierre Siutat, Jean-Pierre Junckler\u2026 si on nous avait dit que le pr\u00e9nom \u00e9tait un plus sur le CV on vous aurait bien propos\u00e9 Jean-Pierre Papin, Jean-Pierre Coffe ou Jean-Pierre Mader. On suivra en tout cas dans les prochains jours cette potentielle passation de pouvoir, et le d\u00e9part annonc\u00e9 d\u2019un groupe d\u2019hommes ayant amen\u00e9 le basket fran\u00e7ais au sommet du basket mondial. Et \u00e7a, c\u2019est un fait.<\/p>\n","protected":false},"excerpt":{"rendered":"Dans un article paru aujourd\u2019hui sur L\u2019\u00c9quipe, Yann Ohnona s\u2019interroge sur l\u2019avenir de l\u2019\u00c9quipe de France et, par&hellip;\n","protected":false},"author":2,"featured_media":238271,"comment_status":"","ping_status":"","sticky":false,"template":"","format":"standard","meta":{"footnotes":""},"categories":[1414],"tags":[1465,1464,1011,27,60],"class_list":{"0":"post-238270","1":"post","2":"type-post","3":"status-publish","4":"format-standard","5":"has-post-thumbnail","7":"category-basket","8":"tag-basket","9":"tag-basketball","10":"tag-fr","11":"tag-france","12":"tag-sports"},"share_on_mastodon":{"url":"https:\/\/pubeurope.com\/@fr\/114824801411438947","error":""},"_links":{"self":[{"href":"https:\/\/www.europesays.com\/fr\/wp-json\/wp\/v2\/posts\/238270","targetHints":{"allow":["GET"]}}],"collection":[{"href":"https:\/\/www.europesays.com\/fr\/wp-json\/wp\/v2\/posts"}],"about":[{"href":"https:\/\/www.europesays.com\/fr\/wp-json\/wp\/v2\/types\/post"}],"author":[{"embeddable":true,"href":"https:\/\/www.europesays.com\/fr\/wp-json\/wp\/v2\/users\/2"}],"replies":[{"embeddable":true,"href":"https:\/\/www.europesays.com\/fr\/wp-json\/wp\/v2\/comments?post=238270"}],"version-history":[{"count":0,"href":"https:\/\/www.europesays.com\/fr\/wp-json\/wp\/v2\/posts\/238270\/revisions"}],"wp:featuredmedia":[{"embeddable":true,"href":"https:\/\/www.europesays.com\/fr\/wp-json\/wp\/v2\/media\/238271"}],"wp:attachment":[{"href":"https:\/\/www.europesays.com\/fr\/wp-json\/wp\/v2\/media?parent=238270"}],"wp:term":[{"taxonomy":"category","embeddable":true,"href":"https:\/\/www.europesays.com\/fr\/wp-json\/wp\/v2\/categories?post=238270"},{"taxonomy":"post_tag","embeddable":true,"href":"https:\/\/www.europesays.com\/fr\/wp-json\/wp\/v2\/tags?post=238270"}],"curies":[{"name":"wp","href":"https:\/\/api.w.org\/{rel}","templated":true}]}}