{"id":238272,"date":"2025-07-09T18:56:12","date_gmt":"2025-07-09T18:56:12","guid":{"rendered":"https:\/\/www.europesays.com\/fr\/238272\/"},"modified":"2025-07-09T18:56:12","modified_gmt":"2025-07-09T18:56:12","slug":"martin-en-piste-sur-une-motogp-a-misano","status":"publish","type":"post","link":"https:\/\/www.europesays.com\/fr\/238272\/","title":{"rendered":"Mart\u00edn en piste sur une MotoGP\u2122 \u00e0 Misano"},"content":{"rendered":"<p>Ce mercredi, Jorge Mart\u00edn (Aprilia Racing) \u00e9tait de retour sur la RS-GP25 d&rsquo;Aprilia Racing au circuit Marco Simoncelli de Misano, o\u00f9 le Champion du Monde MotoGP\u2122 en titre a pris part \u00e0 un test priv\u00e9 avant son retour tr\u00e8s attendu en Grand Prix, <a href=\"https:\/\/www.motogp.com\/fr\/news\/2025\/07\/09\/martin-set-for-racing-return-at-czech-gp\/753920\" rel=\"nofollow noopener\" target=\"_blank\"><strong>fix\u00e9 \u00e0 la semaine prochaine<\/strong><\/a>, \u00e0 condition de recevoir le feu vert des m\u00e9decins.<\/p>\n<p>L&rsquo;Espagnol a effectu\u00e9 une s\u00e9rie de relais en utilisant les trois trains de pneus disponibles, comme le stipule la r\u00e9gulation pour les pilotes de retour de blessure introduite cette saison. Absent depuis sa chute au GP du Qatar le 13 avril dernier, l&rsquo;Espagnol \u00e9tait en qu\u00eate de sensations aujourd&rsquo;hui et a boucl\u00e9 pas moins de 64 tours.<\/p>\n<p>Profite de quelques images du n\u00b01 en piste ci-dessous et d\u00e9couvre ses impressions \u00e0 l&rsquo;issue de cette journ\u00e9e particuli\u00e8re.<\/p>\n<p>\n                                Jorge Martin lapping around Misano with the RS-GP25\n                        <\/p>\n<p>\n                                Jorge Martin lapping around Misano with the RS-GP25\n                        <\/p>\n<p>\n                                Jorge Martin lapping around Misano with the RS-GP25\n                        <\/p>\n<p>\n                                Jorge Martin lapping around Misano with the RS-GP25\n                        <\/p>\n<p>\n                                Jorge Martin lapping around Misano with the RS-GP25\n                        <\/p>\n<p>\n                                Jorge Martin lapping around Misano with the RS-GP25\n                        <\/p>\n<p>\n                                Jorge Martin lapping around Misano with the RS-GP25\n                        <\/p>\n<p>\n                                Jorge Martin lapping around Misano with the RS-GP25\n                        <\/p>\n","protected":false},"excerpt":{"rendered":"Ce mercredi, Jorge Mart\u00edn (Aprilia Racing) \u00e9tait de retour sur la RS-GP25 d&rsquo;Aprilia Racing au circuit Marco Simoncelli&hellip;\n","protected":false},"author":2,"featured_media":238273,"comment_status":"","ping_status":"","sticky":false,"template":"","format":"standard","meta":{"footnotes":""},"categories":[1413],"tags":[1011,27,1457,1456,60,2032],"class_list":{"0":"post-238272","1":"post","2":"type-post","3":"status-publish","4":"format-standard","5":"has-post-thumbnail","7":"category-moto","8":"tag-fr","9":"tag-france","10":"tag-moto","11":"tag-motocycle","12":"tag-sports","13":"tag-text"},"share_on_mastodon":{"url":"https:\/\/pubeurope.com\/@fr\/114824805353193625","error":""},"_links":{"self":[{"href":"https:\/\/www.europesays.com\/fr\/wp-json\/wp\/v2\/posts\/238272","targetHints":{"allow":["GET"]}}],"collection":[{"href":"https:\/\/www.europesays.com\/fr\/wp-json\/wp\/v2\/posts"}],"about":[{"href":"https:\/\/www.europesays.com\/fr\/wp-json\/wp\/v2\/types\/post"}],"author":[{"embeddable":true,"href":"https:\/\/www.europesays.com\/fr\/wp-json\/wp\/v2\/users\/2"}],"replies":[{"embeddable":true,"href":"https:\/\/www.europesays.com\/fr\/wp-json\/wp\/v2\/comments?post=238272"}],"version-history":[{"count":0,"href":"https:\/\/www.europesays.com\/fr\/wp-json\/wp\/v2\/posts\/238272\/revisions"}],"wp:featuredmedia":[{"embeddable":true,"href":"https:\/\/www.europesays.com\/fr\/wp-json\/wp\/v2\/media\/238273"}],"wp:attachment":[{"href":"https:\/\/www.europesays.com\/fr\/wp-json\/wp\/v2\/media?parent=238272"}],"wp:term":[{"taxonomy":"category","embeddable":true,"href":"https:\/\/www.europesays.com\/fr\/wp-json\/wp\/v2\/categories?post=238272"},{"taxonomy":"post_tag","embeddable":true,"href":"https:\/\/www.europesays.com\/fr\/wp-json\/wp\/v2\/tags?post=238272"}],"curies":[{"name":"wp","href":"https:\/\/api.w.org\/{rel}","templated":true}]}}