{"id":238274,"date":"2025-07-09T18:57:16","date_gmt":"2025-07-09T18:57:16","guid":{"rendered":"https:\/\/www.europesays.com\/fr\/238274\/"},"modified":"2025-07-09T18:57:16","modified_gmt":"2025-07-09T18:57:16","slug":"retour-reussi-pour-martin-aprilia-confirme-quil-ira-a-brno","status":"publish","type":"post","link":"https:\/\/www.europesays.com\/fr\/238274\/","title":{"rendered":"Retour r\u00e9ussi pour Mart\u00edn, Aprilia confirme qu&rsquo;il ira \u00e0 Brno"},"content":{"rendered":"<p><a href=\"https:\/\/fr.motorsport.com\/driver\/jorge-martin\/109391\/\" target=\"_blank\" rel=\"noopener\">Jorge Mart\u00edn<\/a> a boucl\u00e9 une journ\u00e9e de reprise positive pour lui, \u00e0 en juger par le commentaire enthousiaste qu&rsquo;il a livr\u00e9. Le champion du monde en titre \u00e9tait \u00e0 Misano ce mercredi pour passer un cap d\u00e9cisif dans son retour, puisque le test men\u00e9 au guidon de l&rsquo;Aprilia RS-GP devait valider sa capacit\u00e9 \u00e0 piloter sa MotoGP sans encombre.<\/p>\n<p>Gravement bless\u00e9 mi-avril lors du GP du Qatar, le seul qu&rsquo;il ait pu disputer jusqu&rsquo;ici cette saison, Mart\u00edn a eu besoin de temps pour soigner de multiples fractures aux c\u00f4tes et les cons\u00e9quences d&rsquo;un h\u00e9mopneumothorax. On l&rsquo;a revu bri\u00e8vement au guidon d&rsquo;une moto de s\u00e9rie \u00e0 l&rsquo;occasion de l&rsquo;\u00e9v\u00e9nement <a href=\"https:\/\/fr.motorsport.com\/motogp\/galleries\/photos-motogp-aprilia-all-stars-2025\/8334\/\" target=\"_self\" rel=\"noopener\">Aprilia All Stars<\/a>, il y a un mois, et surtout la semaine derni\u00e8re pour <a href=\"https:\/\/fr.motorsport.com\/motogp\/news\/jorge-martin-coulisses-retour-moto-piste\/10740413\/\" target=\"_self\" rel=\"noopener\">un test priv\u00e9 de deux jours \u00e0 Barcelone, dans une chaleur \u00e9touffante<\/a>.<\/p>\n<p>Ce mercredi, il s&rsquo;agissait d&rsquo;un exercice plus intense encore, puisqu&rsquo;il retrouvait pour la premi\u00e8re fois la RS-GP qu&rsquo;il ne conna\u00eet que tr\u00e8s peu. Avant sa participation au GP du Qatar, il a en effet manqu\u00e9 la quasi-totalit\u00e9 des essais hivernaux puisqu&rsquo;il a \u00e9t\u00e9 accident\u00e9 d\u00e8s le premier jour de piste de cette ann\u00e9e, puis \u00e0 nouveau lors d&rsquo;un entra\u00eenement juste avant le premier Grand Prix. Des nombreuses l\u00e9sions subies, une fracture du scapho\u00efde a notamment requis de longs soins.<\/p>\n<p>Au guidon de la moto de course, Jorge\u00a0Mart\u00edn a r\u00e9alis\u00e9 29 tours de piste ce matin, puis 35 autres cet apr\u00e8s-midi. Dans une d\u00e9claration transmise par Aprilia, l&rsquo;Espagnol s&rsquo;est dit tr\u00e8s heureux de ce qu&rsquo;il a ressenti et impatient de reprendre d\u00e9sormais la comp\u00e9tition.<\/p>\n<p>\u00a0<\/p>\n<p>\u00ab\u00a0Je suis tr\u00e8s, tr\u00e8s heureux d&rsquo;\u00eatre ici\u00a0\u00bb, explique-t-il. \u00ab\u00a0\u00c7a a \u00e9t\u00e9 un parcours difficile avant d&rsquo;en arriver finalement \u00e0 piloter \u00e0 nouveau une MotoGP au bout de trois mois. C&rsquo;est dommage que j&rsquo;aie \u00e9t\u00e9 tellement souvent bless\u00e9 et de ne pas pouvoir faire toute la saison, mais je suis maintenant de retour et c&rsquo;est le plus important.\u00a0\u00bb<\/p>\n<p>\u00ab\u00a0J&rsquo;ai vraiment h\u00e2te de revenir, parce que mes sensations ont \u00e9t\u00e9 tr\u00e8s bonnes aujourd&rsquo;hui. Je trouve qu&rsquo;on a fait du tr\u00e8s bon boulot d\u00e8s le d\u00e9but, en en faisant de plus en plus au fil de la journ\u00e9e. Au final, on a r\u00e9ussi \u00e0 abattre un gros travail alors je suis tr\u00e8s content et je suis pr\u00eat pour ce qui arrive.\u00a0\u00bb<\/p>\n<p>   <img decoding=\"async\" draggable=\"false\" src=\"https:\/\/www.europesays.com\/fr\/wp-content\/uploads\/2025\/07\/1752087436_287_jorge-martin-aprilia-racing.jpg\" alt=\"Jorge Mart\u00edn \u00e0 Misano aujourd'hui.\" width=\"1200\" height=\"800\" loading=\"lazy\"\/> <\/p>\n<p class=\"title\">Jorge Mart\u00edn \u00e0 Misano aujourd&rsquo;hui.<\/p>\n<p class=\"photographer\">Photo de: Aprilia Racing<\/p>\n<p>\u00ab\u00a0Le plan est que je revienne \u00e0 Brno, donc j&rsquo;esp\u00e8re que tout va bien se passer dans la semaine \u00e0 venir, que je vais pouvoir m&rsquo;entra\u00eener normalement\u00a0\u00bb,\u00a0ajoute Jorge\u00a0Mart\u00edn, qui a pr\u00e9alablement re\u00e7u l&rsquo;aval de ses m\u00e9decins personnels pour r\u00e9aliser ce test dans le but de courir \u00e0 Brno. Ceux-ci avaient en revanche <a href=\"https:\/\/fr.motorsport.com\/motogp\/news\/martin-autorise-test-pas-disputer-course\/10738023\/\" target=\"_self\" rel=\"noopener\">exclu sa participation au GP d&rsquo;Allemagne<\/a>, qui a lieu cette semaine.<\/p>\n<p>Aprilia a \u00e9galement confirm\u00e9 ce soir que son pilote se rendrait en R\u00e9publique tch\u00e8que la semaine prochaine dans le but de disputer ce 12e Grand Prix de l&rsquo;ann\u00e9e, le dernier avant une pause estivale de pr\u00e8s d&rsquo;un mois. Comme tout pilote ayant \u00e9t\u00e9 bless\u00e9, il devra passer le contr\u00f4le m\u00e9dical obligatoire sur place, \u00e0 la veille des premiers essais, afin d&rsquo;obtenir l&rsquo;accord d\u00e9finitif de reprendre la piste, ce qui sera alors une formalit\u00e9.<\/p>\n<p>Le test de ce mercredi \u00e0 Misano a permis \u00e0 Jorge\u00a0Mart\u00edn de commencer \u00e0 se pr\u00e9parer \u00e0 ce retour, en travaillant notamment sur l&rsquo;ergonomie de sa position sur la moto. Depuis le d\u00e9but de l&rsquo;ann\u00e9e, c&rsquo;est son co\u00e9quipier <a href=\"https:\/\/fr.motorsport.com\/driver\/marco-bezzecchi\/441839\/\" target=\"_blank\" rel=\"noopener\">Marco Bezzecchi<\/a> qui a pris \u00e0 sa charge la majeure partie du d\u00e9veloppement, \u00e9paul\u00e9 par le pilote essayeur <a href=\"https:\/\/fr.motorsport.com\/driver\/lorenzo-savadori\/408147\/\" target=\"_blank\" rel=\"noopener\">Lorenzo Savadori<\/a>, avec \u00e0 la cl\u00e9 une victoire et des r\u00e9sultats qui le placent aujourd&rsquo;hui sixi\u00e8me du championnat.<\/p>\n<p>La situation d&rsquo;Aprilia est n\u00e9anmoins tendue, car en coulisses se joue d\u00e9j\u00e0 l&rsquo;avenir du champion en titre dans l&rsquo;\u00e9quipe, sur fond de conflit autour d&rsquo;une clause de son contrat dont il souhaite profiter pour s&rsquo;en aller d\u00e8s la fin de l&rsquo;ann\u00e9e.<\/p>\n<p>Lire aussi :<\/p>\n<p>Dans cet article<\/p>\n<p>Soyez le premier inform\u00e9 et souscrivez aux alertes mails pour recevoir les infos en temps r\u00e9el<\/p>\n<p>    S&rsquo;abonner aux alertes de news<\/p>\n","protected":false},"excerpt":{"rendered":"Jorge Mart\u00edn a boucl\u00e9 une journ\u00e9e de reprise positive pour lui, \u00e0 en juger par le commentaire enthousiaste&hellip;\n","protected":false},"author":2,"featured_media":238275,"comment_status":"","ping_status":"","sticky":false,"template":"","format":"standard","meta":{"footnotes":""},"categories":[1412],"tags":[3563,37813,1451,1452,1453,1454,1455,1011,27,37812,3564,1458,60],"class_list":{"0":"post-238274","1":"post","2":"type-post","3":"status-publish","4":"format-standard","5":"has-post-thumbnail","7":"category-f1","8":"tag-aprilia-racing-team","9":"tag-brno-circuit","10":"tag-f1","11":"tag-formula-1","12":"tag-formula1","13":"tag-formule-1","14":"tag-formule1","15":"tag-fr","16":"tag-france","17":"tag-gp-de-ru00e9publique-tchu00e8que","18":"tag-jorge-martu00edn","19":"tag-motogp","20":"tag-sports"},"share_on_mastodon":{"url":"https:\/\/pubeurope.com\/@fr\/114824809587215645","error":""},"_links":{"self":[{"href":"https:\/\/www.europesays.com\/fr\/wp-json\/wp\/v2\/posts\/238274","targetHints":{"allow":["GET"]}}],"collection":[{"href":"https:\/\/www.europesays.com\/fr\/wp-json\/wp\/v2\/posts"}],"about":[{"href":"https:\/\/www.europesays.com\/fr\/wp-json\/wp\/v2\/types\/post"}],"author":[{"embeddable":true,"href":"https:\/\/www.europesays.com\/fr\/wp-json\/wp\/v2\/users\/2"}],"replies":[{"embeddable":true,"href":"https:\/\/www.europesays.com\/fr\/wp-json\/wp\/v2\/comments?post=238274"}],"version-history":[{"count":0,"href":"https:\/\/www.europesays.com\/fr\/wp-json\/wp\/v2\/posts\/238274\/revisions"}],"wp:featuredmedia":[{"embeddable":true,"href":"https:\/\/www.europesays.com\/fr\/wp-json\/wp\/v2\/media\/238275"}],"wp:attachment":[{"href":"https:\/\/www.europesays.com\/fr\/wp-json\/wp\/v2\/media?parent=238274"}],"wp:term":[{"taxonomy":"category","embeddable":true,"href":"https:\/\/www.europesays.com\/fr\/wp-json\/wp\/v2\/categories?post=238274"},{"taxonomy":"post_tag","embeddable":true,"href":"https:\/\/www.europesays.com\/fr\/wp-json\/wp\/v2\/tags?post=238274"}],"curies":[{"name":"wp","href":"https:\/\/api.w.org\/{rel}","templated":true}]}}