{"id":238276,"date":"2025-07-09T18:58:10","date_gmt":"2025-07-09T18:58:10","guid":{"rendered":"https:\/\/www.europesays.com\/fr\/238276\/"},"modified":"2025-07-09T18:58:10","modified_gmt":"2025-07-09T18:58:10","slug":"tdf-tour-de-france-matteo-jorgenson-un-probleme-aerodynamique-ou-de-puissance","status":"publish","type":"post","link":"https:\/\/www.europesays.com\/fr\/238276\/","title":{"rendered":"TDF. Tour de France &#8211; Matteo Jorgenson : \u00abUn probl\u00e8me a\u00e9rodynamique ou de puissance\u00bb"},"content":{"rendered":"<p>Journ\u00e9e morose pour<strong> Visma | Lease a Bike<\/strong> sur la 5e \u00e9tape du<strong> <a href=\"https:\/\/www.cyclismactu.net\/..\/news-tdf-route-tour-de-france-evenepoel-chrono-de-5e-etape-pogacar-ecrase-vingegaard-88825.html\" target=\"_blank\" rel=\"nofollow noopener\">Tour de France<\/a><\/strong>, un contre-la-montre individuel qui a fait de gros \u00e9carts. Si<strong> Edoardo Affini<\/strong> a sauv\u00e9 l&rsquo;honneur avec une belle 3e place, les deux leaders de l&rsquo;\u00e9quipe,<strong> Matteo Jorgenson<\/strong> et <strong>Jonas Vingegaard<\/strong>, ont d\u00e9\u00e7u. L\u2019Am\u00e9ricain, pourtant solide depuis le d\u00e9part, n\u2019a pas trouv\u00e9 le bon rythme sur ce parcours exigeant. Il termine 11e \u00e0 1&rsquo;19\u00a0\u00bb du vainqueur, loin de ses ambitions et de ses concurrents directs. Jonas Vingegaard, lui aussi en retrait, finit 13e \u00e0 1&rsquo;21\u00a0\u00bb, conc\u00e9dant notamment 1&rsquo;05\u00a0\u00bb \u00e0 son grand rival <strong>Tadej Pogacar <\/strong>(UAE Team Emirates &#8211; XRG), qui en a profit\u00e9 pour endosser le Maillot Jaune.<\/p>\n<p>Vid\u00e9o &#8211; Matteo Jorgenson \u00e0 l&rsquo;arriv\u00e9e de cette 5e \u00e9tape Lire la suite de l&rsquo;article&#13;<\/p>\n<p>\u00a0<\/p>\n<p>&#13;<br \/>\n\u00ab\u00a0Il faudra qu\u2019on analyse cela\u00a0\u00bb&#13;<\/p>\n<p>\u00ab\u00a0J\u2019ai tir\u00e9 le meilleur de moi-m\u00eame, mais il faut encore analyser ce qui s\u2019est vraiment pass\u00e9.\u00a0Quand je regarde mes watts et mes sensations, je ne peux que dire que j\u2019ai tout donn\u00e9. J\u2019ai bien g\u00e9r\u00e9 mon effort, techniquement je me suis senti \u00e0 l\u2019aise. Je n\u2019ai rien perdu dans les virages, donc ce doit \u00eatre un probl\u00e8me a\u00e9rodynamique ou de puissance. Et il faudra qu\u2019on analyse cela\u00a0\u00bb, a d\u00e9clar\u00e9 <strong>Jorgenson <\/strong>au micro de plusieurs m\u00e9dias, dont <strong>Cyclism&rsquo;Actu<\/strong>. \u00ab\u00a0Je me suis senti bien, et je peux dire que je me sentais rapide. Je suis satisfait des watts que j\u2019ai produits. Le vent \u00e9tait plus fort que lors de la reconnaissance, mais c\u2019\u00e9tait le cas pour tous les coureurs du g\u00e9n\u00e9ral. Ce n\u2019est donc pas l\u00e0 qu\u2019il faut chercher la cause.\u00a0\u00bb<\/p>\n<p>&#13;<\/p>\n<p>Du c\u00f4t\u00e9 du mat\u00e9riel, rien n\u2019a chang\u00e9, assure <strong>Jorgenson<\/strong>, qui avait termin\u00e9 3e du chrono au <strong>Crit\u00e9rium du Dauphin\u00e9<\/strong> r\u00e9cemment. \u00ab\u00a0C\u2019est sur ce v\u00e9lo que je m\u2019entra\u00eene depuis le d\u00e9but de l\u2019ann\u00e9e. \u00c9tions-nous surpris ? En g\u00e9n\u00e9ral, je ne re\u00e7ois aucune information sur les \u00e9carts pendant les chronos, mais cette fois, j\u2019ai clairement le sentiment que ce n\u2019est pas le r\u00e9sultat que nous attendions ni esp\u00e9rions.\u00a0\u00bb<\/p>\n<p>Tour de France &#8211; Classement de la 5\u00e8 \u00e9tape Tour de France &#8211; Classement g\u00e9n\u00e9ral provisoire apr\u00e8s la 5\u00e8 \u00e9tape<\/p>\n","protected":false},"excerpt":{"rendered":"Journ\u00e9e morose pour Visma | Lease a Bike sur la 5e \u00e9tape du Tour de France, un contre-la-montre&hellip;\n","protected":false},"author":2,"featured_media":238277,"comment_status":"","ping_status":"","sticky":false,"template":"","format":"standard","meta":{"footnotes":""},"categories":[1411],"tags":[1154,207,211,1011,27,209,60,210,212,208,213],"class_list":{"0":"post-238276","1":"post","2":"type-post","3":"status-publish","4":"format-standard","5":"has-post-thumbnail","7":"category-cyclisme","8":"tag-cycling","9":"tag-cyclisme","10":"tag-ffc","11":"tag-fr","12":"tag-france","13":"tag-route","14":"tag-sports","15":"tag-tour-de-france","16":"tag-uci","17":"tag-velo","18":"tag-world-tour"},"share_on_mastodon":{"url":"https:\/\/pubeurope.com\/@fr\/114824813590161521","error":""},"_links":{"self":[{"href":"https:\/\/www.europesays.com\/fr\/wp-json\/wp\/v2\/posts\/238276","targetHints":{"allow":["GET"]}}],"collection":[{"href":"https:\/\/www.europesays.com\/fr\/wp-json\/wp\/v2\/posts"}],"about":[{"href":"https:\/\/www.europesays.com\/fr\/wp-json\/wp\/v2\/types\/post"}],"author":[{"embeddable":true,"href":"https:\/\/www.europesays.com\/fr\/wp-json\/wp\/v2\/users\/2"}],"replies":[{"embeddable":true,"href":"https:\/\/www.europesays.com\/fr\/wp-json\/wp\/v2\/comments?post=238276"}],"version-history":[{"count":0,"href":"https:\/\/www.europesays.com\/fr\/wp-json\/wp\/v2\/posts\/238276\/revisions"}],"wp:featuredmedia":[{"embeddable":true,"href":"https:\/\/www.europesays.com\/fr\/wp-json\/wp\/v2\/media\/238277"}],"wp:attachment":[{"href":"https:\/\/www.europesays.com\/fr\/wp-json\/wp\/v2\/media?parent=238276"}],"wp:term":[{"taxonomy":"category","embeddable":true,"href":"https:\/\/www.europesays.com\/fr\/wp-json\/wp\/v2\/categories?post=238276"},{"taxonomy":"post_tag","embeddable":true,"href":"https:\/\/www.europesays.com\/fr\/wp-json\/wp\/v2\/tags?post=238276"}],"curies":[{"name":"wp","href":"https:\/\/api.w.org\/{rel}","templated":true}]}}