{"id":238292,"date":"2025-07-09T19:06:14","date_gmt":"2025-07-09T19:06:14","guid":{"rendered":"https:\/\/www.europesays.com\/fr\/238292\/"},"modified":"2025-07-09T19:06:14","modified_gmt":"2025-07-09T19:06:14","slug":"un-changement-radical-un-an-apres-leur-deploiement-les-bornes-antimoustiques-redonnent-le-sourire-aux-habitants-du-cannet","status":"publish","type":"post","link":"https:\/\/www.europesays.com\/fr\/238292\/","title":{"rendered":"\u00ab\u00a0Un changement radical\u00a0\u00bb: un an apr\u00e8s leur d\u00e9ploiement, les bornes antimoustiques redonnent le sourire aux habitants du Cannet"},"content":{"rendered":"<p>Depuis plus d\u2019un an, du c\u00f4t\u00e9 du Cannet, dans la lutte contre le moustique tigre, on a fait <a href=\"https:\/\/www.nicematin.com\/vie-locale\/face-aux-moustiques-la-ville-du-cannet-deploie-des-bornes-qui-simulent-l-odeur-corporelle--917082\" rel=\"nofollow noopener\" target=\"_blank\">le pari des bornes antimoustiques<\/a> qui \u00e9vitent le recours aux insecticides.<\/p>\n<p>\u00ab\u00a0Comme ailleurs dans le d\u00e9partement \u00e7a devenait invivable dans certains secteurs livre Marc Occelli, l\u2019adjoint d\u00e9l\u00e9gu\u00e9 \u00e0 l\u2019Environnement charg\u00e9 de mener la lutte. Les restaurateurs, notamment dans le vieux-Cannet, les riverains\u2026 tout le monde se plaint. Ces moustiques sont devenus en quelques ann\u00e9es un v\u00e9ritable fl\u00e9au qui d\u00e9marre d\u00e8s le printemps et se termine \u00e0 la fin de l\u2019automne. Pour l\u2019enrayer on a d\u2019abord test\u00e9 quelques bornes \u00e0 des endroits strat\u00e9giques, comme par exemple une cr\u00e8che et une r\u00e9sidence. Elles se sont av\u00e9r\u00e9es vraiment efficaces, certifie l\u2019\u00e9lu. Et depuis l\u2019ann\u00e9e derni\u00e8re nous en avons install\u00e9 vingt sur toute la commune. Leur rayon d\u2019action peut atteindre jusqu\u2019\u00e0 60 m\u00e8tres, elles sont plac\u00e9es entre avril et octobre dans plusieurs endroits de la ville qui sont consid\u00e9r\u00e9s comme les plus \u00e0 m\u00eame d\u2019\u00eatre touch\u00e9s par les moustiques.\u00a0\u00bb<\/p>\n<p>Une politique antimoustique qui a un co\u00fbt puisque chaque borne revient \u00e0 1.000 euros pi\u00e8ce, sans l\u2019entretien.<\/p>\n<p>                                Sans produit chimique, ni bruit <\/p>\n<p>Visuellement, cela ressemble \u00e0 une grosse bo\u00eete. C\u2019est \u00e0 l\u2019int\u00e9rieur de celle-ci que se trouve une machine redoutable qui va disperser du dioxyde de carbone pour imiter la respiration humaine ainsi qu\u2019un leurre olfactif qui simule l\u2019odeur corporelle, toujours humaine.<\/p>\n<p>Les moustiques n\u2019y r\u00e9sistent pas. Ils sont attir\u00e9s et aspir\u00e9s par la borne. Tout ceci sans aucun produit chimique, ni bruit ni odeur. La machine ne prend pas non plus au pi\u00e8ge les autres insectes comme les abeilles ou coccinelles.<\/p>\n<p>\u00ab\u00a0Les bacs sont relev\u00e9s toutes les semaines, je suis incapable de vous dire combien de moustiques sont pi\u00e9g\u00e9s, mais les bacs d\u2019un litre sont pleins \u00e0 chaque fois, ajoute l\u2019\u00e9lu. Et puis surtout, l\u00e0 o\u00f9 sont install\u00e9es les bornes, les moustiques d\u00e9rangent moins. Par contre elles doivent \u00eatre install\u00e9es \u00e0 un endroit strat\u00e9gique: d\u00e9port\u00e9es du lieu de vie \u00e0 une cinquantaine de m\u00e8tres en amont et en tenant compte du sens du vent.\u00a0\u00bb<\/p>\n<p>R\u00e9my est le g\u00e9rant de La Maison Bellevue, dans le vieux-Cannet et il confirme \u00ab\u00a0un changement radical avant et apr\u00e8s la borne\u00a0\u00bb. \u00ab\u00a0Avec la pr\u00e9sence constante des moustiques, \u00e7a devenait tr\u00e8s compliqu\u00e9 de travailler, en terrasse les clients se plaignaient \u00e0 juste titre. La borne a \u00e9t\u00e9 install\u00e9e l\u2019ann\u00e9e derni\u00e8re au milieu de la place et \u00e7a va beaucoup mieux.\u00a0\u00bb<\/p>\n<p>Dans cette commune, depuis l\u2019installation des bornes, \u00ab\u00a0aucun cas de dengue n\u2019a \u00e9t\u00e9 d\u00e9tect\u00e9, indique l\u2019\u00e9lu. Mais il faut rester vigilant et nous menons la lutte sur plusieurs fronts. En plus de ces bornes, nous avons aussi install\u00e9 des pi\u00e8ges pondoirs pour les femelles et nous r\u00e9pandons du larvicide dans les lieux o\u00f9 l\u2019eau \u00e0 tendance \u00e0 stagner.\u00a0\u00bb<\/p>\n<p>Il ajoute \u00ab\u00a0la lutte doit \u00eatre collective, on ne gagnera que comme \u00e7a. En plus de nos actions, nous multiplions les messages \u00e0 la population concernant les eaux stagnantes dans les jardins. Et nous invitons les Cannettans qui le peuvent et le souhaitent \u00e0 s\u2019\u00e9quiper de ces bornes redoutablement efficaces.\u00a0\u00bb<\/p>\n","protected":false},"excerpt":{"rendered":"Depuis plus d\u2019un an, du c\u00f4t\u00e9 du Cannet, dans la lutte contre le moustique tigre, on a fait&hellip;\n","protected":false},"author":2,"featured_media":238293,"comment_status":"","ping_status":"","sticky":false,"template":"","format":"standard","meta":{"footnotes":""},"categories":[10],"tags":[1011,27,72,71],"class_list":{"0":"post-238292","1":"post","2":"type-post","3":"status-publish","4":"format-standard","5":"has-post-thumbnail","7":"category-sante","8":"tag-fr","9":"tag-france","10":"tag-health","11":"tag-sante"},"share_on_mastodon":{"url":"https:\/\/pubeurope.com\/@fr\/114824844628471269","error":""},"_links":{"self":[{"href":"https:\/\/www.europesays.com\/fr\/wp-json\/wp\/v2\/posts\/238292","targetHints":{"allow":["GET"]}}],"collection":[{"href":"https:\/\/www.europesays.com\/fr\/wp-json\/wp\/v2\/posts"}],"about":[{"href":"https:\/\/www.europesays.com\/fr\/wp-json\/wp\/v2\/types\/post"}],"author":[{"embeddable":true,"href":"https:\/\/www.europesays.com\/fr\/wp-json\/wp\/v2\/users\/2"}],"replies":[{"embeddable":true,"href":"https:\/\/www.europesays.com\/fr\/wp-json\/wp\/v2\/comments?post=238292"}],"version-history":[{"count":0,"href":"https:\/\/www.europesays.com\/fr\/wp-json\/wp\/v2\/posts\/238292\/revisions"}],"wp:featuredmedia":[{"embeddable":true,"href":"https:\/\/www.europesays.com\/fr\/wp-json\/wp\/v2\/media\/238293"}],"wp:attachment":[{"href":"https:\/\/www.europesays.com\/fr\/wp-json\/wp\/v2\/media?parent=238292"}],"wp:term":[{"taxonomy":"category","embeddable":true,"href":"https:\/\/www.europesays.com\/fr\/wp-json\/wp\/v2\/categories?post=238292"},{"taxonomy":"post_tag","embeddable":true,"href":"https:\/\/www.europesays.com\/fr\/wp-json\/wp\/v2\/tags?post=238292"}],"curies":[{"name":"wp","href":"https:\/\/api.w.org\/{rel}","templated":true}]}}