{"id":238298,"date":"2025-07-09T19:10:11","date_gmt":"2025-07-09T19:10:11","guid":{"rendered":"https:\/\/www.europesays.com\/fr\/238298\/"},"modified":"2025-07-09T19:10:11","modified_gmt":"2025-07-09T19:10:11","slug":"la-directrice-generale-du-reseau-social-x-linda-yaccarino-demissionne-actualites","status":"publish","type":"post","link":"https:\/\/www.europesays.com\/fr\/238298\/","title":{"rendered":"La directrice g\u00e9n\u00e9rale du r\u00e9seau social X, Linda Yaccarino, d\u00e9missionne : Actualit\u00e9s"},"content":{"rendered":"<p class=\"lead \">La directrice g\u00e9n\u00e9rale du r\u00e9seau social X, Linda Yaccarino, a annonc\u00e9 mercredi qu&rsquo;elle allait quitter ses fonctions, sans pr\u00e9ciser les raisons de son d\u00e9part, alors qu&rsquo;une nouvelle pol\u00e9mique secoue la plateforme d&rsquo;Elon Musk autour de son assistant IA Grok.<\/p>\n<p class=\"lead \">Tout juste deux ans apr\u00e8s avoir pris la t\u00eate de l&rsquo;entreprise, la dirigeante s&rsquo;est dite \u00ab\u00a0immens\u00e9ment reconnaissante\u00a0\u00bb envers le milliardaire \u00ab\u00a0pour sa confiance\u00a0\u00bb dans un message sur X, ajoutant \u00eatre \u00ab\u00a0incroyablement fi\u00e8re\u00a0\u00bb du travail r\u00e9alis\u00e9, notamment selon elle dans la \u00ab\u00a0protection de la libert\u00e9 d&rsquo;expression\u00a0\u00bb.<\/p>\n<p class=\"lead \">\u00ab\u00a0Merci pour tes contributions\u00a0\u00bb, lui a sobrement r\u00e9pondu Elon Musk.<\/p>\n<p class=\"lead \">Le patron de Tesla et SpaceX avait embauch\u00e9 cette figure am\u00e9ricaine des m\u00e9dias six mois apr\u00e8s avoir rachet\u00e9 Twitter pour 44 milliards de dollars. <\/p>\n<p class=\"lead \">La valeur de la plateforme avait chut\u00e9 \u00e0 20 milliards sur la m\u00eame p\u00e9riode, sous l&rsquo;effet des mesures du nouveau propri\u00e9taire &#8211; licenciement de deux tiers des employ\u00e9s, retour de personnalit\u00e9s controvers\u00e9es, bouleversement du syst\u00e8me d&rsquo;authentification des comptes, etc &#8211; qui avaient fait plonger la confiance des utilisateurs et des annonceurs.<\/p>\n<p class=\"lead \">\u00ab\u00a0Je lui suis profond\u00e9ment reconnaissante de m&rsquo;avoir confi\u00e9 la responsabilit\u00e9 de d\u00e9fendre la libert\u00e9 d&rsquo;expression, de redresser l&rsquo;entreprise et de transformer X en une application universelle\u00a0\u00bb, a d\u00e9clar\u00e9 Linda Yaccarino.<\/p>\n<p class=\"lead \">Elon Musk n&rsquo;a cependant jamais vraiment c\u00e9d\u00e9 le contr\u00f4le du r\u00e9seau social, dont il s&rsquo;est largement servi pour faire campagne pour Donald Trump l&rsquo;ann\u00e9e derni\u00e8re, puis pour d\u00e9nigrer le pr\u00e9sident des Etats-Unis et des \u00e9lus r\u00e9publicains, jusqu&rsquo;\u00e0 annoncer le lancement de son propre parti ce weekend, \u00ab\u00a0parti de l&rsquo;Am\u00e9rique\u00a0\u00bb.<\/p>\n<p class=\"lead \">\u00ab\u00a0Linda Yaccarino est rest\u00e9e en fonction plus longtemps que beaucoup ne l&rsquo;avaient anticip\u00e9\u00a0\u00bb, a comment\u00e9 Jasmine Enberg, de Emarketer.<\/p>\n<p class=\"lead \">\u00ab\u00a0Confront\u00e9e \u00e0 un propri\u00e9taire impr\u00e9visible, qui ne s&rsquo;est jamais compl\u00e8tement retir\u00e9 de la direction et qui continue d&rsquo;utiliser la plateforme comme son m\u00e9gaphone personnel, elle a d\u00fb tenter de g\u00e9rer l&rsquo;entreprise tout en \u00e9teignant r\u00e9guli\u00e8rement des incendies\u00a0\u00bb, a d\u00e9taill\u00e9 l&rsquo;analyste, \u00e9voquant un \u00ab\u00a0possible point de rupture dans leur relation\u00a0\u00bb.<\/p>\n<p class=\"lead \">&#8211; \u00ab\u00a0R\u00e9putation\u00a0\u00bb &#8211;<\/p>\n<p class=\"lead \">En 2023, Elon Musk a ajout\u00e9 Grok, rival de ChatGPT et produit de sa start-up d&rsquo;intelligence artificielle (IA) xAI, \u00e0 la plateforme. <\/p>\n<p class=\"lead \">L&rsquo;assistant IA suscite r\u00e9guli\u00e8rement de nouvelles pol\u00e9miques avec des propos controvers\u00e9s, notamment racistes, car ses param\u00e8tres sont intentionnellement plus souples que ceux des autres principaux mod\u00e8les d&rsquo;IA g\u00e9n\u00e9rative, qui font de la \u00ab\u00a0censure\u00a0\u00bb selon le milliardaire et ses fans.<\/p>\n<p class=\"lead \">Mardi, aiguillonn\u00e9 par des utilisateurs, Grok a notamment formul\u00e9 des r\u00e9ponses faisant l&rsquo;\u00e9loge d&rsquo;Adolf Hitler, entra\u00eenant des r\u00e9actions indign\u00e9es de nombreuses ONG.<\/p>\n<p class=\"lead \">xAI a fusionn\u00e9 avec X en mars lors d\u2019une op\u00e9ration valorisant xAI \u00e0 80 milliards de dollars et le r\u00e9seau social \u00e0 33 milliards de dollars.<\/p>\n<p class=\"lead \">Avant X, Linda Yaccarino a pass\u00e9 douze ans chez NBCUniversal,  filiale du c\u00e2blo-op\u00e9rateur Comcast, o\u00f9 elle a contribu\u00e9 \u00e0 unifier l&rsquo;ensemble des m\u00e9dias du groupe au sein d&rsquo;une m\u00eame plateforme publicitaire, pour simplifier l&rsquo;offre aux annonceurs. <\/p>\n<p class=\"lead \">Pendant son mandat, X a lanc\u00e9 plusieurs nouvelles fonctionnalit\u00e9s, notamment Community Notes, un syst\u00e8me de v\u00e9rification des faits participatif, et a annonc\u00e9 le d\u00e9veloppement de \u00ab\u00a0X Money\u00a0\u00bb, un service financier s\u2019inscrivant dans la vision d\u2019Elon Musk de transformer la plateforme en une \u00ab\u00a0application universelle\u00a0\u00bb.<\/p>\n<p class=\"lead \">\u00ab\u00a0Dans une certaine mesure, Yaccarino a rempli la mission pour laquelle elle avait \u00e9t\u00e9 recrut\u00e9e: on s&rsquo;attend \u00e0 ce que l&rsquo;activit\u00e9 publicitaire de X renoue avec la croissance en 2025, apr\u00e8s avoir \u00e9t\u00e9 r\u00e9duite de plus de moiti\u00e9 entre 2022 et 2023\u00a0\u00bb, a indiqu\u00e9 Jasmine Enberg.<\/p>\n<p class=\"lead \">Mais la dirigeante n\u2019a pas selon elle \u00ab\u00a0r\u00e9ussi \u00e0 r\u00e9tablir la r\u00e9putation de la plateforme aupr\u00e8s des annonceurs\u00a0\u00bb.<\/p>\n<p class=\"lead \">\u00ab\u00a0Je suis extr\u00eamement fi\u00e8re de l\u2019\u00e9quipe de X \u2013 le redressement historique que nous avons accompli ensemble est tout simplement remarquable\u00a0\u00bb, a affirm\u00e9 l&rsquo;ex-directrice g\u00e9n\u00e9rale mercredi.<\/p>\n<p class=\"lead \">Elle a promis de continuer \u00e0 soutenir ses anciens coll\u00e8gues \u00ab\u00a0dans la suite de cette aventure pour continuer \u00e0 changer le monde\u00a0\u00bb.<\/p>\n<p class=\"small font-weight-bold text-gray3 \"> publi\u00e9 le 9 juillet \u00e0 19h16, AFP<\/p>\n<p>                             Partager<\/p>\n","protected":false},"excerpt":{"rendered":"La directrice g\u00e9n\u00e9rale du r\u00e9seau social X, Linda Yaccarino, a annonc\u00e9 mercredi qu&rsquo;elle allait quitter ses fonctions, sans&hellip;\n","protected":false},"author":2,"featured_media":238299,"comment_status":"","ping_status":"","sticky":false,"template":"","format":"standard","meta":{"footnotes":""},"categories":[6],"tags":[35,13789,33,34,313,1011,27,861,310,6819,308],"class_list":{"0":"post-238298","1":"post","2":"type-post","3":"status-publish","4":"format-standard","5":"has-post-thumbnail","7":"category-economie","8":"tag-business","9":"tag-dirigeants","10":"tag-economie","11":"tag-economy","12":"tag-entreprises","13":"tag-fr","14":"tag-france","15":"tag-ia","16":"tag-internet","17":"tag-publicit","18":"tag-usa"},"share_on_mastodon":{"url":"https:\/\/pubeurope.com\/@fr\/114824860638945423","error":""},"_links":{"self":[{"href":"https:\/\/www.europesays.com\/fr\/wp-json\/wp\/v2\/posts\/238298","targetHints":{"allow":["GET"]}}],"collection":[{"href":"https:\/\/www.europesays.com\/fr\/wp-json\/wp\/v2\/posts"}],"about":[{"href":"https:\/\/www.europesays.com\/fr\/wp-json\/wp\/v2\/types\/post"}],"author":[{"embeddable":true,"href":"https:\/\/www.europesays.com\/fr\/wp-json\/wp\/v2\/users\/2"}],"replies":[{"embeddable":true,"href":"https:\/\/www.europesays.com\/fr\/wp-json\/wp\/v2\/comments?post=238298"}],"version-history":[{"count":0,"href":"https:\/\/www.europesays.com\/fr\/wp-json\/wp\/v2\/posts\/238298\/revisions"}],"wp:featuredmedia":[{"embeddable":true,"href":"https:\/\/www.europesays.com\/fr\/wp-json\/wp\/v2\/media\/238299"}],"wp:attachment":[{"href":"https:\/\/www.europesays.com\/fr\/wp-json\/wp\/v2\/media?parent=238298"}],"wp:term":[{"taxonomy":"category","embeddable":true,"href":"https:\/\/www.europesays.com\/fr\/wp-json\/wp\/v2\/categories?post=238298"},{"taxonomy":"post_tag","embeddable":true,"href":"https:\/\/www.europesays.com\/fr\/wp-json\/wp\/v2\/tags?post=238298"}],"curies":[{"name":"wp","href":"https:\/\/api.w.org\/{rel}","templated":true}]}}