{"id":238302,"date":"2025-07-09T19:14:26","date_gmt":"2025-07-09T19:14:26","guid":{"rendered":"https:\/\/www.europesays.com\/fr\/238302\/"},"modified":"2025-07-09T19:14:26","modified_gmt":"2025-07-09T19:14:26","slug":"biennale-internationale-design-de-saint-etienne-le-cru-2025-dresse-un-premier-bilan","status":"publish","type":"post","link":"https:\/\/www.europesays.com\/fr\/238302\/","title":{"rendered":"Biennale internationale design de Saint-Etienne\u00a0: le cru 2025 dresse un premier bilan"},"content":{"rendered":"<p class=\"is-style-chapo\">Pour cette 13\u00e8me \u00e9dition de la Biennale internationale du design, intitul\u00e9e ressource(s), pr\u00e9sager demain, les organisateurs avaient pour mission de renouer avec l\u2019esprit des premi\u00e8res \u00e9ditions, en proposant une biennale davantage accessible, festive et recentr\u00e9e autour de l\u2019objet\u2026 le tout avec un budget amput\u00e9 de 1,2 million d\u2019euros. Ce mercredi 9 juillet, l\u2019\u00e9quipe a dress\u00e9 un premier bilan de ce cru 2025.<\/p>\n<p><img loading=\"lazy\" decoding=\"async\" width=\"1024\" height=\"576\" src=\"https:\/\/www.europesays.com\/fr\/wp-content\/uploads\/2025\/07\/IMG_0138-1-1024x576.jpg\" alt=\"Biennale\" class=\"wp-image-80056\"  \/>Les organisateurs ont dress\u00e9 un premier bilan de cette Biennale 2025, ce mercredi 9 juillet. \u00a9JT\/ If Saint-Etienne.<\/p>\n<p>Le moins que l\u2019on puisse dire, c\u2019est que cette <a href=\"https:\/\/www.if-saint-etienne.fr\/culture-loisirs\/la-biennale-du-design-renoue-avec-ses-premieres-amours\" target=\"_blank\" rel=\"noreferrer noopener\">biennale<\/a> \u00e9tait attendue\u2026 au tournant. Apr\u00e8s le flop de l\u2019\u00e9dition pr\u00e9c\u00e9dente et le scandale autour de la condamnation de <a href=\"https:\/\/www.if-saint-etienne.fr\/breves\/saint-etienne-thierry-mandon-renonce-a-son-appel\" target=\"_blank\" rel=\"noreferrer noopener\">Thierry Mandon<\/a>, ex-directeur g\u00e9n\u00e9ral de la Cit\u00e9 du design, l\u2019\u00e9quipe en place devait renouer avec le grand public, en particulier st\u00e9phanois, et cr\u00e9er l\u2019\u00e9v\u00e9nement. Le tout, avec un budget d\u00e9di\u00e9 de 2,8 millions d\u2019euros, soit 1,2 million d\u2019euros de moins qu\u2019en 2022.<\/p>\n<p>Cette \u00ab\u00a0Biennale de la derni\u00e8re chance\u00a0\u00bb a commenc\u00e9 par retrouver son format d\u2019antan, sur six semaines, puisque la tentative de l\u2019\u00e9dition pr\u00e9c\u00e9dente d\u2019organiser l\u2019\u00e9v\u00e9nement sur quatre mois n\u2019avait pas \u00e9t\u00e9 concluante. Puis, elle a enrichi son programme, notamment gr\u00e2ce \u00e0 Biennale en f\u00eate, pens\u00e9 par les \u00e9quipes de Saint-Etienne M\u00e9tropole et visant \u00e0 proposer, chaque week-end pendant six semaines, des animations en plein air entre la <a href=\"https:\/\/www.citedudesign.com\/\" target=\"_blank\" rel=\"noreferrer noopener\">Cit\u00e9 du design<\/a> et les Halles Barrouin. Parmi elles, une f\u00eate foraine loufoque, un march\u00e9 de cr\u00e9ateurs, un d\u00e9fil\u00e9 de mode, ou encore un vide-dressing.<\/p>\n<p>71 900 visiteurs<\/p>\n<p>\u00ab\u00a0Nous sommes tr\u00e8s satisfaits de cette \u00e9dition, a d\u00e9clar\u00e9 Marc Chassaub\u00e9n\u00e9, adjoint charg\u00e9 de la Culture \u00e0 la Ville, et \u00e0 Saint-Etienne M\u00e9tropole, \u00e9galement pr\u00e9sident de la Cit\u00e9 du design. Nous avons rempli la mission que l\u2019on s\u2019\u00e9tait fix\u00e9e. Celle d\u2019avoir une biennale d\u2019objets, consacr\u00e9e \u00e0 la production de design, aux designers\u00a0\u00bb. Au total, 450 \u0153uvres \u00e9taient pr\u00e9sent\u00e9es au public, repr\u00e9sentant 275 designers au total. C\u00f4t\u00e9 fr\u00e9quentation, on peut consid\u00e9rer qu\u2019elle est stable, m\u00eame s\u2019il est difficile de conna\u00eetre le nombre de visiteurs payants. Par ailleurs, Biennale en f\u00eate semble avoir fait mouche\u2026 <\/p>\n<p>Ainsi, cette ann\u00e9e, ils \u00e9taient 71 900 visiteurs. Parmi eux, 37 600 ont assist\u00e9 aux expositions, 32 400 \u00e0 Biennale en f\u00eate, et 1 900 participaient \u00e0 des \u00e9v\u00e9nements professionnels. Les expositions en \u00e9cho, quant \u00e0 elles, ont comptabilis\u00e9 15 700 personnes. \u00ab\u00a0Presque autant que la biennale pr\u00e9c\u00e9dente qui \u00e9tait sur quatre mois\u00a0\u00bb, ajoute le pr\u00e9sident de la Cit\u00e9 du design. En effet, en 2022, si l\u2019audience totale affich\u00e9e se montait \u00e0 plus de 260 000 visiteurs, le site m\u00eame de la Cit\u00e9 du design avait lui, accueilli 74 200 personnes. Cette \u00e9dition est donc meilleure, mais tous les visiteurs ont-ils achet\u00e9 leur entr\u00e9e\u00a0?<\/p>\n<p><img loading=\"lazy\" decoding=\"async\" width=\"1024\" height=\"576\" src=\"https:\/\/www.europesays.com\/fr\/wp-content\/uploads\/2025\/07\/IMG_0133-2-1-1024x576.jpg\" alt=\"\" class=\"wp-image-80055\"  \/>\u00a9JT\/ If Saint-Etienne.<\/p>\n<p>33 % de visiteurs du territoire<\/p>\n<p>Impossible de le savoir pour l\u2019heure. \u00ab\u00a0C\u2019est difficile \u00e0 \u00e9valuer et nous ne sommes pas partis sur ce calcul, car l\u2019entr\u00e9e est gratuite pour les moins de 26 ans, pr\u00e9cise Marc Chassaub\u00e9n\u00e9, qui promet un bilan comptable plus d\u00e9taill\u00e9 \u00e0 la rentr\u00e9e. Pour vous donner une id\u00e9e, la fr\u00e9quentation de cette \u00e9dition repr\u00e9sente celle du Mus\u00e9e d\u2019art moderne et contemporain sur un an. Pour cette biennale, la recette de la billetterie n\u2019\u00e9tait pas un enjeu et, sans trop nous avancer, on peut d\u00e9j\u00e0 dire que cette \u00e9dition sera \u00e0 l\u2019\u00e9quilibre financi\u00e8rement, voire b\u00e9n\u00e9ficiaire\u00a0\u00bb. <\/p>\n<p>Parmi les pr\u00e8s de 72 000 visiteurs cette ann\u00e9e, 33 % \u00e9taient issus de la M\u00e9tropole, 60 % de la r\u00e9gion, et 41 % d\u2019autres territoires fran\u00e7ais. Toujours chez les visiteurs, mais \u00e9trangers, 48 pays \u00e9taient repr\u00e9sent\u00e9s cette ann\u00e9e, contre 32 en 2022. Quoiqu\u2019il en soit, une chose est s\u00fbre pour les organisateurs\u00a0: \u00ab\u00a0Il faudra continuer dans cette id\u00e9e de faire une grande place \u00e0 la jeunesse, ainsi qu\u2019\u00e0 un public non sp\u00e9cialiste\u00a0\u00bb, estime Eric Jourdan, directeur de l\u2019EPCC Cit\u00e9 du design. Pour l\u2019heure, certaines expos jouent les prolongations.<\/p>\n<p>Trois expositions se poursuivent<\/p>\n<p>C\u2019est le cas de En relief, cr\u00e9er en Arm\u00e9nie, consacr\u00e9e \u00e0 la richesse des savoir-faire locaux du pays en mati\u00e8re de design, mais aussi de l\u2019exposition Qui \u00eates-vous Raymond Guidot, en hommage au designer fran\u00e7ais, et de I hear voices, l\u2019installation sonore et immersive au c\u0153ur de la Platine. Toutes seront de nouveau accessibles \u00e0 partir du 17 juillet, et jusqu\u2019au 21 septembre.<\/p>\n<p>Sur l\u2019ensemble des chiffres communiqu\u00e9s, il semble que Biennale en f\u00eate ne soit pas \u00e9trang\u00e8re \u00e0 la fr\u00e9quentation de cette ann\u00e9e. \u00ab\u00a0Nous avons \u00e9t\u00e9 charg\u00e9s d\u2019organiser ces \u00e9v\u00e9nements en cinq mois, a rappel\u00e9 Fabien Romezin, directeur \u00e9v\u00e9nementiel de Saint-Etienne M\u00e9tropole. Ce sont les m\u00eames \u00e9quipes qui avaient organis\u00e9 les \u00e9v\u00e9nements pour la Coupe du monde de rugby, ou encore les JO\u00a0\u00bb. Reste \u00e0 attendre les chiffres affin\u00e9s de septembre pour en savoir davantage et s\u2019assurer qu\u2019il y aura une biennale 2027.<\/p>\n","protected":false},"excerpt":{"rendered":"Pour cette 13\u00e8me \u00e9dition de la Biennale internationale du design, intitul\u00e9e ressource(s), pr\u00e9sager demain, les organisateurs avaient pour&hellip;\n","protected":false},"author":2,"featured_media":238303,"comment_status":"","ping_status":"","sticky":false,"template":"","format":"standard","meta":{"footnotes":""},"categories":[9653],"tags":[1111,11,2430,24095,24096,24097,37816,1777,674,1011,27,37817,12,25,4001],"class_list":{"0":"post-238302","1":"post","2":"type-post","3":"status-publish","4":"format-standard","5":"has-post-thumbnail","7":"category-saint-etienne","8":"tag-actu","9":"tag-actualites","10":"tag-auvergne-rhone-alpes","11":"tag-biennale-design","12":"tag-biennale-internationale-design","13":"tag-biennale-internationale-design-saint-etienne-2025","14":"tag-cite-du-design-2025-saint-etienne","15":"tag-eu","16":"tag-europe","17":"tag-fr","18":"tag-france","19":"tag-informatif","20":"tag-news","21":"tag-republique-francaise","22":"tag-saint-etienne"},"share_on_mastodon":{"url":"https:\/\/pubeurope.com\/@fr\/114824876271067311","error":""},"_links":{"self":[{"href":"https:\/\/www.europesays.com\/fr\/wp-json\/wp\/v2\/posts\/238302","targetHints":{"allow":["GET"]}}],"collection":[{"href":"https:\/\/www.europesays.com\/fr\/wp-json\/wp\/v2\/posts"}],"about":[{"href":"https:\/\/www.europesays.com\/fr\/wp-json\/wp\/v2\/types\/post"}],"author":[{"embeddable":true,"href":"https:\/\/www.europesays.com\/fr\/wp-json\/wp\/v2\/users\/2"}],"replies":[{"embeddable":true,"href":"https:\/\/www.europesays.com\/fr\/wp-json\/wp\/v2\/comments?post=238302"}],"version-history":[{"count":0,"href":"https:\/\/www.europesays.com\/fr\/wp-json\/wp\/v2\/posts\/238302\/revisions"}],"wp:featuredmedia":[{"embeddable":true,"href":"https:\/\/www.europesays.com\/fr\/wp-json\/wp\/v2\/media\/238303"}],"wp:attachment":[{"href":"https:\/\/www.europesays.com\/fr\/wp-json\/wp\/v2\/media?parent=238302"}],"wp:term":[{"taxonomy":"category","embeddable":true,"href":"https:\/\/www.europesays.com\/fr\/wp-json\/wp\/v2\/categories?post=238302"},{"taxonomy":"post_tag","embeddable":true,"href":"https:\/\/www.europesays.com\/fr\/wp-json\/wp\/v2\/tags?post=238302"}],"curies":[{"name":"wp","href":"https:\/\/api.w.org\/{rel}","templated":true}]}}