{"id":238310,"date":"2025-07-09T19:18:10","date_gmt":"2025-07-09T19:18:10","guid":{"rendered":"https:\/\/www.europesays.com\/fr\/238310\/"},"modified":"2025-07-09T19:18:10","modified_gmt":"2025-07-09T19:18:10","slug":"cest-le-plus-beau-jour-de-ma-vie-a-la-seyne-29-personnes-viennent-dembrasser-la-nationalite-francaise","status":"publish","type":"post","link":"https:\/\/www.europesays.com\/fr\/238310\/","title":{"rendered":"\u00ab\u00a0C\u2019est le plus beau jour de ma vie\u00a0\u00bb: \u00e0 La Seyne, 29 personnes viennent d&#8217;embrasser la nationalit\u00e9 fran\u00e7aise"},"content":{"rendered":"<p>\u00ab\u00a0\u00catre fran\u00e7ais, je le dis haut et fort, c\u2019est la plus belle chose au monde\u00a0\u00bb, affirmait le maire Jo Minniti mardi soir, durant la c\u00e9r\u00e9monie de naturalisation au fort Balaguier. Accompagn\u00e9es de leur famille et de leurs proches dans ce lieu embl\u00e9matique, vingt-neuf personnes ont choisi d\u2019obtenir la nationalit\u00e9 fran\u00e7aise; treize nationalit\u00e9s \u00e9taient repr\u00e9sent\u00e9es. \u00ab\u00a0Uniques, vous avez tous choisi la France\u00a0\u00bb, rappela le pr\u00e9fet Simon Babre dans son discours.<\/p>\n<p>Avant d\u2019aller r\u00e9cup\u00e9rer son dossier &#8211; comprenant la charte des droits et devoirs du citoyen fran\u00e7ais, la d\u00e9claration des droits de l\u2019homme, des extraits de la Constitution et les paroles de la Marseillaise &#8211; chacun s\u2019est vu rappeler les principes fondamentaux de la R\u00e9publique fran\u00e7aise par le pr\u00e9fet du Var.<\/p>\n<p>\u00ab\u00a0Libert\u00e9, \u00e9galit\u00e9, fraternit\u00e9: cette devise de la R\u00e9publique est d\u00e9sormais la v\u00f4tre\u00a0\u00bb, d\u00e9clara-t-il. Accord\u00e9e par celui-ci, la naturalisation permet d\u00e9sormais \u00e0 ces vingt-neuf citoyens de jouir des m\u00eames droits et devoirs que tout Fran\u00e7ais de naissance. C\u2019est ensuite sur une Marseillaise, scand\u00e9e en ch\u0153ur par toutes les personnes pr\u00e9sentes, que s\u2019est conclue cette c\u00e9r\u00e9monie d\u2019accueil.<\/p>\n<p>\u00ab\u00a0C\u2019est le plus beau jour de ma vie\u00a0\u00bb<\/p>\n<p>C\u2019est avec \u00e9motion que Nina, n\u00e9e en Chine, explique avoir choisi la France pour ses valeurs. Tr\u00e8s reconnaissante d\u2019\u00eatre d\u00e9sormais fran\u00e7aise, des larmes coulent sur ses joues lorsqu\u2019elle d\u00e9clare: \u00ab\u00a0Je ressens une grande gratitude envers la France, qui m\u2019a accueillie. Je suis vraiment reconnaissante et tr\u00e8s fi\u00e8re d\u2019\u00eatre d\u00e9sormais fran\u00e7aise.\u00a0\u00bb Assise dans les bras de sa m\u00e8re, sa fille sourit, ravie que sa m\u00e8re ne retourne plus en Chine.<\/p>\n<p>Sarah aussi est \u00e9mue et heureuse d\u2019\u00eatre naturalis\u00e9e. Son mari ne peut s\u2019emp\u00eacher d\u2019avoir un sourire jusqu\u2019aux oreilles. \u00ab\u00a0C\u2019est le plus beau jour de ma vie\u00a0\u00bb, assure-t-il. Sarah est fi\u00e8re, elle aussi, et tr\u00e8s contente: \u00ab\u00a0C\u2019est un grand jour pour moi!\u00a0\u00bb<\/p>\n<p>            Comment \u00e7a marche<\/p>\n<p>Pour acqu\u00e9rir la nationalit\u00e9 fran\u00e7aise par naturalisation, il faut r\u00e9pondre aux conditions suivantes :<br \/>&#13;<br \/>\n&#8211; \u00catre \u00e2g\u00e9 au minimum de 18 ans ;<br \/>&#13;<br \/>\n&#8211; R\u00e9sider en France depuis plus de cinq ans ;<br \/>&#13;<br \/>\n&#8211; \u00catre de bonnes vies et m\u0153urs et ne pas avoir \u00e9t\u00e9 condamn\u00e9 \u00e0 certaines peines ;<br \/>&#13;<br \/>\n&#8211; Justifier de son assimilation \u00e0 la communaut\u00e9 fran\u00e7aise, en particulier par une connaissance suffisante de la langue fran\u00e7aise.<br \/>&#13;<br \/>\nLorsque toutes ces conditions sont remplies, il faut ensuite d\u00e9poser un dossier d\u2019acquisition de nationalit\u00e9 via le portail internet ANEF\/NATALI et joindre les actes d\u2019\u00e9tat civil et les pi\u00e8ces justificatives demand\u00e9es.<br \/>&#13;<br \/>\nLa r\u00e9ponse \u00e0 la demande est ensuite donn\u00e9e dans un d\u00e9lai de 18 mois environ apr\u00e8s la demande.<br \/>&#13;<br \/>\nLa naturalisation est prononc\u00e9e par d\u00e9cret, et publi\u00e9e au Journal officiel.<\/p>\n<p>              <img ci-src=\"https:\/\/www.varmatin.com\/vie-locale\/protec\/DATA_ART_15877141-jyNdAhdN.jpg?vh=dcc940&amp;ci_seal=757dfc89a7\" alt=\"\"\/><br \/>\n        Par leurs discours, le pr\u00e9fet du Var Simon Babre et le maire de La Seyne Jo Minniti ont illustr\u00e9 la solennit\u00e9 de la c\u00e9r\u00e9monie. <\/p>\n","protected":false},"excerpt":{"rendered":"\u00ab\u00a0\u00catre fran\u00e7ais, je le dis haut et fort, c\u2019est la plus belle chose au monde\u00a0\u00bb, affirmait le maire&hellip;\n","protected":false},"author":2,"featured_media":238311,"comment_status":"","ping_status":"","sticky":false,"template":"","format":"standard","meta":{"footnotes":""},"categories":[9619],"tags":[1111,11,1777,674,1011,27,12,882,25,2310,3366],"class_list":{"0":"post-238310","1":"post","2":"type-post","3":"status-publish","4":"format-standard","5":"has-post-thumbnail","7":"category-toulon","8":"tag-actu","9":"tag-actualites","10":"tag-eu","11":"tag-europe","12":"tag-fr","13":"tag-france","14":"tag-news","15":"tag-provence-alpes-cote-dazur","16":"tag-republique-francaise","17":"tag-toulon","18":"tag-vie-locale"},"share_on_mastodon":{"url":"https:\/\/pubeurope.com\/@fr\/114824891821323981","error":""},"_links":{"self":[{"href":"https:\/\/www.europesays.com\/fr\/wp-json\/wp\/v2\/posts\/238310","targetHints":{"allow":["GET"]}}],"collection":[{"href":"https:\/\/www.europesays.com\/fr\/wp-json\/wp\/v2\/posts"}],"about":[{"href":"https:\/\/www.europesays.com\/fr\/wp-json\/wp\/v2\/types\/post"}],"author":[{"embeddable":true,"href":"https:\/\/www.europesays.com\/fr\/wp-json\/wp\/v2\/users\/2"}],"replies":[{"embeddable":true,"href":"https:\/\/www.europesays.com\/fr\/wp-json\/wp\/v2\/comments?post=238310"}],"version-history":[{"count":0,"href":"https:\/\/www.europesays.com\/fr\/wp-json\/wp\/v2\/posts\/238310\/revisions"}],"wp:featuredmedia":[{"embeddable":true,"href":"https:\/\/www.europesays.com\/fr\/wp-json\/wp\/v2\/media\/238311"}],"wp:attachment":[{"href":"https:\/\/www.europesays.com\/fr\/wp-json\/wp\/v2\/media?parent=238310"}],"wp:term":[{"taxonomy":"category","embeddable":true,"href":"https:\/\/www.europesays.com\/fr\/wp-json\/wp\/v2\/categories?post=238310"},{"taxonomy":"post_tag","embeddable":true,"href":"https:\/\/www.europesays.com\/fr\/wp-json\/wp\/v2\/tags?post=238310"}],"curies":[{"name":"wp","href":"https:\/\/api.w.org\/{rel}","templated":true}]}}