{"id":238319,"date":"2025-07-09T19:23:09","date_gmt":"2025-07-09T19:23:09","guid":{"rendered":"https:\/\/www.europesays.com\/fr\/238319\/"},"modified":"2025-07-09T19:23:09","modified_gmt":"2025-07-09T19:23:09","slug":"pierrette-la-tortue-jetee-a-la-poubelle-recueillie-in-extremis-par-lagent-du-centre-de-tri-de-rouen","status":"publish","type":"post","link":"https:\/\/www.europesays.com\/fr\/238319\/","title":{"rendered":"Pierrette la tortue, jet\u00e9e \u00e0 la poubelle, recueillie in extremis par l&rsquo;agent du centre de tri de Rouen"},"content":{"rendered":"<p>            Par<br \/>\n        <strong><br \/>\n            <a href=\"https:\/\/actu.fr\/auteur\/adrien-filoche\" title=\"Consulter tous les articles de Adrien Filoche\" target=\"_blank\" rel=\"noopener\">Adrien Filoche<\/a><br \/>\n        <\/strong><\/p>\n<p>        Publi\u00e9 le<\/p>\n<p>            9 juil. 2025 \u00e0 20h52        <\/p>\n<p>Elle a termin\u00e9 sa course<strong> \u00e0 quelques centim\u00e8tres du broyeur \u00e0 d\u00e9chets.<\/strong> Le mardi 1\u1d49\u02b3 juillet\u00a02025, en fin de matin\u00e9e, une tortue de terre a \u00e9t\u00e9 d\u00e9couverte \u00e0 <a href=\"https:\/\/actu.fr\/normandie\/le-grand-quevilly_76322\" target=\"_blank\" rel=\"noopener\">Grand-Quevilly (Seine-Maritime)<\/a>, pr\u00e8s de Rouen, au centre de tri du <a href=\"https:\/\/actu.fr\/normandie\/le-grand-quevilly_76322\/pres-de-rouen-une-usine-totalement-autosuffisante-une-premiere-en-normandie_62827106.html\" target=\"_blank\" rel=\"noopener\">Sm\u00e9dar<\/a> (Syndicat mixte d\u2019\u00e9limination des d\u00e9chets de l\u2019arrondissement de Rouen). Le pauvre animal, visiblement jet\u00e9 \u00e0 la poubelle par une personne peu scrupuleuse, a \u00e9t\u00e9 <strong>retrouv\u00e9 vivant par un agent de tri au milieu des d\u00e9chets.<\/strong><\/p>\n<p>\u00ab\u2009\u00c0 10 centim\u00e8tres du broyeur \u00e0 d\u00e9chets\u2009\u00bb<\/p>\n<p class=\" wall-content\">La tortue, qui<strong> a surv\u00e9cu \u00e0 un long p\u00e9riple<\/strong> apr\u00e8s avoir suivi les diff\u00e9rentes \u00e9tapes de tri des d\u00e9chets, est <strong>une v\u00e9ritable miracul\u00e9e<\/strong>. Lorsqu\u2019elle a \u00e9t\u00e9 d\u00e9couverte, elle se trouvait au bout de la cha\u00eene de tri, \u00ab\u2009\u00e0 10 centim\u00e8tres du broyeur\u2009\u00bb, relate Julien Dupont, responsable du centre de tri. Et de pr\u00e9ciser\u2009: \u00ab\u2009Elle n\u2019est ni puc\u00e9e, ni d\u00e9clar\u00e9e. On ne peut pas retrouver son propri\u00e9taire.\u2009\u00bb<\/p>\n<p class=\" wall-content\">C\u2019est Jean-Pierre, un agent de tri, qui l\u2019a aper\u00e7u par hasard en soulevant un carton, lui donnant donc le nom de <strong>Pierrette<\/strong>. Lorsqu\u2019elle a \u00e9t\u00e9 d\u00e9couverte, la tortue se trouvait dans un piteux \u00e9tat, <strong>ensanglant\u00e9e et stress\u00e9e.<\/strong><\/p>\n<p class=\" wall-content\">Finalement, Jeanne, une coll\u00e8gue, s\u2019est propos\u00e9e pour l\u2019accueillir et la soigner chez elle. L\u2019agent l\u2019a r\u00e9cup\u00e9r\u00e9e d\u00e8s le mardi. \u00ab\u2009\u00c7a m\u2019a paru comme une \u00e9vidence. Elle \u00e9tait en mauvais \u00e9tat, il fallait que quelqu\u2019un s\u2019en occupe\u2009\u00bb, appuie Jeanne en souriant.<\/p>\n<p>Une fracture \u00e0 la carapace<\/p>\n<p class=\" wall-content\">Le mercredi suivant, Jeanne s\u2019est rendue chez une v\u00e9t\u00e9rinaire \u00e0 Petit-Quevilly. L\u2019animal est diagnostiqu\u00e9 d\u2019une <strong>fracture sur la carapace<\/strong> et de nombreux h\u00e9matomes sont constat\u00e9s. \u00ab\u2009Apr\u00e8s tout ce qu\u2019elle a v\u00e9cu, c\u2019est une miracul\u00e9e\u2009\u00bb, souligne Jeanne.<\/p>\n<blockquote class=\"ac-article-quote wall-content\">\n<p>Elle est vaillante, elle gambade. \u00c7a se voit, elle est habitu\u00e9e aux humains.<\/p>\n<p>    <strong>Jeanne,<\/strong><br \/>\n        l&#8217;employ\u00e9e qui a recueilli la tortue     <\/p><\/blockquote>\n<p class=\" wall-content\">Chez elle, l\u2019employ\u00e9e du Sm\u00e9dar a am\u00e9nag\u00e9 une bo\u00eete \u00e0 chaussures pour cette petite tortue d\u2019environ 25 centim\u00e8tres. \u00ab\u2009Il faut lui faire deux bains par jour \u00e0 30\u00b0C pour qu\u2019elle se r\u00e9hydrate. Je lui mets de la b\u00e9tadine sur ses plaies et elle prend des antibiotiques\u2009\u00bb, souligne Jeanne.<\/p>\n<p>    <a href=\"https:\/\/www.facebook.com\/plugins\/post.php?href=https%3A%2F%2Fwww.facebook.com%2Fsmedar.officiel%2Fposts%2Fpfbid0LYkr2sejFwHNC1t3LNmxQ2e4E9WfYm5njSXySVuonxsKXnYi7WTavBWEXzbWLQp3l&amp;show_text=true&amp;width=350\" title=\"Ouvrie le lien\" target=\"_blank\" rel=\"noopener\">Cliquez ici pour visualiser le contenu<\/a><\/p>\n<p class=\" wall-content\">D\u00e8s la publication sur Facebook qui relate cette histoire, le Sm\u00e9dar a re\u00e7u de nombreuses sollicitations de personnes justifiant que Pierrette \u00e9tait en r\u00e9alit\u00e9 leur tortue et qu\u2019elle \u00e9tait \u00e9gar\u00e9e. \u00ab\u2009Ce genre de tortue, c\u2019est tr\u00e8s recherch\u00e9, il faut faire attention\u2009\u00bb, pr\u00e9cise la communication du Sm\u00e9dar.<\/p>\n<p>Des animaux r\u00e9guli\u00e8rement retrouv\u00e9s dans les d\u00e9chets<\/p>\n<p>Ce n&rsquo;est pas la premi\u00e8re fois que des agents du Sm\u00e9dar retrouvent des animaux (morts ou vivants) dans les poubelles. Il y a plusieurs ann\u00e9es, des chatons avaient notamment \u00e9t\u00e9 d\u00e9couverts. En 2024, c&rsquo;est une lapine qui avait termin\u00e9 sa course au milieu des d\u00e9chets. Plus r\u00e9cemment encore, une carcasse de mouton. \u00ab\u00a0Des animaux dans les poubelles, il y en a malheureusement r\u00e9guli\u00e8rement\u00a0\u00bb, alerte le Sm\u00e9dar. Et d&rsquo;insister : \u00ab\u00a0D\u00e9poser un animal vivant dans une poubelle ? C&rsquo;est impensable et inacceptable. Seuls les emballages, les papiers et les cartons sont \u00e0 d\u00e9poser dans votre bac ou sac jaune.\u00a0\u00bb<\/p>\n<p class=\" wall-content\">Pour l\u2019heure, la priorit\u00e9 est de<strong> s\u2019assurer de<\/strong> <strong>la convalescence de l\u2019animal<\/strong> et de la remettre sur pied. Enfin sur patte.<\/p>\n<p>Suivez l\u2019actualit\u00e9 de Rouen sur <a href=\"https:\/\/www.whatsapp.com\/channel\/0029VaKfnf99hXF2ddApFB1D\" target=\"_blank\" rel=\"noopener\">notre cha\u00eene WhatsApp<\/a> et sur <a href=\"https:\/\/www.tiktok.com\/@76actu.fr?lang=fr\" target=\"_blank\" rel=\"noopener\">notre compte TikTok<\/a><\/p>\n<p class=\" wall-content\">Suivez toute l\u2019actualit\u00e9 de vos villes et m\u00e9dias favoris en vous inscrivant \u00e0 <a href=\"https:\/\/moncompte.actu.fr\" title=\"D\u00e9couvez Mon Actu\" rel=\"nofollow noopener\" data-trk=\"{&quot;cta&quot;:{&quot;action&quot;:&quot;https:\\\/\\\/moncompte.actu.fr&quot;,&quot;category&quot;:&quot;mon compte&quot;,&quot;from&quot;:&quot;article footer&quot;,&quot;name&quot;:&quot;Mon actu&quot;,&quot;type&quot;:&quot;cta&quot;}}\" target=\"_blank\">Mon Actu<\/a>.<\/p>\n<p>                    <script async src=\"\/\/www.tiktok.com\/embed.js\"><\/script><\/p>\n","protected":false},"excerpt":{"rendered":"Par Adrien Filoche Publi\u00e9 le 9 juil. 2025 \u00e0 20h52 Elle a termin\u00e9 sa course \u00e0 quelques centim\u00e8tres&hellip;\n","protected":false},"author":2,"featured_media":238320,"comment_status":"","ping_status":"","sticky":false,"template":"","format":"standard","meta":{"footnotes":""},"categories":[9587],"tags":[1111,11,1867,3008,1777,674,1011,27,1757,12,5161,25,9590],"class_list":{"0":"post-238319","1":"post","2":"type-post","3":"status-publish","4":"format-standard","5":"has-post-thumbnail","7":"category-rouen","8":"tag-actu","9":"tag-actualites","10":"tag-animaux","11":"tag-dechets","12":"tag-eu","13":"tag-europe","14":"tag-fr","15":"tag-france","16":"tag-insolite","17":"tag-news","18":"tag-normandie","19":"tag-republique-francaise","20":"tag-rouen"},"share_on_mastodon":{"url":"https:\/\/pubeurope.com\/@fr\/114824911456122615","error":""},"_links":{"self":[{"href":"https:\/\/www.europesays.com\/fr\/wp-json\/wp\/v2\/posts\/238319","targetHints":{"allow":["GET"]}}],"collection":[{"href":"https:\/\/www.europesays.com\/fr\/wp-json\/wp\/v2\/posts"}],"about":[{"href":"https:\/\/www.europesays.com\/fr\/wp-json\/wp\/v2\/types\/post"}],"author":[{"embeddable":true,"href":"https:\/\/www.europesays.com\/fr\/wp-json\/wp\/v2\/users\/2"}],"replies":[{"embeddable":true,"href":"https:\/\/www.europesays.com\/fr\/wp-json\/wp\/v2\/comments?post=238319"}],"version-history":[{"count":0,"href":"https:\/\/www.europesays.com\/fr\/wp-json\/wp\/v2\/posts\/238319\/revisions"}],"wp:featuredmedia":[{"embeddable":true,"href":"https:\/\/www.europesays.com\/fr\/wp-json\/wp\/v2\/media\/238320"}],"wp:attachment":[{"href":"https:\/\/www.europesays.com\/fr\/wp-json\/wp\/v2\/media?parent=238319"}],"wp:term":[{"taxonomy":"category","embeddable":true,"href":"https:\/\/www.europesays.com\/fr\/wp-json\/wp\/v2\/categories?post=238319"},{"taxonomy":"post_tag","embeddable":true,"href":"https:\/\/www.europesays.com\/fr\/wp-json\/wp\/v2\/tags?post=238319"}],"curies":[{"name":"wp","href":"https:\/\/api.w.org\/{rel}","templated":true}]}}