{"id":238321,"date":"2025-07-09T19:26:11","date_gmt":"2025-07-09T19:26:11","guid":{"rendered":"https:\/\/www.europesays.com\/fr\/238321\/"},"modified":"2025-07-09T19:26:11","modified_gmt":"2025-07-09T19:26:11","slug":"pro-d2-le-fcg-recrute-un-australien-deja-passe-par-grenoble","status":"publish","type":"post","link":"https:\/\/www.europesays.com\/fr\/238321\/","title":{"rendered":"Pro D2. Le FCG recrute un Australien&#8230; d\u00e9j\u00e0 pass\u00e9 par Grenoble"},"content":{"rendered":"<p>Le FC Grenoble Rugby a annonc\u00e9 mercredi l&rsquo;arriv\u00e9e du deuxi\u00e8me ligne Cameron Holt pour la saison 2025\/2026. L&rsquo;ancien joueur de Tuggeranong Vikings sur l&rsquo;\u00eele continent revient en France apr\u00e8s un premier passage en Is\u00e8re. La saison derni\u00e8re, il avait \u00e9t\u00e9 recrut\u00e9 comme joker m\u00e9dical et disput\u00e9 seulement quatre matches avec les Rouge et Bleu.<\/p>\n<p>Ce contenu est bloqu\u00e9 car vous n&rsquo;avez pas accept\u00e9 les cookies et autres traceurs.<\/p>\n<p>En cliquant sur \u00ab J\u2019accepte \u00bb, les cookies et autres traceurs seront d\u00e9pos\u00e9s et vous pourrez visualiser les contenus  (<a href=\"\" class=\"consentModule_policy\" target=\"_blank\" title=\"Consulter la politique de protection des donn\u00e9es du fournisseur\">plus d&rsquo;informations<\/a>).<\/p>\n<p>En cliquant sur \u00ab J\u2019accepte tous les cookies \u00bb, vous autorisez des d\u00e9p\u00f4ts de cookies et autres traceurs pour le stockage de vos donn\u00e9es sur nos sites et applications \u00e0 des fins de personnalisation et de ciblage publicitaire.<\/p>\n<p class=\"consentModule_secondaryText\">Vous gardez la possibilit\u00e9 de retirer votre consentement \u00e0 tout moment en consultant notre <a href=\"https:\/\/www.ledauphine.com\/protection-des-donnees\" target=\"_blank\" title=\"Consulter notre politique de protection des donn\u00e9es\" rel=\"nofollow noopener\">politique de protection des donn\u00e9es<\/a>. <br \/>&#13;<br \/>\n            <a href=\"https:\/\/www.ledauphine.com\/sport\/2025\/07\/09\/javascript:Didomi.notice.show()\" class=\"consentModule_cmp\" rel=\"nofollow noopener\" target=\"_blank\">G\u00e9rer mes choix<\/a>&#13;\n        <\/p>\n<p>&#13;<br \/>\n                        J&rsquo;accepte&#13;<br \/>\n            J&rsquo;accepte tous les cookies&#13;\n        <\/p>\n<p>\u00ab Alors que l\u2019int\u00e9gration n\u2019est pas \u00e9vidente quand on arrive de l\u2019h\u00e9misph\u00e8re Sud, tout comme la compr\u00e9hension de notre syst\u00e8me de jeu, il a \u00e9t\u00e9 pertinent. C\u2019est un gros pousseur dans la m\u00eal\u00e9e, ce sont nos piliers qui le disent ! C\u2019est aussi un bon sauteur en touche, et il est tr\u00e8s propre sur ses skills comme tous les joueurs australiens ! Cameron vient pour travailler dur, apporter encore du plus \u00e0 notre \u00e9quipe et notre groupe\u00a0\u00bb, avance Aubin Hueber, le directeur du rugby du FCG.\u00a0<\/p>\n<p>Cameron Holt (1m97, 113 kilos) renforce le pack avant de Grenoble, qui a perdu Thomas Lainault. <a href=\"https:\/\/www.ledauphine.com\/sport\/2025\/07\/08\/fcg-thomas-lainault-rejoint-le-racing-92\" target=\"_blank\" rel=\"nofollow noopener\">L&rsquo;Is\u00e9rois s&rsquo;est engag\u00e9 au Racing Metro 92.<\/a><\/p>\n","protected":false},"excerpt":{"rendered":"Le FC Grenoble Rugby a annonc\u00e9 mercredi l&rsquo;arriv\u00e9e du deuxi\u00e8me ligne Cameron Holt pour la saison 2025\/2026. L&rsquo;ancien&hellip;\n","protected":false},"author":2,"featured_media":238322,"comment_status":"","ping_status":"","sticky":false,"template":"","format":"standard","meta":{"footnotes":""},"categories":[9566],"tags":[1111,11,2430,112,113,114,1777,674,2727,1701,1011,27,2731,2732,108,12,2308,25,479,517,1947],"class_list":{"0":"post-238321","1":"post","2":"type-post","3":"status-publish","4":"format-standard","5":"has-post-thumbnail","7":"category-grenoble","8":"tag-actu","9":"tag-actualites","10":"tag-auvergne-rhone-alpes","11":"tag-edition-grenoble-agglomeration","12":"tag-edition-gresivaudan-oisans","13":"tag-edition-voiron-saint-marcellin","14":"tag-eu","15":"tag-europe","16":"tag-fcg-fc-grenoble-rugby","17":"tag-fil-info-sport","18":"tag-fr","19":"tag-france","20":"tag-grenoble","21":"tag-grenoble-bassin","22":"tag-isere","23":"tag-news","24":"tag-pro-d2","25":"tag-republique-francaise","26":"tag-rugby","27":"tag-sport","28":"tag-sport-national"},"share_on_mastodon":{"url":"https:\/\/pubeurope.com\/@fr\/114824923583215490","error":""},"_links":{"self":[{"href":"https:\/\/www.europesays.com\/fr\/wp-json\/wp\/v2\/posts\/238321","targetHints":{"allow":["GET"]}}],"collection":[{"href":"https:\/\/www.europesays.com\/fr\/wp-json\/wp\/v2\/posts"}],"about":[{"href":"https:\/\/www.europesays.com\/fr\/wp-json\/wp\/v2\/types\/post"}],"author":[{"embeddable":true,"href":"https:\/\/www.europesays.com\/fr\/wp-json\/wp\/v2\/users\/2"}],"replies":[{"embeddable":true,"href":"https:\/\/www.europesays.com\/fr\/wp-json\/wp\/v2\/comments?post=238321"}],"version-history":[{"count":0,"href":"https:\/\/www.europesays.com\/fr\/wp-json\/wp\/v2\/posts\/238321\/revisions"}],"wp:featuredmedia":[{"embeddable":true,"href":"https:\/\/www.europesays.com\/fr\/wp-json\/wp\/v2\/media\/238322"}],"wp:attachment":[{"href":"https:\/\/www.europesays.com\/fr\/wp-json\/wp\/v2\/media?parent=238321"}],"wp:term":[{"taxonomy":"category","embeddable":true,"href":"https:\/\/www.europesays.com\/fr\/wp-json\/wp\/v2\/categories?post=238321"},{"taxonomy":"post_tag","embeddable":true,"href":"https:\/\/www.europesays.com\/fr\/wp-json\/wp\/v2\/tags?post=238321"}],"curies":[{"name":"wp","href":"https:\/\/api.w.org\/{rel}","templated":true}]}}