{"id":238327,"date":"2025-07-09T19:29:11","date_gmt":"2025-07-09T19:29:11","guid":{"rendered":"https:\/\/www.europesays.com\/fr\/238327\/"},"modified":"2025-07-09T19:29:11","modified_gmt":"2025-07-09T19:29:11","slug":"strasbourg-une-ceremonie-pour-saluer-le-courage-de-policiers","status":"publish","type":"post","link":"https:\/\/www.europesays.com\/fr\/238327\/","title":{"rendered":"Strasbourg. Une c\u00e9r\u00e9monie pour saluer le courage de policiers"},"content":{"rendered":"<p>Un policier strasbourgeois a re\u00e7u la m\u00e9daille d\u2019honneur pour acte de courage et de d\u00e9vouement. Alors qu\u2019il \u00e9tait d\u00e9tach\u00e9 sur la s\u00e9curisation des Jeux paralympiques \u00e0 Paris, le 4\u00a0septembre 2024, il s\u2019est port\u00e9 au secours d\u2019une femme handicap\u00e9e, pi\u00e9g\u00e9e dans l\u2019incendie de sa chambre d\u2019h\u00f4tel dans le XIVe arrondissement. La batterie du fauteuil roulant de la trentenaire avait pris feu avant que les flammes ne gagnent l\u2019ensemble de la pi\u00e8ce. La victime avait \u00e9t\u00e9 transport\u00e9e \u00e0 l\u2019h\u00f4pital avec un pronostic vital engag\u00e9.<\/p>\n<p>  Sollicit\u00e9s lors de violences urbaines<\/p>\n<p>En pr\u00e9sence du directeur interd\u00e9partemental de la police nationale, Jean Hayet, une trentaine de fonctionnaires ont re\u00e7u la m\u00e9daille de la s\u00e9curit\u00e9 int\u00e9rieure. Cette distinction est venue saluer leur action lors de <a href=\"https:\/\/www.dna.fr\/faits-divers-justice\/2023\/06\/30\/les-halles-fermees-ce-vendredi\" target=\"_blank\" rel=\"nofollow noopener\">violences urbaines qui se sont produites au centre de Strasbourg, en juin\u00a02023<\/a>. Ces \u00e9meutes faisaient suite \u00e0 la mort du jeune Nahel, tu\u00e9 lors d\u2019un contr\u00f4le de police \u00e0 Nanterre (Hauts-de-Seine).<\/p>\n<p>Dix-huit fonctionnaires ont, par ailleurs, re\u00e7u la m\u00e9daille d\u2019honneur de la police nationale, \u00e9chelon or ou argent. Une polici\u00e8re en charge des relations avec l\u2019\u00c9ducation nationale a re\u00e7u les palmes acad\u00e9miques. Un policier a re\u00e7u la m\u00e9daille de la jeunesse, des sports et de l\u2019engagement associatif.<\/p>\n","protected":false},"excerpt":{"rendered":"Un policier strasbourgeois a re\u00e7u la m\u00e9daille d\u2019honneur pour acte de courage et de d\u00e9vouement. Alors qu\u2019il \u00e9tait&hellip;\n","protected":false},"author":2,"featured_media":238328,"comment_status":"","ping_status":"","sticky":false,"template":"","format":"standard","meta":{"footnotes":""},"categories":[2820],"tags":[1111,11,2880,1777,674,274,107,1011,27,775,12,25,640,2879],"class_list":{"0":"post-238327","1":"post","2":"type-post","3":"status-publish","4":"format-standard","5":"has-post-thumbnail","7":"category-strasbourg","8":"tag-actu","9":"tag-actualites","10":"tag-edition-strasbourg","11":"tag-eu","12":"tag-europe","13":"tag-faits-divers-justice","14":"tag-fil-info","15":"tag-fr","16":"tag-france","17":"tag-grand-est","18":"tag-news","19":"tag-republique-francaise","20":"tag-strasbourg","21":"tag-strasbourg-ville"},"share_on_mastodon":{"url":"https:\/\/pubeurope.com\/@fr\/114824935386839668","error":""},"_links":{"self":[{"href":"https:\/\/www.europesays.com\/fr\/wp-json\/wp\/v2\/posts\/238327","targetHints":{"allow":["GET"]}}],"collection":[{"href":"https:\/\/www.europesays.com\/fr\/wp-json\/wp\/v2\/posts"}],"about":[{"href":"https:\/\/www.europesays.com\/fr\/wp-json\/wp\/v2\/types\/post"}],"author":[{"embeddable":true,"href":"https:\/\/www.europesays.com\/fr\/wp-json\/wp\/v2\/users\/2"}],"replies":[{"embeddable":true,"href":"https:\/\/www.europesays.com\/fr\/wp-json\/wp\/v2\/comments?post=238327"}],"version-history":[{"count":0,"href":"https:\/\/www.europesays.com\/fr\/wp-json\/wp\/v2\/posts\/238327\/revisions"}],"wp:featuredmedia":[{"embeddable":true,"href":"https:\/\/www.europesays.com\/fr\/wp-json\/wp\/v2\/media\/238328"}],"wp:attachment":[{"href":"https:\/\/www.europesays.com\/fr\/wp-json\/wp\/v2\/media?parent=238327"}],"wp:term":[{"taxonomy":"category","embeddable":true,"href":"https:\/\/www.europesays.com\/fr\/wp-json\/wp\/v2\/categories?post=238327"},{"taxonomy":"post_tag","embeddable":true,"href":"https:\/\/www.europesays.com\/fr\/wp-json\/wp\/v2\/tags?post=238327"}],"curies":[{"name":"wp","href":"https:\/\/api.w.org\/{rel}","templated":true}]}}