{"id":238349,"date":"2025-07-09T19:41:17","date_gmt":"2025-07-09T19:41:17","guid":{"rendered":"https:\/\/www.europesays.com\/fr\/238349\/"},"modified":"2025-07-09T19:41:17","modified_gmt":"2025-07-09T19:41:17","slug":"16-millions-deuros-pour-faire-baisser-la-temperature-dans-les-ecoles","status":"publish","type":"post","link":"https:\/\/www.europesays.com\/fr\/238349\/","title":{"rendered":"16 millions d&rsquo;euros pour faire baisser la temp\u00e9rature dans les \u00e9coles"},"content":{"rendered":"<p>Les seuls \u00e0 lui faire de l\u2019ombre, ce sont les arbres. En visite \u00e0 l\u2019\u00e9cole \u00e9l\u00e9mentaire Abb\u00e9 de l\u2019\u00c9p\u00e9e (5e), <a href=\"https:\/\/www.laprovence.com\/article\/societe\/401710019308614\/inaugurations-travaux-le-point-sur-la-situation-des-ecoles-a-marseille-avec-ladjoint-au-bati-scolaire\" target=\"_blank\" rel=\"nofollow noopener\">l\u2019adjoint (PM) au b\u00e2ti scolaire, Pierre-Marie Ganozzi<\/a>, veut voir la concr\u00e9tisation sur le terrain du <a href=\"https:\/\/www.laprovence.com\/article\/societe\/94630422593706\/plan-canicule-a-marseille-brumisateurs-gratuite-des-piscines-le-dispositif-de-la-ville-pour-lutter-contre-la-chaleur\" target=\"_blank\" rel=\"nofollow noopener\">plan \u00ab\u00a0canicule\u00a0\u00bb<\/a> qu\u2019il a fait voter il y a trois ans en conseil municipal. L\u2019\u00e9lu veut frapper vite et fort, attendu au tournant par des centaines de parents d\u2019\u00e9l\u00e8ves dont certains se sont plaints de la <a href=\"https:\/\/www.laprovence.com\/article\/region\/43037185105125\/canicule-jusqua-35-c-dans-les-salles-de-classes-a-marseille-les-enfants-font-des-malaises\" target=\"_blank\" rel=\"nofollow noopener\">chaleur extr\u00eame qui r\u00e9gnait dans les classes<\/a> durant la derni\u00e8re semaine d\u2019\u00e9cole, au point que plusieurs malaises ont \u00e9t\u00e9 signal\u00e9s \u00e0 l\u2019\u00c9ducation nationale.<\/p>\n<p>L\u2019\u00e9cole Abb\u00e9 de l\u2019\u00c9p\u00e9e, \u00ab\u00a0le nec plus ultra\u00a0\u00bb de la lutte contre les fortes chaleurs<\/p>\n<p>Au menu de la visite, la cour, dans laquelle la temp\u00e9rature au sol pouvait d\u00e9passer les 40\u00a0degr\u00e9s en plein soleil. \u00ab\u00a0Ce ne sera plus le cas\u00a0\u00bb, assure l\u2019\u00e9lu devant deux engins de chantier qui retirent depuis lundi le rev\u00eatement en b\u00e9ton. Ce dernier est remplac\u00e9 par des pav\u00e9s drainants qui laisseront s\u2019\u00e9couler les eaux de pluie vers les arbres plant\u00e9s quelques mois plus t\u00f4t le long des grandes baies vitr\u00e9es de l\u2019\u00e9cole, pour rafra\u00eechir les classes.<\/p>\n","protected":false},"excerpt":{"rendered":"Les seuls \u00e0 lui faire de l\u2019ombre, ce sont les arbres. En visite \u00e0 l\u2019\u00e9cole \u00e9l\u00e9mentaire Abb\u00e9 de&hellip;\n","protected":false},"author":2,"featured_media":238350,"comment_status":"","ping_status":"","sticky":false,"template":"","format":"standard","meta":{"footnotes":""},"categories":[2814],"tags":[17,1111,11,5056,10183,1777,674,4560,1011,27,884,4657,12,471,882,16,25,2648],"class_list":{"0":"post-238349","1":"post","2":"type-post","3":"status-publish","4":"format-standard","5":"has-post-thumbnail","7":"category-marseille","8":"tag-17","9":"tag-actu","10":"tag-actualites","11":"tag-baisser","12":"tag-deuros","13":"tag-eu","14":"tag-europe","15":"tag-faire","16":"tag-fr","17":"tag-france","18":"tag-marseille","19":"tag-millions","20":"tag-news","21":"tag-pour","22":"tag-provence-alpes-cote-dazur","23":"tag-region","24":"tag-republique-francaise","25":"tag-temperature"},"share_on_mastodon":{"url":"https:\/\/pubeurope.com\/@fr\/114824982607294592","error":""},"_links":{"self":[{"href":"https:\/\/www.europesays.com\/fr\/wp-json\/wp\/v2\/posts\/238349","targetHints":{"allow":["GET"]}}],"collection":[{"href":"https:\/\/www.europesays.com\/fr\/wp-json\/wp\/v2\/posts"}],"about":[{"href":"https:\/\/www.europesays.com\/fr\/wp-json\/wp\/v2\/types\/post"}],"author":[{"embeddable":true,"href":"https:\/\/www.europesays.com\/fr\/wp-json\/wp\/v2\/users\/2"}],"replies":[{"embeddable":true,"href":"https:\/\/www.europesays.com\/fr\/wp-json\/wp\/v2\/comments?post=238349"}],"version-history":[{"count":0,"href":"https:\/\/www.europesays.com\/fr\/wp-json\/wp\/v2\/posts\/238349\/revisions"}],"wp:featuredmedia":[{"embeddable":true,"href":"https:\/\/www.europesays.com\/fr\/wp-json\/wp\/v2\/media\/238350"}],"wp:attachment":[{"href":"https:\/\/www.europesays.com\/fr\/wp-json\/wp\/v2\/media?parent=238349"}],"wp:term":[{"taxonomy":"category","embeddable":true,"href":"https:\/\/www.europesays.com\/fr\/wp-json\/wp\/v2\/categories?post=238349"},{"taxonomy":"post_tag","embeddable":true,"href":"https:\/\/www.europesays.com\/fr\/wp-json\/wp\/v2\/tags?post=238349"}],"curies":[{"name":"wp","href":"https:\/\/api.w.org\/{rel}","templated":true}]}}