{"id":238353,"date":"2025-07-09T19:43:12","date_gmt":"2025-07-09T19:43:12","guid":{"rendered":"https:\/\/www.europesays.com\/fr\/238353\/"},"modified":"2025-07-09T19:43:12","modified_gmt":"2025-07-09T19:43:12","slug":"lyon-une-enorme-inondation-surprend-en-pleine-rue-les-pompiers-interviennent-en-urgence","status":"publish","type":"post","link":"https:\/\/www.europesays.com\/fr\/238353\/","title":{"rendered":"Lyon. Une \u00e9norme inondation surprend en pleine rue, les pompiers interviennent en urgence"},"content":{"rendered":"<p>            Par<br \/>\n        <strong><br \/>\n            <a href=\"https:\/\/actu.fr\/auteur\/anthony-soudani\" title=\"Consulter tous les articles de Anthony Soudani\" rel=\"nofollow noopener\" target=\"_blank\">Anthony Soudani<\/a><br \/>\n        <\/strong><\/p>\n<p>        Publi\u00e9 le<\/p>\n<p>            9 juil. 2025 \u00e0 12h39<br \/>\n        ; mis \u00e0 jour le 9 juil. 2025 \u00e0 18h37    <\/p>\n<p>Une grosse inondation a surpris les passants et les automobilistes \u00e0 <a href=\"https:\/\/actu.fr\/lyon\/\" rel=\"nofollow noopener\" target=\"_blank\">Lyon<\/a>, au croisement du cours Albert-Thomas et la rue Villon, ce mercredi 9 juillet. La chauss\u00e9e est sous les eaux. <strong>Les sapeurs-pompiers<\/strong> sont intervenues pour stopper la fuite entre 12h et 14h.\u00a0<\/p>\n<p class=\" wall-content\">La Ville de Lyon fait le point en fin de journ\u00e9e sur les d\u00e9g\u00e2ts et les raisons de cette inondation.<\/p>\n<p>Le cours Albert-Thomas coup\u00e9<\/p>\n<p class=\" wall-content\">La fuite s\u2019est produite au niveau du croisement avec la rue du Professeur Serin, au 77 cours Albert-Thomas, \u00e0 hauteur du gymnase Marcel-D\u2019argent. L\u2019inondation s\u2019est \u00e9tendue jusqu\u2019\u00e0 la station Avia.\u00a0<\/p>\n<p>    <a href=\"https:\/\/www.google.com\/maps\/embed?pb=!1m18!1m12!1m3!1d5568.532857710249!2d4.865944276618561!3d45.745804414605054!2m3!1f0!2f0!3f0!3m2!1i1024!2i768!4f13.1!3m3!1m2!1s0x47f4c1ee1c2b0177%3A0xa4e846e785405d01!2sGymnase%20Dargent!5e0!3m2!1sfr!2sfr!4v1752057387542!5m2!1sfr!2sfr\" title=\"Ouvrie le lien\" rel=\"nofollow noopener\" target=\"_blank\">Cliquez ici pour visualiser le contenu<\/a><\/p>\n<p class=\" wall-content\">Des sous-sols ont \u00e9t\u00e9 inond\u00e9s. Le court Albert-Thomas a \u00e9t\u00e9 coup\u00e9 par les services de police, entre le 3e et le 8e arrondissement.<\/p>\n<p>La Ville de Lyon r\u00e9agit apr\u00e8s la rupture de canalisation<\/p>\n<p>Ce mercredi, une canalisation d\u2019eau a \u00e9t\u00e9 endommag\u00e9e \u00e0 l\u2019angle de la rue du Professeur Paul-Sisley et du cours Albert-Thomas situ\u00e9s \u00e0 la jonction entre le 3e et le 8e arrondissements. Cet incident est survenu alors qu\u2019une entreprise de travaux<br \/>intervenait sur le site du gymnase Dargent. Cette rupture de canalisation a provoqu\u00e9<br \/>une importante inondation affectant le cours Albert-Thomas ainsi que plusieurs rues<br \/>adjacentes.<\/p>\n<p>Les sapeurs-pompiers interviennent avec des moyens renforc\u00e9s, mobilisant notamment des plongeurs pour effectuer des reconnaissances dans les caves et parkings souterrains de deux immeubles \u00e9galement inond\u00e9s. Pr\u00e9sents rapidement sur place, la police nationale et la police municipale ont assur\u00e9 la s\u00e9curisation du secteur et la mise en place d\u2019une d\u00e9viation de la circulation. Des agents de la M\u00e9tropole de Lyon et d\u2019Eau du Grand Lyon sont mobilis\u00e9s pour le pompage et les r\u00e9parations.<\/p>\n<p>Des d\u00e9g\u00e2ts mat\u00e9riels sont \u00e0 d\u00e9plorer. La Ville de Lyon invite les habitantes et habitants<br \/>concern\u00e9s \u00e0 se rapprocher de leur assurance pour engager les d\u00e9marches de d\u00e9claration de sinistre.<\/p>\n<p>Les travaux en cours sur le site Dargent sont destin\u00e9s \u00e0 l\u2019am\u00e9nagement de terrains de sport compl\u00e9mentaires (tennis, baskets, piste d\u2019athl\u00e9tisme, apprentissage du v\u00e9lo).<\/p>\n<p class=\" wall-content\">\n    <img   decoding=\"async\" loading=\"lazy\" src=\"https:\/\/www.europesays.com\/fr\/wp-content\/uploads\/2025\/07\/inondation-pompiers-lyon-960x640.jpg\" alt=\"Les pompiers interviennent pour stopper cette grosse inondation \u00e0 Lyon.\" width=\"960\" height=\"640\"\/><br \/>\n    Les pompiers interviennent pour stopper cette grosse inondation \u00e0 Lyon. (\u00a9Julien Damboise \/ actu Lyon)<br \/>\n    <img   decoding=\"async\" loading=\"lazy\" src=\"https:\/\/www.europesays.com\/fr\/wp-content\/uploads\/2025\/07\/rue-inondee-lyon-960x640.jpg\" alt=\"Une grosse inondation provoque l'intervention des sapeurs-pompiers \u00e0 Lyon, ce mercredi 9 juillet.\" width=\"960\" height=\"640\"\/><br \/>\n    Une grosse inondation provoque l\u2019intervention des sapeurs-pompiers \u00e0 Lyon, ce mercredi 9 juillet. (\u00a9Julien Damboise \/. actu Lyon)<br \/>\n    <img   decoding=\"async\" loading=\"lazy\" src=\"https:\/\/www.europesays.com\/fr\/wp-content\/uploads\/2025\/07\/inondation-lyon-960x640.jpg\" alt=\"Une inondation cours Albert-Thomas, \u00e0 Lyon, provoque l'intervention de la police et des pompiers.\" width=\"960\" height=\"640\"\/><br \/>\n    Une inondation cours Albert-Thomas, \u00e0 Lyon, provoque l\u2019intervention de la police et des pompiers. (\u00a9Julien Damboise \/ actu Lyon)<\/p>\n<p>Les plongeurs interviennent, la fuite r\u00e9par\u00e9e<\/p>\n<p class=\" wall-content\">Une \u00e9quipe de plongeurs des sapeurs-pompiers a \u00e9t\u00e9 d\u00e9p\u00each\u00e9e sur place pour stopper la fuite au niveau du gymnase.<\/p>\n<p>L\u2019origine de la fuite connue<\/p>\n<p class=\" wall-content\">Selon nos informations, le fonctionnement du m\u00e9tro n\u2019a pas \u00e9t\u00e9 impact\u00e9. Deux parkings souterrains d\u2019habitations ont \u00e9t\u00e9 inond\u00e9s.<\/p>\n<p class=\" wall-content\">Au total, 46 pompiers et 17 engins ont \u00e9t\u00e9 mobilis\u00e9s.<\/p>\n<p class=\" wall-content\"><strong>Avec Julien Damboise<\/strong><\/p>\n<p class=\" wall-content\">Suivez toute l\u2019actualit\u00e9 de vos villes et m\u00e9dias favoris en vous inscrivant \u00e0 <a href=\"https:\/\/moncompte.actu.fr\" title=\"D\u00e9couvez Mon Actu\" rel=\"nofollow noopener\" data-trk=\"{&quot;cta&quot;:{&quot;action&quot;:&quot;https:\\\/\\\/moncompte.actu.fr&quot;,&quot;category&quot;:&quot;mon compte&quot;,&quot;from&quot;:&quot;article footer&quot;,&quot;name&quot;:&quot;Mon actu&quot;,&quot;type&quot;:&quot;cta&quot;}}\" target=\"_blank\">Mon Actu<\/a>.<\/p>\n","protected":false},"excerpt":{"rendered":"Par Anthony Soudani Publi\u00e9 le 9 juil. 2025 \u00e0 12h39 ; mis \u00e0 jour le 9 juil. 2025&hellip;\n","protected":false},"author":2,"featured_media":238354,"comment_status":"","ping_status":"","sticky":false,"template":"","format":"standard","meta":{"footnotes":""},"categories":[1889],"tags":[1111,11,2430,3542,1777,674,118,1011,27,2428,12,1311,25],"class_list":{"0":"post-238353","1":"post","2":"type-post","3":"status-publish","4":"format-standard","5":"has-post-thumbnail","7":"category-lyon","8":"tag-actu","9":"tag-actualites","10":"tag-auvergne-rhone-alpes","11":"tag-circulation","12":"tag-eu","13":"tag-europe","14":"tag-faits-divers","15":"tag-fr","16":"tag-france","17":"tag-lyon","18":"tag-news","19":"tag-pompiers","20":"tag-republique-francaise"},"share_on_mastodon":{"url":"https:\/\/pubeurope.com\/@fr\/114824990539187726","error":""},"_links":{"self":[{"href":"https:\/\/www.europesays.com\/fr\/wp-json\/wp\/v2\/posts\/238353","targetHints":{"allow":["GET"]}}],"collection":[{"href":"https:\/\/www.europesays.com\/fr\/wp-json\/wp\/v2\/posts"}],"about":[{"href":"https:\/\/www.europesays.com\/fr\/wp-json\/wp\/v2\/types\/post"}],"author":[{"embeddable":true,"href":"https:\/\/www.europesays.com\/fr\/wp-json\/wp\/v2\/users\/2"}],"replies":[{"embeddable":true,"href":"https:\/\/www.europesays.com\/fr\/wp-json\/wp\/v2\/comments?post=238353"}],"version-history":[{"count":0,"href":"https:\/\/www.europesays.com\/fr\/wp-json\/wp\/v2\/posts\/238353\/revisions"}],"wp:featuredmedia":[{"embeddable":true,"href":"https:\/\/www.europesays.com\/fr\/wp-json\/wp\/v2\/media\/238354"}],"wp:attachment":[{"href":"https:\/\/www.europesays.com\/fr\/wp-json\/wp\/v2\/media?parent=238353"}],"wp:term":[{"taxonomy":"category","embeddable":true,"href":"https:\/\/www.europesays.com\/fr\/wp-json\/wp\/v2\/categories?post=238353"},{"taxonomy":"post_tag","embeddable":true,"href":"https:\/\/www.europesays.com\/fr\/wp-json\/wp\/v2\/tags?post=238353"}],"curies":[{"name":"wp","href":"https:\/\/api.w.org\/{rel}","templated":true}]}}