{"id":238362,"date":"2025-07-09T19:49:11","date_gmt":"2025-07-09T19:49:11","guid":{"rendered":"https:\/\/www.europesays.com\/fr\/238362\/"},"modified":"2025-07-09T19:49:11","modified_gmt":"2025-07-09T19:49:11","slug":"des-oeuvres-du-centre-pompidou-debarquent-pres-de-rouen","status":"publish","type":"post","link":"https:\/\/www.europesays.com\/fr\/238362\/","title":{"rendered":"des \u0153uvres du Centre Pompidou d\u00e9barquent pr\u00e8s de Rouen"},"content":{"rendered":"<p>            Par<br \/>\n        <strong><br \/>\n            <a href=\"https:\/\/actu.fr\/auteur\/aurelien-delavaud\" title=\"Consulter tous les articles de Aur\u00e9lien Delavaud\" target=\"_blank\" rel=\"noopener\">Aur\u00e9lien Delavaud<\/a><br \/>\n        <\/strong><\/p>\n<p>        Publi\u00e9 le<\/p>\n<p>            9 juil. 2025 \u00e0 21h07        <\/p>\n<p>Admirer des grandes <b>\u0153uvres d\u2019art moderne<\/b> habituellement expos\u00e9es au <b>Centre Pompidou<\/b>, \u00e0 <a href=\"https:\/\/actu.fr\/normandie\/elbeuf_76231\" target=\"_blank\" rel=\"noopener\">Elbeuf (Seine-Maritime)<\/a>, ce n\u2019est d\u00e9j\u00e0 pas banal. Qu\u2019elles fassent le trajet dans un <b>camion<\/b> qui se transforme en v\u00e9ritable petit mus\u00e9e, \u00e7a l\u2019est encore moins !<\/p>\n<p class=\" wall-content\">C\u2019est pourtant le concept propos\u00e9 par le <b>Mumo<\/b>, ou <b>mus\u00e9e mobile<\/b>, qui fait escale en ce d\u00e9but de mois de juillet 2025 dans l\u2019agglom\u00e9ration.<\/p>\n<p class=\" wall-content\">Dans un premier temps, ce sont les habitants et les \u00e9coliers de <b>La Londe<\/b> qui ont pu d\u00e9couvrir l\u2019exposition En voyage, imagin\u00e9e par Annalisa Rimmaudo, attach\u00e9e de conservation du <b>Mus\u00e9e national d\u2019art moderne<\/b> qu\u2019est le Centre Pompidou.<\/p>\n<p class=\" wall-content\">Ensuite, c\u2019est \u00e0 Saint-Pierre-l\u00e8s-Elbeuf, sur la place Pierre-Mend\u00e8s-France, qu\u2019elle sera visible, ce jeudi 10 et ce vendredi 11 juillet 2025.<\/p>\n<p>Un camion digne d\u2019un mus\u00e9e<\/p>\n<p class=\" wall-content\">Une fois install\u00e9, le camion du MuMo peut se d\u00e9ployer pour proposer <b>trois espaces<\/b> au public : une salle d\u2019exposition, au c\u0153ur du camion, pour pr\u00e9senter les \u0153uvres issues du grand mus\u00e9e parisien, une loggia qui s\u2019ouvre sur l\u2019ext\u00e9rieur et qui dispose d\u2019une sc\u00e8ne de th\u00e9\u00e2tre et l\u2019alc\u00f4ve, un espace sur\u00e9lev\u00e9 en prolongement de la salle d\u2019exposition, qui peut se transformer en salle de projection.<\/p>\n<p>    <img   decoding=\"async\" loading=\"lazy\" class=\"size-large\" src=\"https:\/\/www.europesays.com\/fr\/wp-content\/uploads\/2025\/07\/c7ee51a5bb6866dee51a5bb68d7fe5v-683x640.jpg\" alt=\"MuMo mus\u00e9e mobile centre Pompidou La Londe\" width=\"683\" height=\"640\"\/><br \/>\n    Le dispositif permet de faire conna\u00eetre des \u0153uvres conserv\u00e9es au Centre Pompidou. \u00a9H=Guillaume BIere Soud\u00e9Vid\u00e9os : en ce moment sur Actu<\/p>\n<p class=\" wall-content\">En tout, une <b>vingtaine d\u2019\u0153uvres<\/b> sorties des collections du Centre Pompidou sont \u00e0 d\u00e9couvrir. Parmi celles-ci, il y a notamment la vid\u00e9o Action little journ\u00e9e de l\u2019artiste fran\u00e7aise Gina Pane, une \u00c9preuve g\u00e9latino-argentique du Br\u00e9silien Alecio de Andrade ou encore Sur un bateau, travers\u00e9e de Toulon \u00e0 Londres, une photographie de Man Ray.<\/p>\n<p class=\" wall-content\">Pour le reste, il faudra \u00eatre un petit peu curieux et se d\u00e9placer soi-m\u00eame sur place pour d\u00e9couvrir l\u2019ensemble de l\u2019exposition En voyage.<\/p>\n<p class=\" wall-content\">\u00c0 noter que le \u00ab dispositif est <b>enti\u00e8rement gratuit<\/b>, notamment les ateliers et les visites, il est adapt\u00e9 pour toutes les tranches d\u2019\u00e2ge et peut accueillir des groupes et aussi les personnes en situation de handicap \u00bb, pr\u00e9cise la R\u00e9union des mus\u00e9es m\u00e9tropolitains, qui soutient la venue du MuMo.<\/p>\n<p>MuMo x Centre Pompidou, place Mend\u00e8s-France \u00e0 Saint-Pierre-l\u00e8s-Elbeuf. Ouvert au public le jeudi 10 juillet de 16 h \u00e0 18 h et le vendredi 11 juillet, de 16 h 30 \u00e0 18h.Pour ceux qui l\u2019auraient loup\u00e9 \u00e0 La Londe ou \u00e0 Saint-Pierre-l\u00e8s-Elbeuf, le MuMo reviendra dans les parages en septembre, \u00e0 Gouy, Saint-Pierre-de-Varengeville, Yville-sur-Seine, Canteleu, Saint-Aubin-\u00c9pinay et Sainte-Marguerite-sur-Duclair.<\/p>\n<p class=\" wall-content\">Suivez toute l\u2019actualit\u00e9 de vos villes et m\u00e9dias favoris en vous inscrivant \u00e0 <a href=\"https:\/\/moncompte.actu.fr\" title=\"D\u00e9couvez Mon Actu\" rel=\"nofollow noopener\" data-trk=\"{&quot;cta&quot;:{&quot;action&quot;:&quot;https:\\\/\\\/moncompte.actu.fr&quot;,&quot;category&quot;:&quot;mon compte&quot;,&quot;from&quot;:&quot;article footer&quot;,&quot;name&quot;:&quot;Mon actu&quot;,&quot;type&quot;:&quot;cta&quot;}}\" target=\"_blank\">Mon Actu<\/a>.<\/p>\n","protected":false},"excerpt":{"rendered":"Par Aur\u00e9lien Delavaud Publi\u00e9 le 9 juil. 2025 \u00e0 21h07 Admirer des grandes \u0153uvres d\u2019art moderne habituellement expos\u00e9es&hellip;\n","protected":false},"author":2,"featured_media":238363,"comment_status":"","ping_status":"","sticky":false,"template":"","format":"standard","meta":{"footnotes":""},"categories":[1888],"tags":[11,4223,1777,674,1011,27,1652,12,626,25],"class_list":{"0":"post-238362","1":"post","2":"type-post","3":"status-publish","4":"format-standard","5":"has-post-thumbnail","7":"category-paris","8":"tag-actualites","9":"tag-centre-pompidou","10":"tag-eu","11":"tag-europe","12":"tag-fr","13":"tag-france","14":"tag-loisirs-culture","15":"tag-news","16":"tag-paris","17":"tag-republique-francaise"},"share_on_mastodon":{"url":"https:\/\/pubeurope.com\/@fr\/114825014174724361","error":""},"_links":{"self":[{"href":"https:\/\/www.europesays.com\/fr\/wp-json\/wp\/v2\/posts\/238362","targetHints":{"allow":["GET"]}}],"collection":[{"href":"https:\/\/www.europesays.com\/fr\/wp-json\/wp\/v2\/posts"}],"about":[{"href":"https:\/\/www.europesays.com\/fr\/wp-json\/wp\/v2\/types\/post"}],"author":[{"embeddable":true,"href":"https:\/\/www.europesays.com\/fr\/wp-json\/wp\/v2\/users\/2"}],"replies":[{"embeddable":true,"href":"https:\/\/www.europesays.com\/fr\/wp-json\/wp\/v2\/comments?post=238362"}],"version-history":[{"count":0,"href":"https:\/\/www.europesays.com\/fr\/wp-json\/wp\/v2\/posts\/238362\/revisions"}],"wp:featuredmedia":[{"embeddable":true,"href":"https:\/\/www.europesays.com\/fr\/wp-json\/wp\/v2\/media\/238363"}],"wp:attachment":[{"href":"https:\/\/www.europesays.com\/fr\/wp-json\/wp\/v2\/media?parent=238362"}],"wp:term":[{"taxonomy":"category","embeddable":true,"href":"https:\/\/www.europesays.com\/fr\/wp-json\/wp\/v2\/categories?post=238362"},{"taxonomy":"post_tag","embeddable":true,"href":"https:\/\/www.europesays.com\/fr\/wp-json\/wp\/v2\/tags?post=238362"}],"curies":[{"name":"wp","href":"https:\/\/api.w.org\/{rel}","templated":true}]}}