{"id":238364,"date":"2025-07-09T19:50:13","date_gmt":"2025-07-09T19:50:13","guid":{"rendered":"https:\/\/www.europesays.com\/fr\/238364\/"},"modified":"2025-07-09T19:50:13","modified_gmt":"2025-07-09T19:50:13","slug":"paris-fc-le-club-annonce-avoir-franchi-la-barre-des-5000-abonnes-premier-objectif-atteint","status":"publish","type":"post","link":"https:\/\/www.europesays.com\/fr\/238364\/","title":{"rendered":"Paris FC : le club annonce avoir franchi la barre des 5000 abonn\u00e9s, premier objectif atteint"},"content":{"rendered":"<p class=\"paragraph text_align_left lp-f-body-02\">Une premi\u00e8re \u00e9tape pour le <a href=\"https:\/\/www.leparisien.fr\/sports\/football\/paris-fc\/\" target=\"_blank\" rel=\"noreferrer nofollow noopener\">Paris FC<\/a>. Le promu en<a href=\"https:\/\/www.leparisien.fr\/sports\/football\/ligue-1\/\" target=\"_blank\" rel=\"noreferrer nofollow noopener\"> Ligue 1<\/a> a franchi ce mercredi 9 juillet le cap des <a href=\"https:\/\/www.leparisien.fr\/sports\/football\/paris-fc\/ambiance-vraiment-familiale-et-affiches-de-gala-ils-racontent-pourquoi-ils-se-sont-abonnes-au-paris-fc-04-07-2025-AK3O7NA73VEOVPKGVLGHI5H7XI.php\" target=\"_blank\" rel=\"noreferrer nofollow noopener\">5000 abonn\u00e9s pour la saison 2025-2026<\/a>. L\u2019objectif qu\u2019il s\u2019\u00e9tait fix\u00e9 et qu\u2019il a d\u00e9j\u00e0 revu \u00e0 la hausse. <\/p>\n<p class=\"paragraph text_align_left lp-f-body-02\">\u00ab Vous \u00eates d\u00e9j\u00e0 5000 \u00e0 avoir pris votre abonnement pour la saison prochaine au Stade Jean Bouin : un immense MERCI \u00e0 tous ! \u00bb, \u00e9crit le PFC sur ses r\u00e9seaux sociaux. C\u2019est en effet dans ce stade, qui compte environ 20 000 places, que se d\u00e9rouleront les rencontres \u00e0 domicile des Parisiens. <\/p>\n<blockquote class=\"twitter-tweet\">\n<p lang=\"fr\" dir=\"ltr\">\u2728 VOUS \u00caTES 5000 \u2728<\/p>\n<p>\ud83c\udfdf\ufe0f Vous \u00eates d\u00e9j\u00e0 5000 \u00e0 avoir pris votre abonnement pour la saison prochaine au Stade Jean Bouin : un immense MERCI \u00e0 tous ! \ud83d\udc99<\/p>\n<p>Une saison comme celle-l\u00e0 ne se regarde pas de loin.<\/p>\n<p>\ud83c\udfab Prenez le Paris, avant qu\u2019il ne soit trop tard.<\/p>\n<p>\ud83d\udd35\u26aa <a href=\"https:\/\/twitter.com\/hashtag\/Certifi%C3%A9Paris?src=hash&amp;ref_src=twsrc%5Etfw\" rel=\"nofollow noopener\" target=\"_blank\">#Certifi\u00e9Paris<\/a><\/p>\n<p>\u2014 Paris FC (@ParisFC) <a href=\"https:\/\/twitter.com\/ParisFC\/status\/1943002758266916956?ref_src=twsrc%5Etfw\" rel=\"nofollow noopener\" target=\"_blank\">July 9, 2025<\/a><\/p><\/blockquote>\n<p class=\"paragraph text_align_left lp-f-body-02\">Lanc\u00e9e \u00e0 la fin du mois de juin, d\u2019abord pour les supporters ultras et pour les habitu\u00e9s du Stade Charl\u00e9ty, puis ouverte au grand public \u00e0 compter du 27 juin, la campagne d\u2019abonnements a rapidement rencontr\u00e9 un vif succ\u00e8s avec <a href=\"https:\/\/www.leparisien.fr\/sports\/football\/ligue-1\/on-a-demarre-tres-fort-pourquoi-la-campagne-dabonnements-du-paris-fc-est-deja-un-succes-02-07-2025-J3QWAULN2NC5VJNBYIOUXR3DXY.php\" target=\"_blank\" rel=\"noreferrer nofollow noopener\">un peu moins de 4500 abonn\u00e9s comptabilis\u00e9s d\u00e8s le 2 juillet<\/a>. <\/p>\n<p class=\"paragraph text_align_left lp-f-body-02\">Les ventes se sont donc poursuivis depuis. En raison de travaux d\u2019am\u00e9nagements dans leur nouvelle enceinte, les abonn\u00e9s devront cependant patienter avant de voir leur \u00e9quipe \u00e0 domicile. Le Paris FC se d\u00e9placera \u00e0 Angers le week-end du 15 ao\u00fbt \u00e0 l\u2019occasion de la premi\u00e8re journ\u00e9e de Ligue 1, puis \u00e0 Marseille, au Stade V\u00e9lodrome, avant de recevoir le FC Metz le dernier week-end d\u2019ao\u00fbt. <\/p>\n<p><script async src=\"https:\/\/platform.twitter.com\/widgets.js\" charset=\"utf-8\"><\/script><\/p>\n","protected":false},"excerpt":{"rendered":"Une premi\u00e8re \u00e9tape pour le Paris FC. Le promu en Ligue 1 a franchi ce mercredi 9 juillet&hellip;\n","protected":false},"author":2,"featured_media":238365,"comment_status":"","ping_status":"","sticky":false,"template":"","format":"standard","meta":{"footnotes":""},"categories":[1888],"tags":[11,1777,674,63,1011,27,12,626,445,25,60],"class_list":{"0":"post-238364","1":"post","2":"type-post","3":"status-publish","4":"format-standard","5":"has-post-thumbnail","7":"category-paris","8":"tag-actualites","9":"tag-eu","10":"tag-europe","11":"tag-football","12":"tag-fr","13":"tag-france","14":"tag-news","15":"tag-paris","16":"tag-paris-fc","17":"tag-republique-francaise","18":"tag-sports"},"share_on_mastodon":{"url":"https:\/\/pubeurope.com\/@fr\/114825017691441492","error":""},"_links":{"self":[{"href":"https:\/\/www.europesays.com\/fr\/wp-json\/wp\/v2\/posts\/238364","targetHints":{"allow":["GET"]}}],"collection":[{"href":"https:\/\/www.europesays.com\/fr\/wp-json\/wp\/v2\/posts"}],"about":[{"href":"https:\/\/www.europesays.com\/fr\/wp-json\/wp\/v2\/types\/post"}],"author":[{"embeddable":true,"href":"https:\/\/www.europesays.com\/fr\/wp-json\/wp\/v2\/users\/2"}],"replies":[{"embeddable":true,"href":"https:\/\/www.europesays.com\/fr\/wp-json\/wp\/v2\/comments?post=238364"}],"version-history":[{"count":0,"href":"https:\/\/www.europesays.com\/fr\/wp-json\/wp\/v2\/posts\/238364\/revisions"}],"wp:featuredmedia":[{"embeddable":true,"href":"https:\/\/www.europesays.com\/fr\/wp-json\/wp\/v2\/media\/238365"}],"wp:attachment":[{"href":"https:\/\/www.europesays.com\/fr\/wp-json\/wp\/v2\/media?parent=238364"}],"wp:term":[{"taxonomy":"category","embeddable":true,"href":"https:\/\/www.europesays.com\/fr\/wp-json\/wp\/v2\/categories?post=238364"},{"taxonomy":"post_tag","embeddable":true,"href":"https:\/\/www.europesays.com\/fr\/wp-json\/wp\/v2\/tags?post=238364"}],"curies":[{"name":"wp","href":"https:\/\/api.w.org\/{rel}","templated":true}]}}