{"id":238368,"date":"2025-07-09T19:52:11","date_gmt":"2025-07-09T19:52:11","guid":{"rendered":"https:\/\/www.europesays.com\/fr\/238368\/"},"modified":"2025-07-09T19:52:11","modified_gmt":"2025-07-09T19:52:11","slug":"impermeable-aux-pressions-de-trump-le-kremlin-bombarde-lukraine-encore-plus-fort","status":"publish","type":"post","link":"https:\/\/www.europesays.com\/fr\/238368\/","title":{"rendered":"Imperm\u00e9able aux pressions de Trump, le Kremlin bombarde l\u2019Ukraine encore plus fort"},"content":{"rendered":"<p><strong>R\u00e9cap&rsquo; &#8211; \u00ab\u00a020 Minutes\u00a0\u00bb fait le point pour vous tous les soirs sur le conflit en Ukraine. Ce mercredi, alors que la diplomatie pi\u00e9tine, la Russie a men\u00e9 la plus grosse attaque a\u00e9rienne depuis\u00a02022<\/strong><\/p>\n<p>Vous avez rat\u00e9 les derniers \u00e9v\u00e9nements sur la <a href=\"https:\/\/www.20minutes.fr\/monde\/ukraine\/?at_medium=RSS%20feed&amp;at_campaign=ynews&amp;utm_source=yahoo&amp;utm_medium=rss&amp;utm_campaign=news_feed&amp;utm_content=in_article_link\" rel=\"nofollow noopener\" target=\"_blank\" data-ylk=\"slk:guerre en Ukraine;elm:context_link;itc:0;sec:content-canvas\" class=\"link \">guerre en Ukraine<\/a>\u00a0? 20 Minutes fait le point pour vous tous les soirs. Voici l\u2019essentiel de ce mercredi 9\u00a0juillet, 1.232e jour du conflit.<\/p>\n<p>Le fait du jour<\/p>\n<p>Toujours plus fort. Kiev affirme que la <a href=\"https:\/\/www.20minutes.fr\/monde\/russie\/?at_medium=RSS%20feed&amp;at_campaign=ynews&amp;utm_source=yahoo&amp;utm_medium=rss&amp;utm_campaign=news_feed&amp;utm_content=in_article_link\" rel=\"nofollow noopener\" target=\"_blank\" data-ylk=\"slk:Russie;elm:context_link;itc:0;sec:content-canvas\" class=\"link \">Russie<\/a> a lanc\u00e9 dans la nuit de mardi \u00e0 mercredi sa plus grande attaque de drones et missiles depuis le d\u00e9but de la guerre. La Russie a tir\u00e9 728 drones et 13 missiles, selon l\u2019arm\u00e9e de l\u2019air ukrainienne, qui a assur\u00e9 en avoir intercept\u00e9 ou d\u00e9truit respectivement 711 et sept. Ces frappes nocturnes ont fait un mort dans la r\u00e9gion de Khmelnytsky (ouest), et huit bless\u00e9s dans celles de Kiev, Soumy (nord-est), Zaporijjia (sud) et \u00e0 Kherson (sud), selon les autorit\u00e9s locales. La pluie de feu s\u2019est poursuivie mercredi matin avec des frappes dans la r\u00e9gion orientale de Donetsk qui ont tu\u00e9 huit civils.<\/p>\n<p>Les Ukrainiens aussi ont men\u00e9 une attaque meurtri\u00e8re. Selon les autorit\u00e9s russes, quatre personnes, dont un enfant de 5 ans, sont mortes dans une offensive de drone qui a touch\u00e9 une plage de la ville de Koursk. Un soldat de la Garde nationale qui tentait de faire \u00e9vacuer la place a aussi perdu la vie.<\/p>\n<p>Selon le minist\u00e8re russe de la D\u00e9fense, 86 drones ukrainiens ont \u00e9t\u00e9 abattus au-dessus du territoire russe au cours de la nuit de mardi \u00e0 mercredi, dont 23 au-dessus de la r\u00e9gion de Koursk.<\/p>\n<p>La d\u00e9claration du jour<\/p>\n<blockquote class=\"caas-blockquote\">\n<p>Nous prenons cela avec calme et comptons poursuivre notre dialogue avec Washington<\/p>\n<\/blockquote>\n<p>Sang-froid et placidit\u00e9. C\u2019est l\u2019option retenue par le tr\u00e8(&#8230;)<\/p>\n<p><a href=\"https:\/\/www.20minutes.fr\/monde\/russie\/4162900-20250709-guerre-ukraine-impermeable-pressions-trump-kremlin-bombarde-ukraine-encore-plus-fort?at_medium=RSS%20feed&amp;at_campaign=ynews&amp;utm_source=yahoo&amp;utm_medium=rss&amp;utm_campaign=news_feed&amp;utm_content=read_more_link&quot;\" rel=\"nofollow noopener\" target=\"_blank\" data-ylk=\"slk:Lire la suite sur 20minutes;elm:context_link;itc:0;sec:content-canvas\" class=\"link \">Lire la suite sur 20minutes<\/a><\/p>\n<p>\u00c0 lire aussi :<br \/><a href=\"https:\/\/www.20minutes.fr\/monde\/etats-unis\/4162741-20250709-donald-trump-candidature-prix-nobel-paix-serieuse?at_medium=RSS%20feed&amp;at_campaign=ynews&amp;utm_source=yahoo&amp;utm_medium=rss&amp;utm_campaign=news_feed&amp;utm_content=related_content_link\" rel=\"nofollow noopener\" target=\"_blank\" data-ylk=\"slk:Donald Trump\u00a0: Est-ce que sa candidature pour le Prix Nobel de la paix est s\u00e9rieuse\u00a0?;elm:context_link;itc:0;sec:content-canvas\" class=\"link \">Donald Trump\u00a0: Est-ce que sa candidature pour le Prix Nobel de la paix est s\u00e9rieuse\u00a0?<\/a><br \/><a href=\"https:\/\/www.20minutes.fr\/monde\/ukraine\/4162666-20250708-guerre-ukraine-donald-trump-promet-nouvelles-livraisons-armes-kiev-prend-vladimir-poutine?at_medium=RSS%20feed&amp;at_campaign=ynews&amp;utm_source=yahoo&amp;utm_medium=rss&amp;utm_campaign=news_feed&amp;utm_content=related_content_link\" rel=\"nofollow noopener\" target=\"_blank\" data-ylk=\"slk:Guerre en Ukraine\u00a0: Donald Trump promet de nouvelles livraisons d\u2019armes \u00e0 Kiev et s\u2019en prend \u00e0 Vladimir Poutine;elm:context_link;itc:0;sec:content-canvas\" class=\"link \">Guerre en Ukraine\u00a0: Donald Trump promet de nouvelles livraisons d\u2019armes \u00e0 Kiev et s\u2019en prend \u00e0 Vladimir Poutine<\/a><\/p>\n","protected":false},"excerpt":{"rendered":"R\u00e9cap&rsquo; &#8211; \u00ab\u00a020 Minutes\u00a0\u00bb fait le point pour vous tous les soirs sur le conflit en Ukraine. Ce&hellip;\n","protected":false},"author":2,"featured_media":238369,"comment_status":"","ping_status":"","sticky":false,"template":"","format":"standard","meta":{"footnotes":""},"categories":[1590],"tags":[642,11,1777,674,37824,2489,12,220],"class_list":{"0":"post-238368","1":"post","2":"type-post","3":"status-publish","4":"format-standard","5":"has-post-thumbnail","7":"category-ukraine","8":"tag-20-minutes","9":"tag-actualites","10":"tag-eu","11":"tag-europe","12":"tag-la-region-orientale","13":"tag-la-russie","14":"tag-news","15":"tag-ukraine"},"share_on_mastodon":{"url":"https:\/\/pubeurope.com\/@fr\/114825025871600334","error":""},"_links":{"self":[{"href":"https:\/\/www.europesays.com\/fr\/wp-json\/wp\/v2\/posts\/238368","targetHints":{"allow":["GET"]}}],"collection":[{"href":"https:\/\/www.europesays.com\/fr\/wp-json\/wp\/v2\/posts"}],"about":[{"href":"https:\/\/www.europesays.com\/fr\/wp-json\/wp\/v2\/types\/post"}],"author":[{"embeddable":true,"href":"https:\/\/www.europesays.com\/fr\/wp-json\/wp\/v2\/users\/2"}],"replies":[{"embeddable":true,"href":"https:\/\/www.europesays.com\/fr\/wp-json\/wp\/v2\/comments?post=238368"}],"version-history":[{"count":0,"href":"https:\/\/www.europesays.com\/fr\/wp-json\/wp\/v2\/posts\/238368\/revisions"}],"wp:featuredmedia":[{"embeddable":true,"href":"https:\/\/www.europesays.com\/fr\/wp-json\/wp\/v2\/media\/238369"}],"wp:attachment":[{"href":"https:\/\/www.europesays.com\/fr\/wp-json\/wp\/v2\/media?parent=238368"}],"wp:term":[{"taxonomy":"category","embeddable":true,"href":"https:\/\/www.europesays.com\/fr\/wp-json\/wp\/v2\/categories?post=238368"},{"taxonomy":"post_tag","embeddable":true,"href":"https:\/\/www.europesays.com\/fr\/wp-json\/wp\/v2\/tags?post=238368"}],"curies":[{"name":"wp","href":"https:\/\/api.w.org\/{rel}","templated":true}]}}