{"id":238374,"date":"2025-07-09T19:55:11","date_gmt":"2025-07-09T19:55:11","guid":{"rendered":"https:\/\/www.europesays.com\/fr\/238374\/"},"modified":"2025-07-09T19:55:11","modified_gmt":"2025-07-09T19:55:11","slug":"lex-chanceliere-recadre-son-parti-sur-sa-politique-migratoire","status":"publish","type":"post","link":"https:\/\/www.europesays.com\/fr\/238374\/","title":{"rendered":"l\u2019ex-chanceli\u00e8re recadre son parti sur sa politique migratoire"},"content":{"rendered":"\n<p>Le 1er\u00a0juillet, dans la cour du ch\u00e2teau de Schwerin, dans le nord de l\u2019Allemagne, <a href=\"https:\/\/www.courrierinternational.com\/sujet\/angela-merkel\" rel=\"nofollow noopener\" target=\"_blank\">Angela Merkel<\/a> s\u2019est exprim\u00e9e avec force lors d\u2019une table ronde <a href=\"https:\/\/www.ostsee-zeitung.de\/lokales\/schwerin\/angela-merkel-im-schweriner-schloss-das-ist-der-schoenste-landtag-in-deutschland-BW5AYJT5QBFVJL6RCQBLOQDBZU.html\" rel=\"nofollow noopener\" target=\"_blank\">organis\u00e9e par le journal local<strong> Ostsee-Zeitung<\/strong><\/a><strong>. <\/strong>Celle qui a dirig\u00e9 la R\u00e9publique f\u00e9d\u00e9rale pendant seize\u00a0ans avant de se retirer de la vie politique ne fait son retour \u201cni au gouvernement, ni \u00e0 la chancellerie, mais bien dans l\u2019opposition\u201d, <a href=\"https:\/\/www.berliner-zeitung.de\/politik-gesellschaft\/merkel-gegen-merz-ploetzlich-ist-die-altkanzlerin-oppositionsfuehrerin-in-ihrer-eigenen-partei-li.2338294?id=a287f999b29e4907962a49d7ebfc88d4\" rel=\"nofollow noopener\" target=\"_blank\">assure la <strong>Berliner Zeitung<\/strong><\/a><strong>,<\/strong> mais elle a pris la parole pour \u00e9voquer la politique d\u2019accueil du pays. Et paradoxalement, ses attaques visent \u201cson propre parti\u201d.<\/p>\n<p>Actuellement au pouvoir en Allemagne, l\u2019Union chr\u00e9tienne-d\u00e9mocrate (CDU) et ses partenaires sociaux-d\u00e9mocrates serrent la vis sur le plan migratoire. \u201cFriedrich Merz, le chancelier, parle d\u00e9sormais de rapatriement, de ma\u00eetrise des fronti\u00e8res, d\u2019en finir avec le rapprochement familial.\u201d Une strat\u00e9gie qui diff\u00e8re grandement de la politique d\u2019accueil mise en place par l\u2019ex-dirigeante allemande, pendant la crise des r\u00e9fugi\u00e9s de\u00a02015. \u201cMerz n\u2019a jamais aim\u00e9 sa ligne, et aujourd\u2019hui il incarne la politique inverse \u2013\u00a0pas seulement en paroles, mais aussi en actes.\u201d<\/p>\n<p>Depuis quelques mois,<strong> <\/strong>\u201cMerz et Merkel se livrent un v\u00e9ritable duel \u00e0 distance\u201d, <a href=\"https:\/\/www.spiegel.de\/politik\/deutschland\/angela-merkel-und-friedrich-merz-im-fernduell-naechste-runde-a-4a4c8bd4-3dc3-4eb2-9eaa-3b97e7c082b0?context=issue\" rel=\"nofollow noopener\" target=\"_blank\">estime l\u2019hebdomadaire centriste <strong>Der Spiegel<\/strong><\/a><strong>. <\/strong>Notamment depuis que Friedrich Merz a accept\u00e9 en d\u00e9but d\u2019ann\u00e9e <a href=\"https:\/\/www.courrierinternational.com\/article\/analyse-en-allemagne-l-entente-cdu-afd-bouleverse-la-vie-politique_227155\" rel=\"nofollow noopener\" target=\"_blank\">de vo<\/a><\/p>\n","protected":false},"excerpt":{"rendered":"Le 1er\u00a0juillet, dans la cour du ch\u00e2teau de Schwerin, dans le nord de l\u2019Allemagne, Angela Merkel s\u2019est exprim\u00e9e&hellip;\n","protected":false},"author":2,"featured_media":238375,"comment_status":"","ping_status":"","sticky":false,"template":"","format":"standard","meta":{"footnotes":""},"categories":[1587],"tags":[11,672,6388,1804,1805,1803,1777,674,4710,1801,1892,19865,12,316,1802],"class_list":{"0":"post-238374","1":"post","2":"type-post","3":"status-publish","4":"format-standard","5":"has-post-thumbnail","7":"category-allemagne","8":"tag-actualites","9":"tag-allemagne","10":"tag-angela-merkel","11":"tag-bundesrepublik-deutschland","12":"tag-de","13":"tag-deutschland","14":"tag-eu","15":"tag-europe","16":"tag-friedrich-merz","17":"tag-germany","18":"tag-gu00e9opolitique","19":"tag-migrants-et-flux-migratoires","20":"tag-news","21":"tag-politique","22":"tag-republique-federale-dallemagne"},"share_on_mastodon":{"url":"https:\/\/pubeurope.com\/@fr\/114825037650360841","error":""},"_links":{"self":[{"href":"https:\/\/www.europesays.com\/fr\/wp-json\/wp\/v2\/posts\/238374","targetHints":{"allow":["GET"]}}],"collection":[{"href":"https:\/\/www.europesays.com\/fr\/wp-json\/wp\/v2\/posts"}],"about":[{"href":"https:\/\/www.europesays.com\/fr\/wp-json\/wp\/v2\/types\/post"}],"author":[{"embeddable":true,"href":"https:\/\/www.europesays.com\/fr\/wp-json\/wp\/v2\/users\/2"}],"replies":[{"embeddable":true,"href":"https:\/\/www.europesays.com\/fr\/wp-json\/wp\/v2\/comments?post=238374"}],"version-history":[{"count":0,"href":"https:\/\/www.europesays.com\/fr\/wp-json\/wp\/v2\/posts\/238374\/revisions"}],"wp:featuredmedia":[{"embeddable":true,"href":"https:\/\/www.europesays.com\/fr\/wp-json\/wp\/v2\/media\/238375"}],"wp:attachment":[{"href":"https:\/\/www.europesays.com\/fr\/wp-json\/wp\/v2\/media?parent=238374"}],"wp:term":[{"taxonomy":"category","embeddable":true,"href":"https:\/\/www.europesays.com\/fr\/wp-json\/wp\/v2\/categories?post=238374"},{"taxonomy":"post_tag","embeddable":true,"href":"https:\/\/www.europesays.com\/fr\/wp-json\/wp\/v2\/tags?post=238374"}],"curies":[{"name":"wp","href":"https:\/\/api.w.org\/{rel}","templated":true}]}}