{"id":238376,"date":"2025-07-09T19:56:11","date_gmt":"2025-07-09T19:56:11","guid":{"rendered":"https:\/\/www.europesays.com\/fr\/238376\/"},"modified":"2025-07-09T19:56:11","modified_gmt":"2025-07-09T19:56:11","slug":"les-jeunes-europeens-croient-ils-en-la-democratie","status":"publish","type":"post","link":"https:\/\/www.europesays.com\/fr\/238376\/","title":{"rendered":"Les jeunes Europ\u00e9ens croient-ils en la d\u00e9mocratie\u00a0?"},"content":{"rendered":"<p><img decoding=\"async\" class=\"c-ad__placeholder__logo\" src=\"https:\/\/static.euronews.com\/website\/images\/logos\/logo-euronews-grey-6-180x22.svg\" width=\"180\" height=\"22\" alt=\"\" loading=\"lazy\"\/>PUBLICIT\u00c9<\/p>\n<p>Bien que 57 % des jeunes Europ\u00e9ens pr\u00e9f\u00e8rent la d\u00e9mocratie \u00e0 toute autre forme de gouvernement, 48 % d&rsquo;entre eux pensent qu&rsquo;elle est en danger dans leur pays, selon une nouvelle enqu\u00eate men\u00e9e par YouGov pour la Fondation TUI.<\/p>\n<p>L&rsquo;\u00e9tude a recueilli les opinions de 6 703 Europ\u00e9ens \u00e2g\u00e9s de 16 \u00e0 26 ans et vivant en Allemagne, en France, en Espagne, en Italie, en Gr\u00e8ce, en Pologne et au Royaume-Uni.<\/p>\n<p>Les r\u00e9sultats r\u00e9v\u00e8lent que le soutien \u00e0 la d\u00e9mocratie est le plus \u00e9lev\u00e9 chez les jeunes Allemands &#8211; 71 % des personnes interrog\u00e9es y sont favorables &#8211; tandis que les Polonais affichent les niveaux de soutien les plus bas, avec 48 % d&rsquo;entre eux qui approuvent ce syst\u00e8me politique.<\/p>\n<p>M\u00eame si la majorit\u00e9 des personnes interrog\u00e9es ont exprim\u00e9 leur soutien \u00e0 la d\u00e9mocratie, 21 % d&rsquo;entre elles ont d\u00e9clar\u00e9 que, dans certaines circonstances, elles pr\u00e9f\u00e9reraient un gouvernement autoritaire \u00e0 un gouvernement d\u00e9mocratique.<\/p>\n<p>Par rapport \u00e0 il y a quatre ans, un nombre croissant de jeunes des pays \u00e9tudi\u00e9s se classent \u00e0 droite du centre, ce chiffre passant de 14 % \u00e0 19 %.<\/p>\n<p>\u00ab\u00a0Parmi les jeunes qui se positionnent politiquement \u00e0 droite du centre et qui se sentent \u00e9conomiquement d\u00e9favoris\u00e9s, le soutien \u00e0 la d\u00e9mocratie tombe \u00e0 un tiers seulement\u00a0\u00bb, a d\u00e9clar\u00e9 le professeur Thorsten Faas de l&rsquo;universit\u00e9 libre de Berlin, qui a collabor\u00e9 \u00e0 l&rsquo;\u00e9tude.<\/p>\n<p>Ces chiffres montrent que la d\u00e9mocratie subit des pressions, tant de l&rsquo;ext\u00e9rieur que de l&rsquo;int\u00e9rieur.<\/p>\n<p>\u00c0 l&rsquo;autre extr\u00e9mit\u00e9 du spectre politique, la proportion de jeunes se classant \u00e0 gauche du centre a \u00e9galement augment\u00e9, en particulier en Allemagne, en France et en Italie.<\/p>\n<p>Que pensent les jeunes de l&rsquo;Europe et de l&rsquo;UE ?<\/p>\n<p>Au total, 51 % des personnes interrog\u00e9es soutiennent l&rsquo;affirmation selon laquelle \u00ab\u00a0l&rsquo;UE est une bonne id\u00e9e, mais elle est tr\u00e8s mal mise en \u0153uvre\u00a0\u00bb, les jeunes Grecs \u00e9tant les plus eurosceptiques \u00e0 cet \u00e9gard, 63 % d&rsquo;entre eux \u00e9tant d&rsquo;accord avec cette affirmation.<\/p>\n<p>En outre, 40 % des personnes interrog\u00e9es ont d\u00e9clar\u00e9 qu&rsquo;elles pensaient que l&rsquo;UE n&rsquo;\u00e9tait pas particuli\u00e8rement d\u00e9mocratique.<\/p>\n<p>En ce qui concerne le champ d&rsquo;action de l&rsquo;UE, 53 % des personnes interrog\u00e9es estiment que l&rsquo;UE consacre trop d&rsquo;efforts \u00e0 des questions insignifiantes et qu&rsquo;elle devrait plut\u00f4t s&rsquo;attaquer \u00e0 des probl\u00e8mes plus importants.<\/p>\n<p>Il s&rsquo;agit notamment de la lutte contre la hausse du co\u00fbt de la vie, du renforcement de la d\u00e9fense contre les menaces ext\u00e9rieures et de la mise en place de meilleures conditions pour les entreprises.<\/p>\n<p>Malgr\u00e9 ce d\u00e9bat sur l&rsquo;efficacit\u00e9 de l&rsquo;UE, les personnes interrog\u00e9es soutiennent massivement l&rsquo;adh\u00e9sion \u00e0 l&rsquo;UE, 66 % d&rsquo;entre elles estimant que l&rsquo;appartenance \u00e0 l&rsquo;Union est une bonne chose. Par ailleurs, 73 % des jeunes Britanniques se sont d\u00e9clar\u00e9s favorables \u00e0 une r\u00e9adh\u00e9sion \u00e0 l&rsquo;UE.<\/p>\n<p>L&rsquo;enqu\u00eate a \u00e9galement r\u00e9v\u00e9l\u00e9 qu&rsquo;avec le temps, les jeunes Europ\u00e9ens deviennent plus critiques \u00e0 l&rsquo;\u00e9gard de l&rsquo;immigration, puisque 38 % d&rsquo;entre eux sont favorables \u00e0 des politiques d&rsquo;immigration plus strictes, contre 26 % en 2021.<\/p>\n","protected":false},"excerpt":{"rendered":"PUBLICIT\u00c9 Bien que 57 % des jeunes Europ\u00e9ens pr\u00e9f\u00e8rent la d\u00e9mocratie \u00e0 toute autre forme de gouvernement, 48&hellip;\n","protected":false},"author":2,"featured_media":238377,"comment_status":"","ping_status":"","sticky":false,"template":"","format":"standard","meta":{"footnotes":""},"categories":[1586],"tags":[11,7756,1777,674,1011,27,4075,12,25,364],"class_list":{"0":"post-238376","1":"post","2":"type-post","3":"status-publish","4":"format-standard","5":"has-post-thumbnail","7":"category-europe","8":"tag-actualites","9":"tag-democratie","10":"tag-eu","11":"tag-europe","12":"tag-fr","13":"tag-france","14":"tag-jeunesse","15":"tag-news","16":"tag-republique-francaise","17":"tag-union-europeenne"},"share_on_mastodon":{"url":"https:\/\/pubeurope.com\/@fr\/114825041725313982","error":""},"_links":{"self":[{"href":"https:\/\/www.europesays.com\/fr\/wp-json\/wp\/v2\/posts\/238376","targetHints":{"allow":["GET"]}}],"collection":[{"href":"https:\/\/www.europesays.com\/fr\/wp-json\/wp\/v2\/posts"}],"about":[{"href":"https:\/\/www.europesays.com\/fr\/wp-json\/wp\/v2\/types\/post"}],"author":[{"embeddable":true,"href":"https:\/\/www.europesays.com\/fr\/wp-json\/wp\/v2\/users\/2"}],"replies":[{"embeddable":true,"href":"https:\/\/www.europesays.com\/fr\/wp-json\/wp\/v2\/comments?post=238376"}],"version-history":[{"count":0,"href":"https:\/\/www.europesays.com\/fr\/wp-json\/wp\/v2\/posts\/238376\/revisions"}],"wp:featuredmedia":[{"embeddable":true,"href":"https:\/\/www.europesays.com\/fr\/wp-json\/wp\/v2\/media\/238377"}],"wp:attachment":[{"href":"https:\/\/www.europesays.com\/fr\/wp-json\/wp\/v2\/media?parent=238376"}],"wp:term":[{"taxonomy":"category","embeddable":true,"href":"https:\/\/www.europesays.com\/fr\/wp-json\/wp\/v2\/categories?post=238376"},{"taxonomy":"post_tag","embeddable":true,"href":"https:\/\/www.europesays.com\/fr\/wp-json\/wp\/v2\/tags?post=238376"}],"curies":[{"name":"wp","href":"https:\/\/api.w.org\/{rel}","templated":true}]}}